{"id":6261,"date":"2015-02-12T19:47:43","date_gmt":"2015-02-13T04:47:43","guid":{"rendered":"http:\/\/porlalibre.info\/?p=6261"},"modified":"2015-02-12T19:47:43","modified_gmt":"2015-02-13T04:47:43","slug":"informara-el-rector-jorge-olvera-sobre-avances-en-su-segundo-ano-de-gestion","status":"publish","type":"post","link":"https:\/\/www.porlalibreedomex.com\/?p=6261","title":{"rendered":"INFORMAR\u00c1 EL RECTOR JORGE OLVERA SOBRE AVANCES EN SU SEGUNDO A\u00d1O DE GESTI\u00d3N"},"content":{"rendered":"<p><strong>\u00a0<\/strong><\/p>\n<ul>\n<li><em>El acto oficial se realizar\u00e1 el 3 de marzo en el Aula Magna \u201cLic. Adolfo L\u00f3pez Mateos\u201d, donde dar\u00e1 cuenta al H. Consejo Universitario sobre las acciones emprendidas en torno a las funciones sustantivas de la UAEM.<\/em><\/li>\n<li><em>Entre las acciones relevantes de las que informar\u00e1 destaca el inicio de actividades de la Unidad Acad\u00e9mica Profesional Acolman, que a partir del Ciclo Escolar 2014-2015 oferta cuatro licenciaturas: Ingeniero en Producci\u00f3n Industrial, Ingeniero Qu\u00edmico, Mercadotecnia, Nutrici\u00f3n.<\/em><\/li>\n<\/ul>\n<p>&nbsp;<\/p>\n<p style=\"text-align: justify;\">El pr\u00f3ximo 3 de marzo, en el Aula Magna \u201cLic. Adolfo L\u00f3pez Mateos\u201d, el rector de la Universidad Aut\u00f3noma del Estado de M\u00e9xico, Jorge Olvera Garc\u00eda, rendir\u00e1 su Segundo Informe de Actividades, ante el pleno del H. Consejo Universitario y con la presencia del jefe del ejecutivo mexiquense, Eruviel \u00c1vila Villegas, as\u00ed como autoridades de las secretar\u00edas de Educaci\u00f3n P\u00fablica estatal y federal.<\/p>\n<p style=\"text-align: justify;\">Al dar cuenta de las actividades realizadas durante el segundo a\u00f1o de la Administraci\u00f3n 2013-2017, Olvera Garc\u00eda dar\u00e1 cumplimiento a los art\u00edculos 24 y 38 de la Ley Universitaria.<\/p>\n<p style=\"text-align: justify;\">Como parte de este ejercicio de rendici\u00f3n de cuentas, al que tambi\u00e9n asisten autoridades de instancias como la Asociaci\u00f3n Nacional de Universidades e Instituciones de Educaci\u00f3n Superior (ANUIES), el rector de la Aut\u00f3noma mexiquense dar\u00e1 a conocer los logros alcanzados en los \u00e1mbitos de la docencia, investigaci\u00f3n, difusi\u00f3n de la cultura, as\u00ed como extensi\u00f3n y vinculaci\u00f3n y cooperaci\u00f3n internacional.<\/p>\n<p style=\"text-align: justify;\">En este evento, al que tambi\u00e9n asisten miembros de la comunidad universitaria en general, rectores y representantes de universidades p\u00fablicas y privadas, nacionales y extranjeras, Jorge Olvera Garc\u00eda informar\u00e1 que la matr\u00edcula de la UAEM, con respecto al ciclo escolar anterior, se increment\u00f3 en m\u00e1s de tres mil 600 alumnos de bachillerato, licenciatura y posgrado.<\/p>\n<p style=\"text-align: justify;\">Informar\u00e1 tambi\u00e9n sobre el inicio de actividades de la Unidad Acad\u00e9mica Profesional Acolman, que a partir del Ciclo Escolar 2014-2015 oferta cuatro licenciaturas: Ingeniero en Producci\u00f3n Industrial, Ingeniero Qu\u00edmico, Mercadotecnia y Nutrici\u00f3n, as\u00ed como el inicio de actividades de la Licenciatura de M\u00e9dico Cirujano en la Unidad Acad\u00e9mica Profesional Chimalhuac\u00e1n.<\/p>\n","protected":false},"excerpt":{"rendered":"<p>\u00a0 El acto oficial se realizar\u00e1 el 3 de marzo en el Aula Magna \u201cLic. Adolfo L\u00f3pez Mateos\u201d, donde dar\u00e1 cuenta al H. Consejo Universitario sobre las acciones emprendidas en torno a las funciones sustantivas de la UAEM. Entre las acciones relevantes de las que informar\u00e1 destaca el inicio de actividades de la Unidad Acad\u00e9mica [&hellip;]<\/p>\n","protected":false},"author":2,"featured_media":0,"comment_status":"open","ping_status":"open","sticky":false,"template":"","format":"standard","meta":{"footnotes":""},"categories":[5,1],"tags":[3910,3911,35,3912],"class_list":{"0":"post-6261","1":"post","2":"type-post","3":"status-publish","4":"format-standard","6":"category-nota-informativa","7":"category-uncategorized","8":"tag-incremento-de-matricula","9":"tag-informe-del-segundo-ano","10":"tag-rector-jorge-olvera-garcia","11":"tag-unidad-academica-acolman"},"wps_subtitle":"","_links":{"self":[{"href":"https:\/\/www.porlalibreedomex.com\/index.php?rest_route=\/wp\/v2\/posts\/6261","targetHints":{"allow":["GET"]}}],"collection":[{"href":"https:\/\/www.porlalibreedomex.com\/index.php?rest_route=\/wp\/v2\/posts"}],"about":[{"href":"https:\/\/www.porlalibreedomex.com\/index.php?rest_route=\/wp\/v2\/types\/post"}],"author":[{"embeddable":true,"href":"https:\/\/www.porlalibreedomex.com\/index.php?rest_route=\/wp\/v2\/users\/2"}],"replies":[{"embeddable":true,"href":"https:\/\/www.porlalibreedomex.com\/index.php?rest_route=%2Fwp%2Fv2%2Fcomments&post=6261"}],"version-history":[{"count":0,"href":"https:\/\/www.porlalibreedomex.com\/index.php?rest_route=\/wp\/v2\/posts\/6261\/revisions"}],"wp:attachment":[{"href":"https:\/\/www.porlalibreedomex.com\/index.php?rest_route=%2Fwp%2Fv2%2Fmedia&parent=6261"}],"wp:term":[{"taxonomy":"category","embeddable":true,"href":"https:\/\/www.porlalibreedomex.com\/index.php?rest_route=%2Fwp%2Fv2%2Fcategories&post=6261"},{"taxonomy":"post_tag","embeddable":true,"href":"https:\/\/www.porlalibreedomex.com\/index.php?rest_route=%2Fwp%2Fv2%2Ftags&post=6261"}],"curies":[{"name":"wp","href":"https:\/\/api.w.org\/{rel}","templated":true}]}}