{"id":62436,"date":"2022-11-16T01:16:16","date_gmt":"2022-11-16T07:16:16","guid":{"rendered":"https:\/\/www.porlalibreedomex.com\/?p=62436"},"modified":"2022-11-17T01:17:23","modified_gmt":"2022-11-17T07:17:23","slug":"reconoce-somegem-trayectoria-y-trabajo-de-fernando-flores-al-frente-del-ayuntamiento-metepec","status":"publish","type":"post","link":"https:\/\/www.porlalibreedomex.com\/?p=62436","title":{"rendered":"RECONOCE SOMEGEM TRAYECTORIA Y TRABAJO DE FERNANDO FLORES AL FRENTE DEL AYUNTAMIENTO METEPEC"},"content":{"rendered":"<p>&nbsp;<\/p>\n<p><strong>Metepec, M\u00e9xico; 16 de noviembre de 2022<\/strong>. En sesi\u00f3n solemne, la Sociedad Mexicana de Geograf\u00eda y Estad\u00edstica del Estado de M\u00e9xico (SOMEGEM), otorg\u00f3 el Pergamino al M\u00e9rito \u00abPresidente Adolfo L\u00f3pez Mateos\u00bb e imposici\u00f3n de Venera de Honor al alcalde de Metepec, Fernando Flores Fern\u00e1ndez, quien estuvo acompa\u00f1ado de la presidenta honoraria del Sistema Municipal DIF, Ira\u00ed Albarr\u00e1n Segura.<\/p>\n<p>La ceremonia que tuvo como sede el auditorio del Museo del Barro, el presidente de la SOMEGEM, Germ\u00e1n Garc\u00eda Salgado, en calidad de representante de la espiritualidad de la instituci\u00f3n de todos los estados del pa\u00eds y que eval\u00faa a la sociedad y aportaci\u00f3n de las y los ciudadanos, de los mexicanos, reconoci\u00f3 la historia de Metepec y subray\u00f3 el actuar, trabajo, dedicaci\u00f3n, compromiso con su pueblo, resultados y sobre todo, la calidad humana de Fernando Flores, quien es ejemplo del ejercicio democr\u00e1tico que debe ser replicado en el mundo; m\u00e9rito de una excelente administraci\u00f3n.<\/p>\n<figure id=\"attachment_62442\" aria-describedby=\"caption-attachment-62442\" style=\"width: 800px\" class=\"wp-caption aligncenter\"><a href=\"https:\/\/www.porlalibreedomex.com\/wp-content\/uploads\/2022\/11\/German-Garcia-Salgado-destaco-programas-de-alto-beneficio-para-la-poblacion-de-Metepec-como-Canasta-Social-Alimentaria-Familias-Felices-Policia-de-Proximidad-Medico-en-tu-Casa.jpg\"><img loading=\"lazy\" decoding=\"async\" class=\"size-large wp-image-62442\" src=\"https:\/\/www.porlalibreedomex.com\/wp-content\/uploads\/2022\/11\/German-Garcia-Salgado-destaco-programas-de-alto-beneficio-para-la-poblacion-de-Metepec-como-Canasta-Social-Alimentaria-Familias-Felices-Policia-de-Proximidad-Medico-en-tu-Casa-1024x682.jpg\" alt=\"\" width=\"800\" height=\"533\" srcset=\"https:\/\/www.porlalibreedomex.com\/wp-content\/uploads\/2022\/11\/German-Garcia-Salgado-destaco-programas-de-alto-beneficio-para-la-poblacion-de-Metepec-como-Canasta-Social-Alimentaria-Familias-Felices-Policia-de-Proximidad-Medico-en-tu-Casa-1024x682.jpg 1024w, https:\/\/www.porlalibreedomex.com\/wp-content\/uploads\/2022\/11\/German-Garcia-Salgado-destaco-programas-de-alto-beneficio-para-la-poblacion-de-Metepec-como-Canasta-Social-Alimentaria-Familias-Felices-Policia-de-Proximidad-Medico-en-tu-Casa-300x200.jpg 300w, https:\/\/www.porlalibreedomex.com\/wp-content\/uploads\/2022\/11\/German-Garcia-Salgado-destaco-programas-de-alto-beneficio-para-la-poblacion-de-Metepec-como-Canasta-Social-Alimentaria-Familias-Felices-Policia-de-Proximidad-Medico-en-tu-Casa-768x512.jpg 768w, https:\/\/www.porlalibreedomex.com\/wp-content\/uploads\/2022\/11\/German-Garcia-Salgado-destaco-programas-de-alto-beneficio-para-la-poblacion-de-Metepec-como-Canasta-Social-Alimentaria-Familias-Felices-Policia-de-Proximidad-Medico-en-tu-Casa.jpg 1280w\" sizes=\"auto, (max-width: 800px) 100vw, 800px\" \/><\/a><figcaption id=\"caption-attachment-62442\" class=\"wp-caption-text\">Germ\u00e1n Garc\u00eda Salgado, Presidente de la Somegem, destac\u00f3 programas de alto beneficio para la poblaci\u00f3n de Metepec, como Canasta Social Alimentaria Familias Felices, Polic\u00eda de Proximidad, M\u00e9dico en tu Casa.<\/figcaption><\/figure>\n<p>\u00abLa SOMEGEM, es una instituci\u00f3n de estudio que enarbola el buen actuar, que en 1924 el gobierno de la Rep\u00fablica, la declar\u00f3 Ilustre y Benem\u00e9rita, donde los m\u00e1s connotados mexicanos han aportado a la vida de M\u00e9xico; entre ellos, Jos\u00e9 Vasconcelos, Benito Ju\u00e1rez, Adolfo L\u00f3pez Mateos, Ru\u00edz Casta\u00f1eda y m\u00e1s de 11 mil personajes de M\u00e9xico que han aportado al crecimiento y desarrollo del pa\u00eds con fraternidad practicando el humanismo\u00bb.<\/p>\n<p>De ese tama\u00f1o es el reconocimiento a Flores Fern\u00e1ndez, por su \u00edntegro y exitoso papel al frente de un ayuntamiento que vislumbra prosperidad para Metepec, acot\u00f3 Germ\u00e1n Garc\u00eda Salgado.<\/p>\n<div id='gallery-1' class='gallery galleryid-62436 gallery-columns-3 gallery-size-large'><figure class='gallery-item'>\n\t\t\t<div class='gallery-icon landscape'>\n\t\t\t\t<a href='https:\/\/www.porlalibreedomex.com\/?attachment_id=62440'><img loading=\"lazy\" decoding=\"async\" width=\"696\" height=\"464\" src=\"https:\/\/www.porlalibreedomex.com\/wp-content\/uploads\/2022\/11\/La-colocacion-de-la-Venera-de-Honor-por-parte-del-Presidente-de-la-SOMEGEM-German-Garcia-Salgado.-1024x682.jpg\" class=\"attachment-large size-large\" alt=\"\" aria-describedby=\"gallery-1-62440\" srcset=\"https:\/\/www.porlalibreedomex.com\/wp-content\/uploads\/2022\/11\/La-colocacion-de-la-Venera-de-Honor-por-parte-del-Presidente-de-la-SOMEGEM-German-Garcia-Salgado.-1024x682.jpg 1024w, https:\/\/www.porlalibreedomex.com\/wp-content\/uploads\/2022\/11\/La-colocacion-de-la-Venera-de-Honor-por-parte-del-Presidente-de-la-SOMEGEM-German-Garcia-Salgado.-300x200.jpg 300w, https:\/\/www.porlalibreedomex.com\/wp-content\/uploads\/2022\/11\/La-colocacion-de-la-Venera-de-Honor-por-parte-del-Presidente-de-la-SOMEGEM-German-Garcia-Salgado.-768x512.jpg 768w, https:\/\/www.porlalibreedomex.com\/wp-content\/uploads\/2022\/11\/La-colocacion-de-la-Venera-de-Honor-por-parte-del-Presidente-de-la-SOMEGEM-German-Garcia-Salgado..jpg 1280w\" sizes=\"auto, (max-width: 696px) 100vw, 696px\" \/><\/a>\n\t\t\t<\/div>\n\t\t\t\t<figcaption class='wp-caption-text gallery-caption' id='gallery-1-62440'>\n\t\t\t\tLa colocaci\u00f3n de la Venera de Honor, por parte del Presidente de la SOMEGEM, Germ\u00e1n Garc\u00eda Salgado.\n\t\t\t\t<\/figcaption><\/figure><figure class='gallery-item'>\n\t\t\t<div class='gallery-icon landscape'>\n\t\t\t\t<a href='https:\/\/www.porlalibreedomex.com\/?attachment_id=62443'><img loading=\"lazy\" decoding=\"async\" width=\"696\" height=\"464\" src=\"https:\/\/www.porlalibreedomex.com\/wp-content\/uploads\/2022\/11\/En-Metepec-el-eje-de-accion-son-los-habitantes-y-no-los-politicos-dijo-Fernando-Flores.-1024x682.jpg\" class=\"attachment-large size-large\" alt=\"\" aria-describedby=\"gallery-1-62443\" srcset=\"https:\/\/www.porlalibreedomex.com\/wp-content\/uploads\/2022\/11\/En-Metepec-el-eje-de-accion-son-los-habitantes-y-no-los-politicos-dijo-Fernando-Flores.-1024x682.jpg 1024w, https:\/\/www.porlalibreedomex.com\/wp-content\/uploads\/2022\/11\/En-Metepec-el-eje-de-accion-son-los-habitantes-y-no-los-politicos-dijo-Fernando-Flores.-300x200.jpg 300w, https:\/\/www.porlalibreedomex.com\/wp-content\/uploads\/2022\/11\/En-Metepec-el-eje-de-accion-son-los-habitantes-y-no-los-politicos-dijo-Fernando-Flores.-768x512.jpg 768w, https:\/\/www.porlalibreedomex.com\/wp-content\/uploads\/2022\/11\/En-Metepec-el-eje-de-accion-son-los-habitantes-y-no-los-politicos-dijo-Fernando-Flores..jpg 1280w\" sizes=\"auto, (max-width: 696px) 100vw, 696px\" \/><\/a>\n\t\t\t<\/div>\n\t\t\t\t<figcaption class='wp-caption-text gallery-caption' id='gallery-1-62443'>\n\t\t\t\tEn Metepec, el eje de acci\u00f3n son los habitantes y no los pol\u00edticos, dijo Fernando Flores.\n\t\t\t\t<\/figcaption><\/figure><figure class='gallery-item'>\n\t\t\t<div class='gallery-icon landscape'>\n\t\t\t\t<a href='https:\/\/www.porlalibreedomex.com\/?attachment_id=62439'><img loading=\"lazy\" decoding=\"async\" width=\"696\" height=\"464\" src=\"https:\/\/www.porlalibreedomex.com\/wp-content\/uploads\/2022\/11\/Fernando-Flores-Alcalde-de-Metepec-muestra-el-Pergamino-al-Merito-Presidente-Adolfo-Lopez-Mateos-que-le-entrego-la-SOMEGEM-1024x682.jpg\" class=\"attachment-large size-large\" alt=\"\" aria-describedby=\"gallery-1-62439\" srcset=\"https:\/\/www.porlalibreedomex.com\/wp-content\/uploads\/2022\/11\/Fernando-Flores-Alcalde-de-Metepec-muestra-el-Pergamino-al-Merito-Presidente-Adolfo-Lopez-Mateos-que-le-entrego-la-SOMEGEM-1024x682.jpg 1024w, https:\/\/www.porlalibreedomex.com\/wp-content\/uploads\/2022\/11\/Fernando-Flores-Alcalde-de-Metepec-muestra-el-Pergamino-al-Merito-Presidente-Adolfo-Lopez-Mateos-que-le-entrego-la-SOMEGEM-300x200.jpg 300w, https:\/\/www.porlalibreedomex.com\/wp-content\/uploads\/2022\/11\/Fernando-Flores-Alcalde-de-Metepec-muestra-el-Pergamino-al-Merito-Presidente-Adolfo-Lopez-Mateos-que-le-entrego-la-SOMEGEM-768x512.jpg 768w, https:\/\/www.porlalibreedomex.com\/wp-content\/uploads\/2022\/11\/Fernando-Flores-Alcalde-de-Metepec-muestra-el-Pergamino-al-Merito-Presidente-Adolfo-Lopez-Mateos-que-le-entrego-la-SOMEGEM.jpg 1280w\" sizes=\"auto, (max-width: 696px) 100vw, 696px\" \/><\/a>\n\t\t\t<\/div>\n\t\t\t\t<figcaption class='wp-caption-text gallery-caption' id='gallery-1-62439'>\n\t\t\t\tFernando Flores, Alcalde de Metepec, muestra el Pergamino al M\u00e9rito Presidente Adolfo L\u00f3pez Mateos, que le entreg\u00f3 la SOMEGEM\n\t\t\t\t<\/figcaption><\/figure>\n\t\t<\/div>\n\n<p>A nombre de los m\u00e1s de 2 mil 400 municipios y 32 estados del pa\u00eds \u00abvenimos a reconocer a Fernando Flores\u00bb.<\/p>\n<p>El distinguido mun\u00edcipe, es considerado por la SOMEGEM, entre los m\u00e1s influyentes empresarios del pa\u00eds, autor de libros y fil\u00e1ntropo, el ramo de tecnolog\u00eda es su estandarte, logros todos que se tradujeron en programas de alto beneficio social para la poblaci\u00f3n metepequense como Canasta Social Alimentaria Familias Felices, Polic\u00eda de Proximidad, M\u00e9dico en tu Casa, por mencionar algunos.<\/p>\n<p>El estandarte que se entrega desde 1868, fue impuesto al mandatario municipal, en medio de una gran ovaci\u00f3n por parte del respetable reunido en el auditorio a su m\u00e1xima capacidad.<\/p>\n<figure id=\"attachment_62438\" aria-describedby=\"caption-attachment-62438\" style=\"width: 800px\" class=\"wp-caption aligncenter\"><a href=\"https:\/\/www.porlalibreedomex.com\/wp-content\/uploads\/2022\/11\/El-Presidente-Municipal-de-Metepec-quien-acudio-con-su-esposa-Irai-Albarran-Segura-a-la-sesion-Solemne-de-la-SOMEGEM.jpg\"><img loading=\"lazy\" decoding=\"async\" class=\"size-large wp-image-62438\" src=\"https:\/\/www.porlalibreedomex.com\/wp-content\/uploads\/2022\/11\/El-Presidente-Municipal-de-Metepec-quien-acudio-con-su-esposa-Irai-Albarran-Segura-a-la-sesion-Solemne-de-la-SOMEGEM-1024x682.jpg\" alt=\"\" width=\"800\" height=\"533\" srcset=\"https:\/\/www.porlalibreedomex.com\/wp-content\/uploads\/2022\/11\/El-Presidente-Municipal-de-Metepec-quien-acudio-con-su-esposa-Irai-Albarran-Segura-a-la-sesion-Solemne-de-la-SOMEGEM-1024x682.jpg 1024w, https:\/\/www.porlalibreedomex.com\/wp-content\/uploads\/2022\/11\/El-Presidente-Municipal-de-Metepec-quien-acudio-con-su-esposa-Irai-Albarran-Segura-a-la-sesion-Solemne-de-la-SOMEGEM-300x200.jpg 300w, https:\/\/www.porlalibreedomex.com\/wp-content\/uploads\/2022\/11\/El-Presidente-Municipal-de-Metepec-quien-acudio-con-su-esposa-Irai-Albarran-Segura-a-la-sesion-Solemne-de-la-SOMEGEM-768x512.jpg 768w, https:\/\/www.porlalibreedomex.com\/wp-content\/uploads\/2022\/11\/El-Presidente-Municipal-de-Metepec-quien-acudio-con-su-esposa-Irai-Albarran-Segura-a-la-sesion-Solemne-de-la-SOMEGEM.jpg 1280w\" sizes=\"auto, (max-width: 800px) 100vw, 800px\" \/><\/a><figcaption id=\"caption-attachment-62438\" class=\"wp-caption-text\">El Presidente Municipal de Metepec, quien acudi\u00f3 con su esposa, Ira\u00ed Albarr\u00e1n Segura, a la sesi\u00f3n Solemne de la SOMEGEM,<\/figcaption><\/figure>\n<p>Una vez tomada y respectiva rendici\u00f3n de protesta al edil como Socio numerario y honorario de la SOMEGEM, as\u00ed como la colocaci\u00f3n de insignias, Fernando Flores Fern\u00e1ndez, subray\u00f3 la trascendencia del hecho como un logro colectivo al trabajo en favor de Metepec que hoy vuelve a brillar y que las ense\u00f1anzas de joven se traducen en resultados tangibles, algo que no pod\u00eda suceder sin el amor que se tiene a este municipio.<\/p>\n<p>\u00abNo s\u00f3lo basta con tener maestr\u00edas y querer hacer las cosas, por primera vez los ciudadanos tomamos las riendas para optimizar recursos y tiempos, una administraci\u00f3n basada en resultados con el eje de acci\u00f3n: las personas y no los pol\u00edticos\u00bb, agreg\u00f3 el edil.<\/p>\n<p>Transformar la vida de los ciudadanos es lo que hemos estado haciendo en este primer a\u00f1o de gobierno y vamos por m\u00e1s, as\u00ed concluy\u00f3 el alcalde galardonado, Fernando Flores Fern\u00e1ndez.<\/p>\n","protected":false},"excerpt":{"rendered":"<p>&nbsp; Metepec, M\u00e9xico; 16 de noviembre de 2022. En sesi\u00f3n solemne, la Sociedad Mexicana de Geograf\u00eda y Estad\u00edstica del Estado de M\u00e9xico (SOMEGEM), otorg\u00f3 el Pergamino al M\u00e9rito \u00abPresidente Adolfo L\u00f3pez Mateos\u00bb e imposici\u00f3n de Venera de Honor al alcalde de Metepec, Fernando Flores Fern\u00e1ndez, quien estuvo acompa\u00f1ado de la presidenta honoraria del Sistema Municipal [&hellip;]<\/p>\n","protected":false},"author":3,"featured_media":62437,"comment_status":"open","ping_status":"open","sticky":false,"template":"","format":"standard","meta":{"footnotes":""},"categories":[16,9145],"tags":[28689,28688,28687,28690],"class_list":{"0":"post-62436","1":"post","2":"type-post","3":"status-publish","4":"format-standard","5":"has-post-thumbnail","7":"category-foto","8":"category-general","9":"tag-pergamino-al-merito-a-fernando-flores","10":"tag-recibe-reconocimiento-fernando-flores","11":"tag-reconocimiento-de-la-somegem-a-metepec","12":"tag-venera-de-honor-somegem"},"wps_subtitle":"* OTORGA PERGAMINO AL ALCALDE FERNANDO FLORES","_links":{"self":[{"href":"https:\/\/www.porlalibreedomex.com\/index.php?rest_route=\/wp\/v2\/posts\/62436","targetHints":{"allow":["GET"]}}],"collection":[{"href":"https:\/\/www.porlalibreedomex.com\/index.php?rest_route=\/wp\/v2\/posts"}],"about":[{"href":"https:\/\/www.porlalibreedomex.com\/index.php?rest_route=\/wp\/v2\/types\/post"}],"author":[{"embeddable":true,"href":"https:\/\/www.porlalibreedomex.com\/index.php?rest_route=\/wp\/v2\/users\/3"}],"replies":[{"embeddable":true,"href":"https:\/\/www.porlalibreedomex.com\/index.php?rest_route=%2Fwp%2Fv2%2Fcomments&post=62436"}],"version-history":[{"count":1,"href":"https:\/\/www.porlalibreedomex.com\/index.php?rest_route=\/wp\/v2\/posts\/62436\/revisions"}],"predecessor-version":[{"id":62444,"href":"https:\/\/www.porlalibreedomex.com\/index.php?rest_route=\/wp\/v2\/posts\/62436\/revisions\/62444"}],"wp:featuredmedia":[{"embeddable":true,"href":"https:\/\/www.porlalibreedomex.com\/index.php?rest_route=\/wp\/v2\/media\/62437"}],"wp:attachment":[{"href":"https:\/\/www.porlalibreedomex.com\/index.php?rest_route=%2Fwp%2Fv2%2Fmedia&parent=62436"}],"wp:term":[{"taxonomy":"category","embeddable":true,"href":"https:\/\/www.porlalibreedomex.com\/index.php?rest_route=%2Fwp%2Fv2%2Fcategories&post=62436"},{"taxonomy":"post_tag","embeddable":true,"href":"https:\/\/www.porlalibreedomex.com\/index.php?rest_route=%2Fwp%2Fv2%2Ftags&post=62436"}],"curies":[{"name":"wp","href":"https:\/\/api.w.org\/{rel}","templated":true}]}}