{"id":61920,"date":"2022-10-19T00:33:33","date_gmt":"2022-10-19T05:33:33","guid":{"rendered":"https:\/\/www.porlalibreedomex.com\/?p=61920"},"modified":"2022-10-21T00:35:28","modified_gmt":"2022-10-21T05:35:28","slug":"apuesta-edomex-por-el-empoderamiento-femenino","status":"publish","type":"post","link":"https:\/\/www.porlalibreedomex.com\/?p=61920","title":{"rendered":"APUESTA EDOM\u00c9X POR EL EMPODERAMIENTO FEMENINO"},"content":{"rendered":"<ul>\n<li><strong>Re\u00fane Expo Mujer Crea, a emprendedoras mexiquenses, quienes ofrecen sus servicios y productos.<\/strong><\/li>\n<li><strong>Acercan, con este evento, diversas capacitaciones y formaciones, adem\u00e1s de darles a conocer el uso de herramientas tecnol\u00f3gicas para hacer crecer sus negocios.<\/strong><\/li>\n<\/ul>\n<p><strong>Metepec, Estado de M\u00e9xico, 19 de octubre de 2022.<\/strong> En el Estado de M\u00e9xico la apuesta por el empoderamiento de las mujeres avanza, afirm\u00f3 el Secretario de Desarrollo Econ\u00f3mico, Pablo Peralta Garc\u00eda, luego de establecer que este sector de la poblaci\u00f3n posee fuerza para su crecimiento personal y profesional con apoyo del Gobierno del Estado de M\u00e9xico.<\/p>\n<p>Al participar en la <em>Expo Mujer Crea,<\/em> organizada por el Instituto Mexiquense del Emprendedor (IME), Peralta Garc\u00eda afirm\u00f3 que el Gobernador Alfredo Del Mazo impulsa y alienta el empoderamiento de las mujeres, como una de sus prioridades y como el eje central de su pol\u00edtica social.<\/p>\n<p>Durante la Expo, emprendedoras de distintos municipios ofrecieron al p\u00fablico servicios y productos para mejorar su econom\u00eda, adem\u00e1s de acceder a capacitaciones para el uso de tecnolog\u00eda y programas que apoyen su crecimiento comercial.<\/p>\n<p><a href=\"https:\/\/www.porlalibreedomex.com\/wp-content\/uploads\/2022\/10\/Expo-Mujer-Crea-organizada-por-el-Instituto-Mexiquense-del-Emprendedor-IME..jpg\"><img loading=\"lazy\" decoding=\"async\" class=\"aligncenter size-full wp-image-61922\" src=\"https:\/\/www.porlalibreedomex.com\/wp-content\/uploads\/2022\/10\/Expo-Mujer-Crea-organizada-por-el-Instituto-Mexiquense-del-Emprendedor-IME..jpg\" alt=\"\" width=\"1024\" height=\"768\" srcset=\"https:\/\/www.porlalibreedomex.com\/wp-content\/uploads\/2022\/10\/Expo-Mujer-Crea-organizada-por-el-Instituto-Mexiquense-del-Emprendedor-IME..jpg 1024w, https:\/\/www.porlalibreedomex.com\/wp-content\/uploads\/2022\/10\/Expo-Mujer-Crea-organizada-por-el-Instituto-Mexiquense-del-Emprendedor-IME.-300x225.jpg 300w, https:\/\/www.porlalibreedomex.com\/wp-content\/uploads\/2022\/10\/Expo-Mujer-Crea-organizada-por-el-Instituto-Mexiquense-del-Emprendedor-IME.-768x576.jpg 768w\" sizes=\"auto, (max-width: 1024px) 100vw, 1024px\" \/><\/a><\/p>\n<p>Al respecto, el titular de la Sedeco, acompa\u00f1ado por la Directora General del IME, Anahy Ram\u00edrez Vilchis, destac\u00f3 que el emprendimiento femenino en el Estado de M\u00e9xico es una realidad y ha aumentado de manera considerable.<\/p>\n<p>Asimismo, asegur\u00f3 que las mujeres son ahora una fuente de inspiraci\u00f3n para cualquiera que busque impulsar ideas y hacer crecer su negocio.<\/p>\n<p>\u201cEn la entidad, existe un compromiso con su crecimiento y desarrollo, por ello se impulsan programas y apoyos que apuntalen su empoderamiento econ\u00f3mico\u201d, destac\u00f3.<\/p>\n<p>Por su parte, Anahy Ram\u00edrez reconoci\u00f3 el trabajo que de manera conjunta se realiza con los integrantes del ecosistema emprendedor para empujar el crecimiento de las mujeres y lograr que permanezcan como un sector de vanguardia, que fomente nuevas unidades econ\u00f3micas, con beneficios directos para las familias mexiquenses.<\/p>\n<p>Indic\u00f3 que emprender significa innovar, abrir mercados, pero tambi\u00e9n tener la conciencia de estar cambiando las reglas del juego.<\/p>\n<p>En Expo Mujer Crea participaron Margarita P\u00e9rez Gayt\u00e1n, Directora General de Pegama Consultores, encargada de toda la difusi\u00f3n de capacitaciones, as\u00ed como Mar\u00eda de los \u00c1ngeles \u00c1vila Arana, representante de la Red de L\u00edderes Emprendedores (Riem) y Adriana Estrada L\u00f3pez, due\u00f1a del emprendimiento Chocopastela.<\/p>\n<p>De acuerdo con datos del Instituto Nacional de Estad\u00edstica y Geograf\u00eda (INEGI), las mujeres son las que m\u00e1s emprenden en M\u00e9xico y m\u00e1s de 2 millones de ellas son las que han decidido materializar su idea de negocio o han tomado el liderazgo de los negocios familiares en el pa\u00eds.<\/p>\n","protected":false},"excerpt":{"rendered":"<p>Re\u00fane Expo Mujer Crea, a emprendedoras mexiquenses, quienes ofrecen sus servicios y productos. Acercan, con este evento, diversas capacitaciones y formaciones, adem\u00e1s de darles a conocer el uso de herramientas tecnol\u00f3gicas para hacer crecer sus negocios. Metepec, Estado de M\u00e9xico, 19 de octubre de 2022. En el Estado de M\u00e9xico la apuesta por el empoderamiento [&hellip;]<\/p>\n","protected":false},"author":3,"featured_media":61921,"comment_status":"open","ping_status":"open","sticky":false,"template":"","format":"standard","meta":{"footnotes":""},"categories":[9146,9157,16],"tags":[18792,28459,28457,22928,28458,15035],"class_list":{"0":"post-61920","1":"post","2":"type-post","3":"status-publish","4":"format-standard","5":"has-post-thumbnail","7":"category-economia","8":"category-edomex","9":"category-foto","10":"tag-anahy-ramirez-vilchis","11":"tag-directora-general-del-ime","12":"tag-expo-mujer-crea","13":"tag-pablo-peralta-garcia","14":"tag-se-empoderan-las-mujeres","15":"tag-secretario-de-desarrollo-economico"},"wps_subtitle":"","_links":{"self":[{"href":"https:\/\/www.porlalibreedomex.com\/index.php?rest_route=\/wp\/v2\/posts\/61920","targetHints":{"allow":["GET"]}}],"collection":[{"href":"https:\/\/www.porlalibreedomex.com\/index.php?rest_route=\/wp\/v2\/posts"}],"about":[{"href":"https:\/\/www.porlalibreedomex.com\/index.php?rest_route=\/wp\/v2\/types\/post"}],"author":[{"embeddable":true,"href":"https:\/\/www.porlalibreedomex.com\/index.php?rest_route=\/wp\/v2\/users\/3"}],"replies":[{"embeddable":true,"href":"https:\/\/www.porlalibreedomex.com\/index.php?rest_route=%2Fwp%2Fv2%2Fcomments&post=61920"}],"version-history":[{"count":1,"href":"https:\/\/www.porlalibreedomex.com\/index.php?rest_route=\/wp\/v2\/posts\/61920\/revisions"}],"predecessor-version":[{"id":61923,"href":"https:\/\/www.porlalibreedomex.com\/index.php?rest_route=\/wp\/v2\/posts\/61920\/revisions\/61923"}],"wp:featuredmedia":[{"embeddable":true,"href":"https:\/\/www.porlalibreedomex.com\/index.php?rest_route=\/wp\/v2\/media\/61921"}],"wp:attachment":[{"href":"https:\/\/www.porlalibreedomex.com\/index.php?rest_route=%2Fwp%2Fv2%2Fmedia&parent=61920"}],"wp:term":[{"taxonomy":"category","embeddable":true,"href":"https:\/\/www.porlalibreedomex.com\/index.php?rest_route=%2Fwp%2Fv2%2Fcategories&post=61920"},{"taxonomy":"post_tag","embeddable":true,"href":"https:\/\/www.porlalibreedomex.com\/index.php?rest_route=%2Fwp%2Fv2%2Ftags&post=61920"}],"curies":[{"name":"wp","href":"https:\/\/api.w.org\/{rel}","templated":true}]}}