{"id":61821,"date":"2022-10-16T00:44:54","date_gmt":"2022-10-16T05:44:54","guid":{"rendered":"https:\/\/www.porlalibreedomex.com\/?p=61821"},"modified":"2022-10-17T00:45:47","modified_gmt":"2022-10-17T05:45:47","slug":"yuritza-medellin-egresada-de-la-uaemex-recibio-la-presea-metepec-en-reconocimiento-a-su-trabajo-literario","status":"publish","type":"post","link":"https:\/\/www.porlalibreedomex.com\/?p=61821","title":{"rendered":"Yuritza Medell\u00edn, egresada de la UAEM\u00e9x, recibi\u00f3 la Presea Metepec, en reconocimiento a su trabajo literario"},"content":{"rendered":"<ul>\n<li><strong>Por medio de su literatura, Medell\u00edn S\u00e1nchez rescata la importancia de defender los derechos de las infancias; aprendi\u00f3 el sistema de lectura y escritura Braille para publicar El h\u00e9roe de la imaginaci\u00f3n, primer libro de la UAEM\u00e9x escrito en este sistema.<\/strong><\/li>\n<li><strong>Las publicaciones de la autora reflejan constantemente el cari\u00f1o que siente por su estado, por la UAEM\u00e9x y su municipio; confiesa ser guiada por el origen de Metepec y por el amor que siente hacia este pueblo.<\/strong><\/li>\n<\/ul>\n<p><strong>??Toluca, M\u00e9xico, 16 de octubre de 2022.<\/strong> Amante de las letras y escritora de literatura infantil y juvenil, Yuritza Medell\u00edn S\u00e1nchez, egresada de la Licenciatura en Letras Latinoamericanas de la Facultad de Humanidades de la Universidad Aut\u00f3noma del Estado de M\u00e9xico (UAEM\u00e9x), fue galardonada con la Presea Metepec, por su labor altruista con las infancias y juventudes a trav\u00e9s de distintos proyectos.<br \/>\nPor medio de su literatura, Medell\u00edn S\u00e1nchez rescata la importancia de defender los derechos de las infancias, a trav\u00e9s de textos dedicados a la educaci\u00f3n sexual integral y la validaci\u00f3n de las emociones, es decir, que sentir miedo y expresar tristeza est\u00e1 bien. A los padres les permitir\u00e1 entender que ense\u00f1ar a callar y no expresar sentimientos es err\u00f3neo. \u201cTenemos esta idea de que el ni\u00f1o o la ni\u00f1a ideal tiene que estar sentado todo el tiempo, port\u00e1ndose bonito, siendo un adulto chiquito\u201d, mencion\u00f3.<br \/>\nSu primera edici\u00f3n por la UAEM\u00e9x fue el cuento El ach\u00fa y sus peligros, con el cual se acerc\u00f3 a la ni\u00f1ez con la intenci\u00f3n de ense\u00f1ar y promover la pasi\u00f3n por la literatura. \u201cCon las infancias se tiene la oportunidad completamente de hacer que se acerquen a la literatura, ya que \u00e9sta es, a final de cuentas, un modo de vivir la existencia\u201d, a\u00f1adi\u00f3.<\/p>\n<figure id=\"attachment_61822\" aria-describedby=\"caption-attachment-61822\" style=\"width: 800px\" class=\"wp-caption aligncenter\"><a href=\"https:\/\/www.porlalibreedomex.com\/wp-content\/uploads\/2022\/10\/Escritora-de-literatura-infantil-y-juvenil-egresada-de-la-UAEMex-Yuritza-Medellin-Sanchez-galardonada-por-Metepec.jpg\"><img loading=\"lazy\" decoding=\"async\" class=\"size-large wp-image-61822\" src=\"https:\/\/www.porlalibreedomex.com\/wp-content\/uploads\/2022\/10\/Escritora-de-literatura-infantil-y-juvenil-egresada-de-la-UAEMex-Yuritza-Medellin-Sanchez-galardonada-por-Metepec-1024x682.jpg\" alt=\"\" width=\"800\" height=\"533\" srcset=\"https:\/\/www.porlalibreedomex.com\/wp-content\/uploads\/2022\/10\/Escritora-de-literatura-infantil-y-juvenil-egresada-de-la-UAEMex-Yuritza-Medellin-Sanchez-galardonada-por-Metepec-1024x682.jpg 1024w, https:\/\/www.porlalibreedomex.com\/wp-content\/uploads\/2022\/10\/Escritora-de-literatura-infantil-y-juvenil-egresada-de-la-UAEMex-Yuritza-Medellin-Sanchez-galardonada-por-Metepec-300x200.jpg 300w, https:\/\/www.porlalibreedomex.com\/wp-content\/uploads\/2022\/10\/Escritora-de-literatura-infantil-y-juvenil-egresada-de-la-UAEMex-Yuritza-Medellin-Sanchez-galardonada-por-Metepec-768x511.jpg 768w, https:\/\/www.porlalibreedomex.com\/wp-content\/uploads\/2022\/10\/Escritora-de-literatura-infantil-y-juvenil-egresada-de-la-UAEMex-Yuritza-Medellin-Sanchez-galardonada-por-Metepec.jpg 1280w\" sizes=\"auto, (max-width: 800px) 100vw, 800px\" \/><\/a><figcaption id=\"caption-attachment-61822\" class=\"wp-caption-text\">Escritora de literatura infantil y juvenil, egresada de la UAEM\u00e9x, Yuritza Medell\u00edn S\u00e1nchez, galardonada por Metepec<\/figcaption><\/figure>\n<p>Como parte de su labor altruista, Medell\u00edn S\u00e1nchez aprendi\u00f3 el sistema de lectura y escritura braille, con apoyo de la Biblioteca Vasconcelos, para darle vida a El h\u00e9roe de la imaginaci\u00f3n, el cual es el primer libro publicado por la UAEM\u00e9x escrito en este sistema. \u201cYo tuve la fortuna de presentar mi primer libro, que fue El ach\u00fa y sus peligros, en Malinalco. Un ni\u00f1o se me acerca y me dice: Oye, es que yo no lo puedo leer. Para m\u00ed fue una cubeta de agua fr\u00eda de una realidad y de una poblaci\u00f3n que no est\u00e1 tan cercana a la literatura\u201d, apunt\u00f3.<br \/>\nSu m\u00e1s reciente novela, La vanidad de las moscas, fue publicada en septiembre de este a\u00f1o y refleja una evoluci\u00f3n en su carrera como escritora. En la realizaci\u00f3n de esta novela se liber\u00f3 del temor y autocensura para centrarse en el misticismo que existe alrededor de la relaci\u00f3n entre Dios y su hijo, Lucifer. Yuritza expone que la muestra de poder m\u00e1s grande que puede dar Dios a la humanidad es el perd\u00f3n a su hijo exiliado, tratando de entender el sentir del \u00e1ngel al ser rechazado por su padre.<br \/>\nLa autora coment\u00f3 que sus publicaciones reflejan constantemente el cari\u00f1o que siente por su estado, por la UAEM\u00e9x y su municipio, pues confiesa ser guiada por el origen de Metepec y por el amor que siente hacia este pueblo que la ha visto crecer para inspirarse y escribir, encontrando en \u00e9l los recursos suficientes para plasmar ideas y crear historias como El Ach\u00fa y sus peligros.<br \/>\n\u201cMi literatura es todo el tiempo una carta de amor hacia mi municipio porque nac\u00ed, crec\u00ed aqu\u00ed, mi familia es originaria de Metepec, y la verdad es que yo me siento una mujer tremendamente de barro\u201d, detall\u00f3.<br \/>\nPor el amor y la labor que Yuritza ha realizado por su municipio, fue galardonada con la Presea Metepec, en la categor\u00eda de Arte y Letras, reconocimiento que la impulsa a seguir con su carrera. Esta presea se suma a una serie de reconocimientos por su trabajo constante como el de Ciudadano del A\u00f1o 2022, por parte de Grupo Salinas, Premio Estatal a la Juventud 2021 y Personalidad mexiquense, por parte del municipio de Zacazonapan.<\/p>\n<p><a href=\"https:\/\/www.porlalibreedomex.com\/wp-content\/uploads\/2022\/10\/Yuritza-se-enorgullece-de-ser-una-autora-mexiquense-que-pone-en-alto-el-nombre-de-la-UAEMex..jpg\"><img loading=\"lazy\" decoding=\"async\" class=\"aligncenter size-large wp-image-61824\" src=\"https:\/\/www.porlalibreedomex.com\/wp-content\/uploads\/2022\/10\/Yuritza-se-enorgullece-de-ser-una-autora-mexiquense-que-pone-en-alto-el-nombre-de-la-UAEMex.-1024x682.jpg\" alt=\"\" width=\"800\" height=\"533\" srcset=\"https:\/\/www.porlalibreedomex.com\/wp-content\/uploads\/2022\/10\/Yuritza-se-enorgullece-de-ser-una-autora-mexiquense-que-pone-en-alto-el-nombre-de-la-UAEMex.-1024x682.jpg 1024w, https:\/\/www.porlalibreedomex.com\/wp-content\/uploads\/2022\/10\/Yuritza-se-enorgullece-de-ser-una-autora-mexiquense-que-pone-en-alto-el-nombre-de-la-UAEMex.-300x200.jpg 300w, https:\/\/www.porlalibreedomex.com\/wp-content\/uploads\/2022\/10\/Yuritza-se-enorgullece-de-ser-una-autora-mexiquense-que-pone-en-alto-el-nombre-de-la-UAEMex.-768x512.jpg 768w, https:\/\/www.porlalibreedomex.com\/wp-content\/uploads\/2022\/10\/Yuritza-se-enorgullece-de-ser-una-autora-mexiquense-que-pone-en-alto-el-nombre-de-la-UAEMex..jpg 1280w\" sizes=\"auto, (max-width: 800px) 100vw, 800px\" \/><\/a><br \/>\nComo mujer dedicada a un espacio donde se comparte la pasi\u00f3n por la escritura, Yuritza se enorgullece de ser una autora mexiquense que pone en alto el nombre de la UAEM\u00e9x, sobre todo, por formar parte del sector femenino que se ha visto invisibilizado a trav\u00e9s de la historia de la literatura, pero que ha ganado relevancia en los \u00faltimos a\u00f1os con trabajos publicados por mujeres dedicadas a las letras.<br \/>\nFinalmente, Yuritza Medell\u00edn aconsej\u00f3 a todas las universitarias que quieran ser escritoras que hay que dejar descansar a los cl\u00e1sicos y comenzar a leer a las literatas contempor\u00e1neas, ser abiertos en cuesti\u00f3n de g\u00e9neros y tomar todas las posibilidades para poder aprender y crear un estilo propio, adem\u00e1s de la gran disciplina que este arte demanda, pues es sus propias palabras, \u201cla publicaci\u00f3n de tu obra es mucho m\u00e1s fruct\u00edfera que todas las desveladas que te pueda causar\u201d.<\/p>\n<p><strong>video<\/strong><br \/>\n<strong>https:\/\/drive.google.com\/file\/d\/1Y-THSaAGY2YDLGtq-_JGOP2yjaILZBU4\/view?usp=sharing<\/strong><\/p>\n","protected":false},"excerpt":{"rendered":"<p>Por medio de su literatura, Medell\u00edn S\u00e1nchez rescata la importancia de defender los derechos de las infancias; aprendi\u00f3 el sistema de lectura y escritura Braille para publicar El h\u00e9roe de la imaginaci\u00f3n, primer libro de la UAEM\u00e9x escrito en este sistema. Las publicaciones de la autora reflejan constantemente el cari\u00f1o que siente por su estado, [&hellip;]<\/p>\n","protected":false},"author":3,"featured_media":61824,"comment_status":"open","ping_status":"open","sticky":false,"template":"","format":"standard","meta":{"footnotes":""},"categories":[23,9148,16],"tags":[28413,17052,28414,28412],"class_list":{"0":"post-61821","1":"post","2":"type-post","3":"status-publish","4":"format-standard","5":"has-post-thumbnail","7":"category-columna","8":"category-educacion","9":"category-foto","10":"tag-el-achu-y-sus-peligros","11":"tag-literatura-infantil-y-juvenil","12":"tag-reconocimiento-metepec-a-egresada-uaemex","13":"tag-yuritza-medellin-sanchez"},"wps_subtitle":"","_links":{"self":[{"href":"https:\/\/www.porlalibreedomex.com\/index.php?rest_route=\/wp\/v2\/posts\/61821","targetHints":{"allow":["GET"]}}],"collection":[{"href":"https:\/\/www.porlalibreedomex.com\/index.php?rest_route=\/wp\/v2\/posts"}],"about":[{"href":"https:\/\/www.porlalibreedomex.com\/index.php?rest_route=\/wp\/v2\/types\/post"}],"author":[{"embeddable":true,"href":"https:\/\/www.porlalibreedomex.com\/index.php?rest_route=\/wp\/v2\/users\/3"}],"replies":[{"embeddable":true,"href":"https:\/\/www.porlalibreedomex.com\/index.php?rest_route=%2Fwp%2Fv2%2Fcomments&post=61821"}],"version-history":[{"count":1,"href":"https:\/\/www.porlalibreedomex.com\/index.php?rest_route=\/wp\/v2\/posts\/61821\/revisions"}],"predecessor-version":[{"id":61825,"href":"https:\/\/www.porlalibreedomex.com\/index.php?rest_route=\/wp\/v2\/posts\/61821\/revisions\/61825"}],"wp:featuredmedia":[{"embeddable":true,"href":"https:\/\/www.porlalibreedomex.com\/index.php?rest_route=\/wp\/v2\/media\/61824"}],"wp:attachment":[{"href":"https:\/\/www.porlalibreedomex.com\/index.php?rest_route=%2Fwp%2Fv2%2Fmedia&parent=61821"}],"wp:term":[{"taxonomy":"category","embeddable":true,"href":"https:\/\/www.porlalibreedomex.com\/index.php?rest_route=%2Fwp%2Fv2%2Fcategories&post=61821"},{"taxonomy":"post_tag","embeddable":true,"href":"https:\/\/www.porlalibreedomex.com\/index.php?rest_route=%2Fwp%2Fv2%2Ftags&post=61821"}],"curies":[{"name":"wp","href":"https:\/\/api.w.org\/{rel}","templated":true}]}}