{"id":61817,"date":"2022-10-15T15:54:26","date_gmt":"2022-10-15T20:54:26","guid":{"rendered":"https:\/\/www.porlalibreedomex.com\/?p=61817"},"modified":"2022-10-16T15:55:05","modified_gmt":"2022-10-16T20:55:05","slug":"estudia-la-uaemex-la-dimension-antropologica-de-las-emociones","status":"publish","type":"post","link":"https:\/\/www.porlalibreedomex.com\/?p=61817","title":{"rendered":"ESTUDIA LA UAEM\u00e9x LA DIMENSI\u00d3N ANTROPOL\u00d3GICA DE LAS EMOCIONES"},"content":{"rendered":"<ul>\n<li><em><strong>El estudio de las emociones es un campo relativamente reciente y prometedor para la antropolog\u00eda.<\/strong><\/em><\/li>\n<\/ul>\n<p><strong>??Toluca, M\u00e9xico, 15 de octubre de 2022.<\/strong> En la Facultad de Antropolog\u00eda de la Universidad Aut\u00f3noma del Estado de M\u00e9xico (UAEM\u00e9x) se fomenta la investigaci\u00f3n de la dimensi\u00f3n cultural de las emociones, lo cual permitir\u00e1 comprender mejor fen\u00f3menos sociales actuales, incluso relacionados con el uso de la tecnolog\u00eda, las redes sociales y las tribus urbanas, entre otras \u00e1reas.<br \/>\nEl estudio de las emociones es bastante nuevo, aun para las ciencias de la salud, que se han interesado m\u00e1s por los estados patol\u00f3gicos, y m\u00e1s para la antropolog\u00eda y otras ciencias sociales, donde se puede afirmar que ha habido \u201cun surgimiento de lo que hoy se denomina el giro afectivo o los estudios emocionales\u201d, seg\u00fan exponen los investigadores de la UAEM\u00e9x, Carlos Alberto Flores Armeaga e Ignacio Medina Alegr\u00eda, en su art\u00edculo \u201cAntropolog\u00eda de las emociones. C\u00f3mo entender la cultura en un mundo cada vez m\u00e1s complejo\u201d, publicado en la revista Universitaria.<br \/>\nLos expertos afirman que los seres humanos estamos constituidos de una infinita red de unidades integradas por aspectos biol\u00f3gicos, psicol\u00f3gicos y culturales que nos conforman y determinan la comprensi\u00f3n que tenemos de la existencia y del mundo. Parte de ello son las emociones, que cumplen funciones adaptativas.<br \/>\nNuestros expertos concluyen que el estudio antropol\u00f3gico de las emociones en la Facultad de Antropolog\u00eda busca cumplir cuatro agendas: \u201c1. La universalidad de las emociones y su implicaci\u00f3n en las unidades socioculturales. 2. El dualismo y relaci\u00f3n entre cognici\u00f3n y emoci\u00f3n. 3. La dimensi\u00f3n social y cultural de lo emocional. 4. La descripci\u00f3n etnogr\u00e1fica de los factores biosociales y experienciales de los sujetos y sus comunidades, integrando lo emocional como un elemento constituyente de la cultura.\u201d<br \/>\nLee Universitaria (revistauniversitaria.uaemex.mx) y revisa esta propuesta (https:\/\/revistauniversitaria.uaemex.mx\/article\/view\/19519\/14473).<\/p>\n","protected":false},"excerpt":{"rendered":"<p>El estudio de las emociones es un campo relativamente reciente y prometedor para la antropolog\u00eda. ??Toluca, M\u00e9xico, 15 de octubre de 2022. En la Facultad de Antropolog\u00eda de la Universidad Aut\u00f3noma del Estado de M\u00e9xico (UAEM\u00e9x) se fomenta la investigaci\u00f3n de la dimensi\u00f3n cultural de las emociones, lo cual permitir\u00e1 comprender mejor fen\u00f3menos sociales actuales, [&hellip;]<\/p>\n","protected":false},"author":3,"featured_media":61818,"comment_status":"open","ping_status":"open","sticky":false,"template":"","format":"standard","meta":{"footnotes":""},"categories":[9148,16],"tags":[28409,28410,2459,26606,28411],"class_list":{"0":"post-61817","1":"post","2":"type-post","3":"status-publish","4":"format-standard","5":"has-post-thumbnail","7":"category-educacion","8":"category-foto","9":"tag-carlos-alberto-flores-armeaga","10":"tag-dimension-antropoligica-de-las-emociones","11":"tag-ignacio-medina-alegria","12":"tag-investigadores-de-la-uaemex","13":"tag-revistauniversitaria-uaemex-mx"},"wps_subtitle":"","_links":{"self":[{"href":"https:\/\/www.porlalibreedomex.com\/index.php?rest_route=\/wp\/v2\/posts\/61817","targetHints":{"allow":["GET"]}}],"collection":[{"href":"https:\/\/www.porlalibreedomex.com\/index.php?rest_route=\/wp\/v2\/posts"}],"about":[{"href":"https:\/\/www.porlalibreedomex.com\/index.php?rest_route=\/wp\/v2\/types\/post"}],"author":[{"embeddable":true,"href":"https:\/\/www.porlalibreedomex.com\/index.php?rest_route=\/wp\/v2\/users\/3"}],"replies":[{"embeddable":true,"href":"https:\/\/www.porlalibreedomex.com\/index.php?rest_route=%2Fwp%2Fv2%2Fcomments&post=61817"}],"version-history":[{"count":1,"href":"https:\/\/www.porlalibreedomex.com\/index.php?rest_route=\/wp\/v2\/posts\/61817\/revisions"}],"predecessor-version":[{"id":61819,"href":"https:\/\/www.porlalibreedomex.com\/index.php?rest_route=\/wp\/v2\/posts\/61817\/revisions\/61819"}],"wp:featuredmedia":[{"embeddable":true,"href":"https:\/\/www.porlalibreedomex.com\/index.php?rest_route=\/wp\/v2\/media\/61818"}],"wp:attachment":[{"href":"https:\/\/www.porlalibreedomex.com\/index.php?rest_route=%2Fwp%2Fv2%2Fmedia&parent=61817"}],"wp:term":[{"taxonomy":"category","embeddable":true,"href":"https:\/\/www.porlalibreedomex.com\/index.php?rest_route=%2Fwp%2Fv2%2Fcategories&post=61817"},{"taxonomy":"post_tag","embeddable":true,"href":"https:\/\/www.porlalibreedomex.com\/index.php?rest_route=%2Fwp%2Fv2%2Ftags&post=61817"}],"curies":[{"name":"wp","href":"https:\/\/api.w.org\/{rel}","templated":true}]}}