{"id":61797,"date":"2022-10-14T00:44:15","date_gmt":"2022-10-14T05:44:15","guid":{"rendered":"https:\/\/www.porlalibreedomex.com\/?p=61797"},"modified":"2022-10-15T01:02:51","modified_gmt":"2022-10-15T06:02:51","slug":"arte-con-inclusion-propuesta-de-la-uaemex-para-vivir-el-arte-mas-alla-de-lo-visual","status":"publish","type":"post","link":"https:\/\/www.porlalibreedomex.com\/?p=61797","title":{"rendered":"\u201cArte con Inclusi\u00f3n\u201d, propuesta de la UAEM\u00e9x para vivir el arte m\u00e1s all\u00e1 de lo visual\u00a0"},"content":{"rendered":"<p align=\"center\"><b><span lang=\"ES-MX\">\u00a0<\/span><\/b><span lang=\"ES-MX\"><u><\/u>\u00a0<u><\/u><\/span><\/p>\n<p><span lang=\"ES-MX\">\u25cf<\/span><span lang=\"ES-MX\">\u00a0 \u00a0 \u00a0<strong>\u00a0<\/strong><\/span><strong><i><span lang=\"ES-MX\">La pinacoteca de la UAEM\u00e9x impulsa los recorridos multisensoriales \u201cArte con inclusi\u00f3n\u201d, para que las personas con ceguera tengan la oportunidad de conocer las obras y su historia.<\/span><\/i><span lang=\"ES-MX\"><u><\/u>\u00a0<u><\/u><\/span><\/strong><\/p>\n<p><strong><span lang=\"ES-MX\">\u25cf<\/span><span lang=\"ES-MX\">\u00a0 \u00a0 \u00a0\u00a0<\/span><i><span lang=\"ES-MX\">Los participantes del primer recorrido expresaron la alegr\u00eda de ser tomados en cuenta y poder vivir el arte.<\/span><\/i><\/strong><span lang=\"ES-MX\"><strong><u><\/u>\u00a0<\/strong><u><\/u><\/span><\/p>\n<p><b><span lang=\"ES-MX\">\u00a0<\/span><\/b><span lang=\"ES-MX\"><u><\/u>\u00a0<u><\/u><\/span><\/p>\n<p><b><span lang=\"ES-MX\">Toluca, M\u00e9xico, 14 de octubre de 2022. <\/span><\/b><span lang=\"ES-MX\">Vivir el arte m\u00e1s all\u00e1 de lo visual es el prop\u00f3sito de los recorridos de \u201cArte con inclusi\u00f3n\u201d de la Pinacoteca Universitaria \u201cLos Autonomistas\u201d de la Universidad Aut\u00f3noma del Estado de M\u00e9xico (UAEM\u00e9x), ubicada en el Edificio Hist\u00f3rico de Rector\u00eda, mediante los cuales personas con discapacidad visual tienen acceso a escuchar y tocar diversos elementos presentes en las obras de arte del recinto cultural.<\/span><span lang=\"ES-MX\"><u><\/u>\u00a0<u><\/u><\/span><\/p>\n<p><span lang=\"ES-MX\">Mediante relieves\u00a0<\/span><span lang=\"ES-MX\">las personas invidentes pueden sentir<\/span><span lang=\"ES-MX\">\u00a0el contorno de figuras como\u00a0<\/span><span lang=\"ES-MX\">personajes, estambres, plumas, la piel de una serpiente, uvas y pan, as\u00ed como escuchar audios y m\u00fasica. Adem\u00e1s, tienen la posibilidad de imaginar algunos cuadros de la pinacoteca como el de \u201cDo\u00f1a Rosal\u00eda Mart\u00edn del Campo\u201d, del autor Pelegr\u00edn Clav\u00e9; la pintura de gran formato \u201cCort\u00e9s y Moctezuma\u201d, de Isidro Mart\u00ednez, as\u00ed como los \u00f3leos \u201cMois\u00e9s y las serpientes\u201d y \u201cLa adoraci\u00f3n del becerro de oro\u201d, de Anacleto Escutia.<\/span><span lang=\"ES-MX\"><u><\/u>\u00a0<u><\/u><\/span><\/p>\n<p><a href=\"https:\/\/www.porlalibreedomex.com\/wp-content\/uploads\/2022\/10\/comun-468-foto-1-scaled.jpeg\"><img loading=\"lazy\" decoding=\"async\" class=\"aligncenter size-full wp-image-61798\" src=\"https:\/\/www.porlalibreedomex.com\/wp-content\/uploads\/2022\/10\/comun-468-foto-1-scaled.jpeg\" alt=\"\" width=\"2560\" height=\"1707\" srcset=\"https:\/\/www.porlalibreedomex.com\/wp-content\/uploads\/2022\/10\/comun-468-foto-1-scaled.jpeg 2560w, https:\/\/www.porlalibreedomex.com\/wp-content\/uploads\/2022\/10\/comun-468-foto-1-300x200.jpeg 300w\" sizes=\"auto, (max-width: 2560px) 100vw, 2560px\" \/><\/a><\/p>\n<p><span lang=\"ES-MX\">Con la participaci\u00f3n del Museo de Historia Natural de la UAEM\u00e9x, que aport\u00f3 materiales para el tacto, y la Fundaci\u00f3n \u201cVemos con el coraz\u00f3n\u201d, encargada de hacer la traducci\u00f3n al Braille para las c\u00e9dulas que contienen la descripci\u00f3n de las pinturas, el primer recorrido se realiz\u00f3 para un grupo de personas invidentes perteneciente a la Fundaci\u00f3n, quienes vivieron la primera experiencia multisensorial.<\/span><span lang=\"ES-MX\"><u><\/u>\u00a0<u><\/u><\/span><\/p>\n<p><span lang=\"ES-MX\">Al asistir como participante del recorrido, Mar\u00eda del Carmen S\u00e1nchez Mart\u00ednez<\/span><b>\u00a0<\/b>asegur\u00f3 que fue una vivencia muy grata. \u201cMe di cuenta que no solo se puede ver con los ojos, sino que nuestra imaginaci\u00f3n es un mundo totalmente diferente al de la vista, en el cual nosotros podemos aprender y disfrutar de aquello que suponemos como perdido\u201d.<span lang=\"ES-MX\"><u><\/u>\u00a0<u><\/u><\/span><\/p>\n<p><span lang=\"ES-MX\">Indic\u00f3 que la orientaci\u00f3n de las personas que auxilian durante la exposici\u00f3n es de suma importancia porque la experiencia no se limita en tocar los relieves, sino que el conocimiento de la obra se alcanza al escuchar la descripci\u00f3n de los cuadros. Consider\u00f3 que se aprende mucho, por lo que recomend\u00f3 que esta actividad se lleve a cabo en las escuelas para ni\u00f1os con ceguera.<\/span><span lang=\"ES-MX\"><u><\/u>\u00a0<u><\/u><\/span><\/p>\n<p><a href=\"https:\/\/www.porlalibreedomex.com\/wp-content\/uploads\/2022\/10\/comun-468-foto-4.jpeg\"><img loading=\"lazy\" decoding=\"async\" class=\"aligncenter size-large wp-image-61801\" src=\"https:\/\/www.porlalibreedomex.com\/wp-content\/uploads\/2022\/10\/comun-468-foto-4-1024x682.jpeg\" alt=\"\" width=\"800\" height=\"533\" srcset=\"https:\/\/www.porlalibreedomex.com\/wp-content\/uploads\/2022\/10\/comun-468-foto-4-1024x682.jpeg 1024w, https:\/\/www.porlalibreedomex.com\/wp-content\/uploads\/2022\/10\/comun-468-foto-4-300x200.jpeg 300w, https:\/\/www.porlalibreedomex.com\/wp-content\/uploads\/2022\/10\/comun-468-foto-4-768x512.jpeg 768w, https:\/\/www.porlalibreedomex.com\/wp-content\/uploads\/2022\/10\/comun-468-foto-4-1536x1023.jpeg 1536w, https:\/\/www.porlalibreedomex.com\/wp-content\/uploads\/2022\/10\/comun-468-foto-4.jpeg 1600w\" sizes=\"auto, (max-width: 800px) 100vw, 800px\" \/><\/a><\/p>\n<p><span lang=\"ES-MX\">\u00a0<\/span>Otro de los asistentes al recorrido, Israel Campos Uribe<b>,\u00a0<\/b>se mostr\u00f3 contento al ser la primera vez que visitaba una exposici\u00f3n de este tipo. \u201cEs muy interesante. Te transporta m\u00e1s a la pintura, te adentras a la historia y el significado de la pintura y empiezas a sentir esa emoci\u00f3n que reflejan los personajes que est\u00e1n ah\u00ed pintados\u201d.<span lang=\"ES-MX\"><u><\/u>\u00a0<u><\/u><\/span><\/p>\n<p><span lang=\"ES-MX\">Por su parte, Ana Karen Gonz\u00e1lez Gardu\u00f1o expres\u00f3 la alegr\u00eda de ser incluidas en las exposiciones, pues se da cuenta que se sigue avanzando en el tema de accesibilidad, lo cual permite que\u00a0las posibilidades para este sector de la poblaci\u00f3n se multipliquen.<\/span><span lang=\"ES-MX\"><u><\/u>\u00a0<u><\/u><\/span><\/p>\n<p><span lang=\"ES-MX\">\u00a0<\/span>\u201cTuvimos la experiencia de vivirlo desde diferentes puntos, como tocar, escuchar, sentir e incluso, imaginar\u201d, destac\u00f3 Ana Karen, quien detall\u00f3 que este ejercicio tiene potencial no solo de incluir a las personas invidentes, sino con otro tipo de discapacidades y pueda convertirse en un espacio diferente que haga presente a las personas con toda su humanidad, incluidos sus sentidos.<span lang=\"ES-MX\"><u><\/u>\u00a0<u><\/u><\/span><\/p>\n<p><span lang=\"ES-MX\">Cabe destacar que cada cuadro tiene un c\u00f3digo QR que permite escuchar su descripci\u00f3n. La programaci\u00f3n de estos recorridos dedicados a personas con discapacidad visual se puede realizar a trav\u00e9s de la direcci\u00f3n de correo electr\u00f3nico\u00a0<a href=\"mailto:pcu.visitasguiadas@gmail.com\" target=\"_blank\" rel=\"noopener\">pcu.visitasguiadas@gmail.com<\/a>.<\/span><span lang=\"ES-MX\"><u><\/u>\u00a0<\/span><\/p>\n<p>Enlace Video:<\/p>\n<p>https:\/\/drive.google.com\/file\/d\/1w4FbmuIKCxzX1Il78Rt8AA81YzbGv-J2\/view?usp=sharing<\/p>\n<p>&nbsp;<\/p>\n<p>&nbsp;<\/p>\n","protected":false},"excerpt":{"rendered":"<p>\u00a0\u00a0 \u25cf\u00a0 \u00a0 \u00a0\u00a0La pinacoteca de la UAEM\u00e9x impulsa los recorridos multisensoriales \u201cArte con inclusi\u00f3n\u201d, para que las personas con ceguera tengan la oportunidad de conocer las obras y su historia.\u00a0 \u25cf\u00a0 \u00a0 \u00a0\u00a0Los participantes del primer recorrido expresaron la alegr\u00eda de ser tomados en cuenta y poder vivir el arte.\u00a0 \u00a0\u00a0 Toluca, M\u00e9xico, 14 [&hellip;]<\/p>\n","protected":false},"author":3,"featured_media":61800,"comment_status":"open","ping_status":"open","sticky":false,"template":"","format":"standard","meta":{"footnotes":""},"categories":[9873,9157,16],"tags":[16009,28406,28405,28404],"class_list":{"0":"post-61797","1":"post","2":"type-post","3":"status-publish","4":"format-standard","5":"has-post-thumbnail","7":"category-cultura","8":"category-edomex","9":"category-foto","10":"tag-arte-con-inclusion","11":"tag-arte-para-invidentes","12":"tag-recorridos-por-la-pinacoteca-uaemex","13":"tag-visitas-guiadas-en-pinacoteca-uaemex"},"wps_subtitle":"","_links":{"self":[{"href":"https:\/\/www.porlalibreedomex.com\/index.php?rest_route=\/wp\/v2\/posts\/61797","targetHints":{"allow":["GET"]}}],"collection":[{"href":"https:\/\/www.porlalibreedomex.com\/index.php?rest_route=\/wp\/v2\/posts"}],"about":[{"href":"https:\/\/www.porlalibreedomex.com\/index.php?rest_route=\/wp\/v2\/types\/post"}],"author":[{"embeddable":true,"href":"https:\/\/www.porlalibreedomex.com\/index.php?rest_route=\/wp\/v2\/users\/3"}],"replies":[{"embeddable":true,"href":"https:\/\/www.porlalibreedomex.com\/index.php?rest_route=%2Fwp%2Fv2%2Fcomments&post=61797"}],"version-history":[{"count":3,"href":"https:\/\/www.porlalibreedomex.com\/index.php?rest_route=\/wp\/v2\/posts\/61797\/revisions"}],"predecessor-version":[{"id":61805,"href":"https:\/\/www.porlalibreedomex.com\/index.php?rest_route=\/wp\/v2\/posts\/61797\/revisions\/61805"}],"wp:featuredmedia":[{"embeddable":true,"href":"https:\/\/www.porlalibreedomex.com\/index.php?rest_route=\/wp\/v2\/media\/61800"}],"wp:attachment":[{"href":"https:\/\/www.porlalibreedomex.com\/index.php?rest_route=%2Fwp%2Fv2%2Fmedia&parent=61797"}],"wp:term":[{"taxonomy":"category","embeddable":true,"href":"https:\/\/www.porlalibreedomex.com\/index.php?rest_route=%2Fwp%2Fv2%2Fcategories&post=61797"},{"taxonomy":"post_tag","embeddable":true,"href":"https:\/\/www.porlalibreedomex.com\/index.php?rest_route=%2Fwp%2Fv2%2Ftags&post=61797"}],"curies":[{"name":"wp","href":"https:\/\/api.w.org\/{rel}","templated":true}]}}