{"id":61794,"date":"2022-10-13T00:14:03","date_gmt":"2022-10-13T05:14:03","guid":{"rendered":"https:\/\/www.porlalibreedomex.com\/?p=61794"},"modified":"2022-10-15T00:14:40","modified_gmt":"2022-10-15T05:14:40","slug":"maullidos-urbanos-es-necesaria-una-aerolinea-militar-que-anuncio-amlo","status":"publish","type":"post","link":"https:\/\/www.porlalibreedomex.com\/?p=61794","title":{"rendered":"Maullidos Urbanos \/ \u00bfEs necesaria una aerol\u00ednea militar que anunci\u00f3 AMLO?"},"content":{"rendered":"<p>&nbsp;<\/p>\n<p><strong>Gato de Barrio \/<\/strong><\/p>\n<p align=\"right\"><strong><a href=\"mailto:gatodebarrio@yahoo.com.mx\" target=\"_blank\" rel=\"nofollow noopener\"><i>gatodebarrio@yahoo.com.mx \/<\/i><\/a><i><\/i><\/strong><\/p>\n<p><strong>D<\/strong>ebido a que actualmente el marco legal vigente no permite que las fuerzas armadas puedan contar con una aerol\u00ednea o ser concesionario de un aeropuerto, el diputado de Morena Omar Enrique Garc\u00eda Casta\u00f1eda present\u00f3 una iniciativa para superar ese obst\u00e1culo mediante una serie de reformas a las leyes de Aviaci\u00f3n Civil y\u00a0 Aeropuertos.<\/p>\n<p>Concretamente se propone modificar el texto para permitir que aeronaves militares puedan prestar el servicio de transporte de pasajeros, informaci\u00f3n difundida originalmente gracias a los hackeos del grupo Guacamaya y, posteriormente, confirmada por el mismo presidente Andr\u00e9s Manuel L\u00f3pez Obrador.<\/p>\n<p>De acuerdo con lo expresado por el mandatario mexicano, esa aerol\u00ednea militar se conformar\u00eda con diez aeronaves rentadas donde probablemente se incluir\u00eda la ofertada aeronave presidencial, que a pesar de haber sido ofertada y rifada, no ha podido ser vendida y pese a no ser usada, se canalizan millones de pesos para su mantenimiento.<\/p>\n<p>La pregunta ser\u00eda: \u00bfen estos momentos nuestro pa\u00eds necesita de una nueva aerol\u00ednea, en particular propiedad del gobierno federal a trav\u00e9s de la Secretar\u00eda de la Defensa Nacional? La respuesta sencilla y directa es \u201cNO\u201d. Y es que son diversas las razones, como el que apenas el sector tur\u00edstico se est\u00e1 recuperando de las negativas consecuencias de la pandemia de covid-19, un dif\u00edcil panorama econ\u00f3mico con bajo crecimiento y una alta inflaci\u00f3n, por ejemplo.<\/p>\n<p>Adem\u00e1s, recordemos los conflictos existentes con tres aerol\u00edneas nacionales: Mexicana de Aviaci\u00f3n, cuyos trabajadores demandan su reactivaci\u00f3n; Interjet, empresa que ya va para dos a\u00f1os en huelga donde los fallos legales favorecen a los trabajadores, pero los propietarios carecen de recursos para cubrir sus adeudos; y Aeromar, la cual tampoco ha podido cumplir con el pago de salarios y prestaciones a sus pilotos y sobrecargos.<\/p>\n<p>Incluso Aeromar, con adeudos por siete mil millones de pesos, de los cuales 26 corresponden a salarios, estaba emplazada a huelga para el 16 de octubre y entr\u00f3 en proceso de juicio mercantil, ante lo cual sus trabajadores proponen que sea el gobierno federal quien los absorba para crear su anunciada aerol\u00ednea, lo cual se ve dif\u00edcil concretar.<\/p>\n<p>En resumen, esta ocurrencia profesional no tiene un futuro positivo ya que, adem\u00e1s, crear una aerol\u00ednea no sucede de un d\u00eda para otro, al requerirse de estudios de factibilidad entre otros puntos. Y, repito, ah\u00ed est\u00e1n los casos de Interjet y Aeromar, que no logran volver a levantar vuelo y, por lo que se observa en el panorama econ\u00f3mico, no suceder\u00e1 en corto plazo.<\/p>\n<p><strong>Ronroneos<\/strong><\/p>\n<p>Mientras se espera que el Pleno de la C\u00e1mara de Diputados se espera la discusi\u00f3n, votaci\u00f3n y posible aprobaci\u00f3n de la iniciativa para ampliar hasta 2028 la presencia en las calles de las Fuerzas Armadas, ayer por la tarde se realiz\u00f3 una marcha contra \u00abla militarizaci\u00f3n y la guerra capitalista\u00bb, que parti\u00f3 del \u00c1ngel de la Independencia rumbo al Z\u00f3calo capitalino\u2026 Por cierto, Ad\u00e1n Augusto L\u00f3pez, secretario de Gobernaci\u00f3n, contin\u00faa con su labor de cabildear con diputados federales a fin de convencerlos de las bondades de aprobar la reforma en favor de la militarizaci\u00f3n de la seguridad p\u00fablica\u2026 Se consideran necesarias estas reuniones ante las dudas en algunos legisladores, tanto oficialistas y priistas para dar su voto favorable\u2026 A menos de una semana de asumir la secretaria de Econom\u00eda, Raquel Buenrostro se reuni\u00f3 con presidentes de varias organizaciones empresariales, como el Consejo Coordinador Empresarial, Confederaci\u00f3n de C\u00e1maras Industriales, Consejo Mexicano de Negocios, C\u00e1mara Nacional de la Industria de Transformaci\u00f3n y C\u00e1mara Nacional de Comercios, Servicios y Turismo\u2026 Mediante un tuit de la Concamin se inform\u00f3 de la reuni\u00f3n y tras expresar sus deseos para en conjunto alcanzar el bien para todos los mexicanos se le dio oficialmente la bienvenida\u2026 Irasema Kondo Padilla, secretaria de Salud en Durango, confirm\u00f3 el primer caso de viruela del mono en esa entidad, con lo cual ya en las 32 entidades se tiene al menos un paciente contagiado con esta enfermedad\u2026 Se revel\u00f3 que el paciente no presenta una sintomatolog\u00eda grave y est\u00e1 siendo monitoreado con vigilancia epidemiol\u00f3gica por personal m\u00e9dico y mientras se le identific\u00f3 como sospechoso estuvo en asilamiento domiciliario\u2026<\/p>\n<p>&nbsp;<\/p>\n","protected":false},"excerpt":{"rendered":"<p>&nbsp; Gato de Barrio \/ gatodebarrio@yahoo.com.mx \/ Debido a que actualmente el marco legal vigente no permite que las fuerzas armadas puedan contar con una aerol\u00ednea o ser concesionario de un aeropuerto, el diputado de Morena Omar Enrique Garc\u00eda Casta\u00f1eda present\u00f3 una iniciativa para superar ese obst\u00e1culo mediante una serie de reformas a las leyes [&hellip;]<\/p>\n","protected":false},"author":3,"featured_media":61795,"comment_status":"open","ping_status":"open","sticky":false,"template":"","format":"standard","meta":{"footnotes":""},"categories":[23,12273,16],"tags":[28402,28403,6315,28401,11389],"class_list":{"0":"post-61794","1":"post","2":"type-post","3":"status-publish","4":"format-standard","5":"has-post-thumbnail","7":"category-columna","8":"category-comunicaciones-y-transportes","9":"category-foto","10":"tag-una-aerolinea-militar","11":"tag-don-ocurrencias-insiste","12":"tag-gato-de-barrio","13":"tag-la-aerolinea-de-amlo","14":"tag-maullidos-urbanos"},"wps_subtitle":"Una ocurrencia m\u00e1s del inquilino de Palacio Nacional","_links":{"self":[{"href":"https:\/\/www.porlalibreedomex.com\/index.php?rest_route=\/wp\/v2\/posts\/61794","targetHints":{"allow":["GET"]}}],"collection":[{"href":"https:\/\/www.porlalibreedomex.com\/index.php?rest_route=\/wp\/v2\/posts"}],"about":[{"href":"https:\/\/www.porlalibreedomex.com\/index.php?rest_route=\/wp\/v2\/types\/post"}],"author":[{"embeddable":true,"href":"https:\/\/www.porlalibreedomex.com\/index.php?rest_route=\/wp\/v2\/users\/3"}],"replies":[{"embeddable":true,"href":"https:\/\/www.porlalibreedomex.com\/index.php?rest_route=%2Fwp%2Fv2%2Fcomments&post=61794"}],"version-history":[{"count":1,"href":"https:\/\/www.porlalibreedomex.com\/index.php?rest_route=\/wp\/v2\/posts\/61794\/revisions"}],"predecessor-version":[{"id":61796,"href":"https:\/\/www.porlalibreedomex.com\/index.php?rest_route=\/wp\/v2\/posts\/61794\/revisions\/61796"}],"wp:featuredmedia":[{"embeddable":true,"href":"https:\/\/www.porlalibreedomex.com\/index.php?rest_route=\/wp\/v2\/media\/61795"}],"wp:attachment":[{"href":"https:\/\/www.porlalibreedomex.com\/index.php?rest_route=%2Fwp%2Fv2%2Fmedia&parent=61794"}],"wp:term":[{"taxonomy":"category","embeddable":true,"href":"https:\/\/www.porlalibreedomex.com\/index.php?rest_route=%2Fwp%2Fv2%2Fcategories&post=61794"},{"taxonomy":"post_tag","embeddable":true,"href":"https:\/\/www.porlalibreedomex.com\/index.php?rest_route=%2Fwp%2Fv2%2Ftags&post=61794"}],"curies":[{"name":"wp","href":"https:\/\/api.w.org\/{rel}","templated":true}]}}