{"id":61778,"date":"2022-10-13T00:43:59","date_gmt":"2022-10-13T05:43:59","guid":{"rendered":"https:\/\/www.porlalibreedomex.com\/?p=61778"},"modified":"2022-10-14T00:44:41","modified_gmt":"2022-10-14T05:44:41","slug":"apoya-imevis-a-familias-de-la-region-norte-del-edomex-a-obtener-titulos-de-propiedad","status":"publish","type":"post","link":"https:\/\/www.porlalibreedomex.com\/?p=61778","title":{"rendered":"APOYA IMEVIS A FAMILIAS DE LA REGI\u00d3N NORTE DEL EDOM\u00c9X A OBTENER T\u00cdTULOS DE PROPIEDAD  \u2022"},"content":{"rendered":"<ul>\n<li><em><strong>Destacan beneficios como el incremento del valor de la propiedad para quien obtiene certeza jur\u00eddica sobre su patrimonio.<\/strong><\/em><\/li>\n<\/ul>\n<p><strong>Atlacomulco, Estado de M\u00e9xico, 12 de octubre de 2022.<\/strong> El Instituto Mexiquense de la Vivienda Social (Imevis) inform\u00f3 que para los moradores del norte de la entidad,\u00a0 <strong>el tr\u00e1mite para regularizar la tenencia de la tierra es f\u00e1cil, r\u00e1pido y econ\u00f3mico<\/strong>, si se realiza a trav\u00e9s de la delegaci\u00f3n Atlacomulco; una de las 12 que tiene distribuidas dicha dependencia en el territorio estatal.<\/p>\n<figure id=\"attachment_61779\" aria-describedby=\"caption-attachment-61779\" style=\"width: 800px\" class=\"wp-caption aligncenter\"><a href=\"https:\/\/www.porlalibreedomex.com\/wp-content\/uploads\/2022\/10\/Regularizacion-y-escrituracion-de-las-v-iviendas-de-los-mexiquenses-apoyada-por-el-IMEVIS.jpg\"><img loading=\"lazy\" decoding=\"async\" class=\"size-large wp-image-61779\" src=\"https:\/\/www.porlalibreedomex.com\/wp-content\/uploads\/2022\/10\/Regularizacion-y-escrituracion-de-las-v-iviendas-de-los-mexiquenses-apoyada-por-el-IMEVIS-1024x576.jpg\" alt=\"\" width=\"800\" height=\"450\" srcset=\"https:\/\/www.porlalibreedomex.com\/wp-content\/uploads\/2022\/10\/Regularizacion-y-escrituracion-de-las-v-iviendas-de-los-mexiquenses-apoyada-por-el-IMEVIS-1024x576.jpg 1024w, https:\/\/www.porlalibreedomex.com\/wp-content\/uploads\/2022\/10\/Regularizacion-y-escrituracion-de-las-v-iviendas-de-los-mexiquenses-apoyada-por-el-IMEVIS-300x169.jpg 300w, https:\/\/www.porlalibreedomex.com\/wp-content\/uploads\/2022\/10\/Regularizacion-y-escrituracion-de-las-v-iviendas-de-los-mexiquenses-apoyada-por-el-IMEVIS-768x432.jpg 768w, https:\/\/www.porlalibreedomex.com\/wp-content\/uploads\/2022\/10\/Regularizacion-y-escrituracion-de-las-v-iviendas-de-los-mexiquenses-apoyada-por-el-IMEVIS.jpg 1280w\" sizes=\"auto, (max-width: 800px) 100vw, 800px\" \/><\/a><figcaption id=\"caption-attachment-61779\" class=\"wp-caption-text\">Regularizaci\u00f3n y escrituraci\u00f3n de las v iviendas de los mexiquenses apoyada por el IMEVIS.<\/figcaption><\/figure>\n<p>Este Instituto brinda asesor\u00eda gratuita a quienes deseen regularizar la documentaci\u00f3n de su casa o terreno ubicado en alguno de los 16 municipios mexiquenses que se atienden en dicha delegaci\u00f3n: Acambay, Aculco, Atlacomulco, Chapa de Mota, El Oro, Ixtlahuaca, Jilotepec, Jiquipilco, Jocotitl\u00e1n, Polotitl\u00e1n, Morelos, San Felipe del Progreso, San Jos\u00e9 del Rinc\u00f3n, Soyaniquilpan, Temascalcingo y Timilpan.<\/p>\n<p>Al respecto, <strong>Mariano Camacho San Mart\u00edn, Director General del Imevis<\/strong>, invit\u00f3 a los interesados en obtener el t\u00edtulo de propiedad o escrituras, a quienes vivan en alguno de estos municipios, acudir a las oficinas ubicadas en Av. Adolfo L\u00f3pez Mateos s\/n, CROSA, colonia Fovissste, en Atlacomulco, Estado de M\u00e9xico.<\/p>\n<p>Asegur\u00f3 que entre las ventajas que obtienen los beneficiarios de este programa, destaca el incremento del valor de su propiedad, la posibilidad de acceder a cr\u00e9ditos y se facilita el proceso para heredar o vender.<\/p>\n<figure id=\"attachment_61781\" aria-describedby=\"caption-attachment-61781\" style=\"width: 800px\" class=\"wp-caption aligncenter\"><a href=\"https:\/\/www.porlalibreedomex.com\/wp-content\/uploads\/2022\/10\/El-IMEVIS-ofrece-apoyo-para-legalizar-la-posesion-de-tu-vivienda-a-bajos-costos-comparado-con-otros-medios..jpg\"><img loading=\"lazy\" decoding=\"async\" class=\"size-large wp-image-61781\" src=\"https:\/\/www.porlalibreedomex.com\/wp-content\/uploads\/2022\/10\/El-IMEVIS-ofrece-apoyo-para-legalizar-la-posesion-de-tu-vivienda-a-bajos-costos-comparado-con-otros-medios.-1024x576.jpg\" alt=\"\" width=\"800\" height=\"450\" srcset=\"https:\/\/www.porlalibreedomex.com\/wp-content\/uploads\/2022\/10\/El-IMEVIS-ofrece-apoyo-para-legalizar-la-posesion-de-tu-vivienda-a-bajos-costos-comparado-con-otros-medios.-1024x576.jpg 1024w, https:\/\/www.porlalibreedomex.com\/wp-content\/uploads\/2022\/10\/El-IMEVIS-ofrece-apoyo-para-legalizar-la-posesion-de-tu-vivienda-a-bajos-costos-comparado-con-otros-medios.-300x169.jpg 300w, https:\/\/www.porlalibreedomex.com\/wp-content\/uploads\/2022\/10\/El-IMEVIS-ofrece-apoyo-para-legalizar-la-posesion-de-tu-vivienda-a-bajos-costos-comparado-con-otros-medios.-768x432.jpg 768w, https:\/\/www.porlalibreedomex.com\/wp-content\/uploads\/2022\/10\/El-IMEVIS-ofrece-apoyo-para-legalizar-la-posesion-de-tu-vivienda-a-bajos-costos-comparado-con-otros-medios..jpg 1280w\" sizes=\"auto, (max-width: 800px) 100vw, 800px\" \/><\/a><figcaption id=\"caption-attachment-61781\" class=\"wp-caption-text\">El IMEVIS ofrece apoyo para legalizar la posesi\u00f3n de tu vivienda, a bajos costos, comparado con otros medios.<\/figcaption><\/figure>\n<p>El funcionario recomend\u00f3, como primer paso, llamar a la l\u00ednea 800-7-463847 (800-7-IMEVIS), donde se ofrece asesor\u00eda previa para determinar la viabilidad de cada tr\u00e1mite y, en caso de ser procedente, se asigna una cita en la delegaci\u00f3n para cotejar documentaci\u00f3n e iniciar el proceso de regularizaci\u00f3n.<\/p>\n","protected":false},"excerpt":{"rendered":"<p>Destacan beneficios como el incremento del valor de la propiedad para quien obtiene certeza jur\u00eddica sobre su patrimonio. Atlacomulco, Estado de M\u00e9xico, 12 de octubre de 2022. El Instituto Mexiquense de la Vivienda Social (Imevis) inform\u00f3 que para los moradores del norte de la entidad,\u00a0 el tr\u00e1mite para regularizar la tenencia de la tierra es [&hellip;]<\/p>\n","protected":false},"author":3,"featured_media":61780,"comment_status":"open","ping_status":"open","sticky":false,"template":"","format":"standard","meta":{"footnotes":""},"categories":[9157,16],"tags":[28400,7972,2797,28399],"class_list":{"0":"post-61778","1":"post","2":"type-post","3":"status-publish","4":"format-standard","5":"has-post-thumbnail","7":"category-edomex","8":"category-foto","9":"tag-delegaciones-de-imevis-en-todo-el-estado","10":"tag-imevis","11":"tag-mariano-camacho-san-martin","12":"tag-regularizacion-de-la-vivienda"},"wps_subtitle":"Brindan asesor\u00eda gratuita para la regularizaci\u00f3n de la tenencia de la tierra de forma sencilla, econ\u00f3mica y r\u00e1pida.","_links":{"self":[{"href":"https:\/\/www.porlalibreedomex.com\/index.php?rest_route=\/wp\/v2\/posts\/61778","targetHints":{"allow":["GET"]}}],"collection":[{"href":"https:\/\/www.porlalibreedomex.com\/index.php?rest_route=\/wp\/v2\/posts"}],"about":[{"href":"https:\/\/www.porlalibreedomex.com\/index.php?rest_route=\/wp\/v2\/types\/post"}],"author":[{"embeddable":true,"href":"https:\/\/www.porlalibreedomex.com\/index.php?rest_route=\/wp\/v2\/users\/3"}],"replies":[{"embeddable":true,"href":"https:\/\/www.porlalibreedomex.com\/index.php?rest_route=%2Fwp%2Fv2%2Fcomments&post=61778"}],"version-history":[{"count":1,"href":"https:\/\/www.porlalibreedomex.com\/index.php?rest_route=\/wp\/v2\/posts\/61778\/revisions"}],"predecessor-version":[{"id":61782,"href":"https:\/\/www.porlalibreedomex.com\/index.php?rest_route=\/wp\/v2\/posts\/61778\/revisions\/61782"}],"wp:featuredmedia":[{"embeddable":true,"href":"https:\/\/www.porlalibreedomex.com\/index.php?rest_route=\/wp\/v2\/media\/61780"}],"wp:attachment":[{"href":"https:\/\/www.porlalibreedomex.com\/index.php?rest_route=%2Fwp%2Fv2%2Fmedia&parent=61778"}],"wp:term":[{"taxonomy":"category","embeddable":true,"href":"https:\/\/www.porlalibreedomex.com\/index.php?rest_route=%2Fwp%2Fv2%2Fcategories&post=61778"},{"taxonomy":"post_tag","embeddable":true,"href":"https:\/\/www.porlalibreedomex.com\/index.php?rest_route=%2Fwp%2Fv2%2Ftags&post=61778"}],"curies":[{"name":"wp","href":"https:\/\/api.w.org\/{rel}","templated":true}]}}