{"id":6174,"date":"2015-02-08T20:10:36","date_gmt":"2015-02-09T05:10:36","guid":{"rendered":"http:\/\/porlalibre.info\/?p=6174"},"modified":"2015-02-08T20:10:36","modified_gmt":"2015-02-09T05:10:36","slug":"dictara-conferencia-en-la-uaem-la-doctora-mireille-roccatti","status":"publish","type":"post","link":"https:\/\/www.porlalibreedomex.com\/?p=6174","title":{"rendered":"DICTAR\u00c1 CONFERENCIA EN LA UAEM LA DOCTORA MIREILLE ROCCATTI"},"content":{"rendered":"<p>&nbsp;<\/p>\n<ul>\n<li><em>El pr\u00f3ximo mi\u00e9rcoles 11 de febrero, en la Facultad de Antropolog\u00eda, la ex comisionada nacional y estatal de los Derechos Humanos dictar\u00e1 la Conferencia <strong>\u201cEl sistema jur\u00eddico, derechos humanos y diversidad cultural\u201d.<\/strong><\/em><\/li>\n<\/ul>\n<p>&nbsp;<\/p>\n<p style=\"text-align: justify;\">El respeto de los derechos humanos y el sistema jur\u00eddico es sumamente importante en un pa\u00eds como el nuestro, multicultural y pluri\u00e9tnico, se\u00f1al\u00f3 el profesor e investigador de la Facultad de Antropolog\u00eda de la Universidad Aut\u00f3noma del Estado de M\u00e9xico, Jos\u00e9 Luis Arriaga Ornelas, al dar conocer que el pr\u00f3ximo mi\u00e9rcoles 11 de febrero, la ex comisionada nacional y estatal de los Derechos Humanos, <strong>Mireille Roccatti<\/strong>, dictar\u00e1 la Conferencia \u201cEl sistema jur\u00eddico, derechos humanos y diversidad cultural\u201d.<\/p>\n<p style=\"text-align: justify;\">\u00a0\u00a0\u00a0\u00a0\u00a0\u00a0\u00a0\u00a0\u00a0\u00a0\u00a0 El tambi\u00e9n l\u00edder del Cuerpo Acad\u00e9mico \u201cPatrones Culturales de las Relaciones Sociales\u201d advirti\u00f3 que con esta actividad acad\u00e9mica se inaugurar\u00e1n los cursos de Antropolog\u00eda Jur\u00eddica y Derechos Humanos en la Facultad de Antropolog\u00eda, que forman parte del plan de estudios del programa de la Licenciatura en Antropolog\u00eda Social.<\/p>\n<p style=\"text-align: justify;\">\u00a0\u00a0\u00a0\u00a0\u00a0\u00a0\u00a0\u00a0\u00a0\u00a0\u00a0 Agreg\u00f3 que para los antrop\u00f3logos en formaci\u00f3n es necesario generar ideas y reflexiones que ayuden a resolver las problem\u00e1ticas que presenta el pa\u00eds, como es el caso de los derechos humanos en una sociedad multicultural; ante ello, Arriaga Ornelas indic\u00f3 que la intenci\u00f3n es que los alumnos observen, desde el punto de vista antropol\u00f3gico, esta convivencia de diferentes conceptos de justicia, ley, deber y castigo, entre otros.<\/p>\n<p style=\"text-align: justify;\">\u00a0\u00a0\u00a0\u00a0\u00a0\u00a0\u00a0\u00a0\u00a0\u00a0\u00a0 \u00a0Pero tambi\u00e9n que aprecien, sostuvo el universitario, que existe un sistema jur\u00eddico emanado de una constituci\u00f3n garantista, que pone en el centro al individuo, con una serie de derechos que le asisten, por la simple raz\u00f3n de ser humano.<\/p>\n<p style=\"text-align: justify;\">Sin embargo, acot\u00f3, cuando hay un s\u00f3lo concepto de humano plasmado en la ley, pero m\u00faltiples conceptos de ser humano de las diversas culturas, se genera un conflicto donde los antrop\u00f3logos tienen la oportunidad de reflexionar y pensar para encontrar puntos de encuentro en esta diversidad; en cambio, en el \u00e1mbito del derecho, esto puede generar otro tipo de conflictos.<\/p>\n<p style=\"text-align: justify;\">\u00a0\u00a0\u00a0\u00a0\u00a0\u00a0\u00a0\u00a0\u00a0\u00a0\u00a0 Ante ello, Arriaga Ornelas coment\u00f3 que esta conferencia permitir\u00e1 abordar todas estas tem\u00e1ticas y conocer la perspectiva de quien estuvo a cargo de los derechos humanos en el pa\u00eds y el Estado de M\u00e9xico, con un amplio conocimiento jur\u00eddico; el profesor e investigador de la Facultad de Antropolog\u00eda de la UAEM conmin\u00f3 a los estudiante de la Facultad de Antropolog\u00eda a asistir a este ejercicio acad\u00e9mico, que tambi\u00e9n est\u00e1 abierto para otras disciplinas, como el Derecho.<\/p>\n<p style=\"text-align: justify;\">\n","protected":false},"excerpt":{"rendered":"<p>&nbsp; El pr\u00f3ximo mi\u00e9rcoles 11 de febrero, en la Facultad de Antropolog\u00eda, la ex comisionada nacional y estatal de los Derechos Humanos dictar\u00e1 la Conferencia \u201cEl sistema jur\u00eddico, derechos humanos y diversidad cultural\u201d. &nbsp; El respeto de los derechos humanos y el sistema jur\u00eddico es sumamente importante en un pa\u00eds como el nuestro, multicultural y [&hellip;]<\/p>\n","protected":false},"author":2,"featured_media":0,"comment_status":"open","ping_status":"open","sticky":false,"template":"","format":"standard","meta":{"footnotes":""},"categories":[5,1],"tags":[3865,3866,3867],"class_list":{"0":"post-6174","1":"post","2":"type-post","3":"status-publish","4":"format-standard","6":"category-nota-informativa","7":"category-uncategorized","8":"tag-antropologia-juridica-y-derechos-humanos","9":"tag-conferencia-en-la-uaem","10":"tag-mireille-roccatti"},"wps_subtitle":"","_links":{"self":[{"href":"https:\/\/www.porlalibreedomex.com\/index.php?rest_route=\/wp\/v2\/posts\/6174","targetHints":{"allow":["GET"]}}],"collection":[{"href":"https:\/\/www.porlalibreedomex.com\/index.php?rest_route=\/wp\/v2\/posts"}],"about":[{"href":"https:\/\/www.porlalibreedomex.com\/index.php?rest_route=\/wp\/v2\/types\/post"}],"author":[{"embeddable":true,"href":"https:\/\/www.porlalibreedomex.com\/index.php?rest_route=\/wp\/v2\/users\/2"}],"replies":[{"embeddable":true,"href":"https:\/\/www.porlalibreedomex.com\/index.php?rest_route=%2Fwp%2Fv2%2Fcomments&post=6174"}],"version-history":[{"count":0,"href":"https:\/\/www.porlalibreedomex.com\/index.php?rest_route=\/wp\/v2\/posts\/6174\/revisions"}],"wp:attachment":[{"href":"https:\/\/www.porlalibreedomex.com\/index.php?rest_route=%2Fwp%2Fv2%2Fmedia&parent=6174"}],"wp:term":[{"taxonomy":"category","embeddable":true,"href":"https:\/\/www.porlalibreedomex.com\/index.php?rest_route=%2Fwp%2Fv2%2Fcategories&post=6174"},{"taxonomy":"post_tag","embeddable":true,"href":"https:\/\/www.porlalibreedomex.com\/index.php?rest_route=%2Fwp%2Fv2%2Ftags&post=6174"}],"curies":[{"name":"wp","href":"https:\/\/api.w.org\/{rel}","templated":true}]}}