{"id":61713,"date":"2022-10-10T01:09:49","date_gmt":"2022-10-10T06:09:49","guid":{"rendered":"https:\/\/www.porlalibreedomex.com\/?p=61713"},"modified":"2022-10-11T01:11:02","modified_gmt":"2022-10-11T06:11:02","slug":"se-suman-gem-legisladores-y-asociaciones-empresariales-en-acciones-de-reactivacion-economica","status":"publish","type":"post","link":"https:\/\/www.porlalibreedomex.com\/?p=61713","title":{"rendered":"SE SUMAN GEM, LEGISLADORES Y ASOCIACIONES EMPRESARIALES EN ACCIONES DE REACTIVACI\u00d3N ECON\u00d3MICA"},"content":{"rendered":"<ul>\n<li><em><strong>Unen esfuerzos para atraer m\u00e1s inversiones y apoyar a los capitales que operan en alguno de los parques y zonas industriales.<\/strong><\/em><\/li>\n<li><em><strong>Buscan reforzar, cada uno desde su \u00e1mbito, las tareas que den como resultado la llegada de nuevas empresas.<\/strong><\/em><\/li>\n<\/ul>\n<p><strong>Toluca, Estado de M\u00e9xico, 10 de octubre de 2022.<\/strong> La Secretar\u00eda de Desarrollo Econ\u00f3mico (Sedeco), junto con legisladores mexiquenses, acordaron trabajar de manera conjunta en fortalecer los esfuerzos y tareas impulsadas, desde el Gobierno del Estado de M\u00e9xico, para ampliar el dinamismo econ\u00f3mico.<\/p>\n<p>Al respecto, Pablo Peralta Garc\u00eda, titular de la Sedeco, destac\u00f3 que tambi\u00e9n determinaron sumar a las distintas acciones que se llevan a cabo en la entidad a c\u00e1maras empresariales, para mantener los buenos resultados en materia econ\u00f3mica.<\/p>\n<p>\u201cEl objetivo de cada uno de los participantes es lograr, desde su trinchera, atraer mayor cantidad de inversiones, facilitar el crecimiento de aquellas empresas que ya operan en alguno de los parques y zonas industriales, ampliar los canales de comercializaci\u00f3n y apuntalar a la entidad para que se consolide como un nodo log\u00edstico\u201d, afirm\u00f3 Peralta Garc\u00eda.<\/p>\n<figure id=\"attachment_61715\" aria-describedby=\"caption-attachment-61715\" style=\"width: 1260px\" class=\"wp-caption aligncenter\"><a href=\"https:\/\/www.porlalibreedomex.com\/wp-content\/uploads\/2022\/10\/Por-indicaciones-de-Alfredo-del-Mazo-las-tiendas-y-empresas-son-vigiladas-con-mas-de-20-mil-camaras-conectadas-365-dias-del-ano-a-los-C5-de-Toluca-y-Ecatepec.-e1665468461590.jpg\"><img loading=\"lazy\" decoding=\"async\" class=\"size-full wp-image-61715\" src=\"https:\/\/www.porlalibreedomex.com\/wp-content\/uploads\/2022\/10\/Por-indicaciones-de-Alfredo-del-Mazo-las-tiendas-y-empresas-son-vigiladas-con-mas-de-20-mil-camaras-conectadas-365-dias-del-ano-a-los-C5-de-Toluca-y-Ecatepec.-e1665468461590.jpg\" alt=\"\" width=\"1260\" height=\"601\" srcset=\"https:\/\/www.porlalibreedomex.com\/wp-content\/uploads\/2022\/10\/Por-indicaciones-de-Alfredo-del-Mazo-las-tiendas-y-empresas-son-vigiladas-con-mas-de-20-mil-camaras-conectadas-365-dias-del-ano-a-los-C5-de-Toluca-y-Ecatepec.-e1665468461590.jpg 1260w, https:\/\/www.porlalibreedomex.com\/wp-content\/uploads\/2022\/10\/Por-indicaciones-de-Alfredo-del-Mazo-las-tiendas-y-empresas-son-vigiladas-con-mas-de-20-mil-camaras-conectadas-365-dias-del-ano-a-los-C5-de-Toluca-y-Ecatepec.-e1665468461590-300x143.jpg 300w, https:\/\/www.porlalibreedomex.com\/wp-content\/uploads\/2022\/10\/Por-indicaciones-de-Alfredo-del-Mazo-las-tiendas-y-empresas-son-vigiladas-con-mas-de-20-mil-camaras-conectadas-365-dias-del-ano-a-los-C5-de-Toluca-y-Ecatepec.-e1665468461590-1024x488.jpg 1024w, https:\/\/www.porlalibreedomex.com\/wp-content\/uploads\/2022\/10\/Por-indicaciones-de-Alfredo-del-Mazo-las-tiendas-y-empresas-son-vigiladas-con-mas-de-20-mil-camaras-conectadas-365-dias-del-ano-a-los-C5-de-Toluca-y-Ecatepec.-e1665468461590-768x366.jpg 768w\" sizes=\"auto, (max-width: 1260px) 100vw, 1260px\" \/><\/a><figcaption id=\"caption-attachment-61715\" class=\"wp-caption-text\">Por indicaciones del Gobernador Alfredo del Mazo, las tiendas y empresas son vigiladas con m\u00e1s de 20 mil c\u00e1maras, conectadas, 365 d\u00edas del a\u00f1o, a los C5 de Toluca y Ecatepec, explic\u00f3 el funcionario.<\/figcaption><\/figure>\n<p>Indic\u00f3 que los integrantes de la Comisi\u00f3n Legislativa de Desarrollo Econ\u00f3mico, Industrial, Comercial y Minero, reconocen que la suma de esfuerzos entre el Gobierno mexiquense, Legislativo y empresarios, es necesaria para obtener mayores resultados, as\u00ed como para lograr reforzar las acciones relacionadas con capacitaci\u00f3n, acompa\u00f1amiento y facilitaci\u00f3n de tr\u00e1mites.<\/p>\n<p>Asimismo, el Secretario Peralta destac\u00f3 que a trav\u00e9s de las diferentes Direcciones Generales y Organismos que dependen de la Sedeco, se han impulsado programas con miras a reforzar las tareas de crecimiento econ\u00f3mico.<\/p>\n<p>Por ello, conjuntar esfuerzos entre autoridades estatales, legislativas y las distintas asociaciones y c\u00e1maras empresariales, ser\u00e1 favorable para acrecentar el impulso comercial e industrial en el Estado de M\u00e9xico.<\/p>\n<p>Precis\u00f3 que desde la Sedeco se ofrecen facilidades y acompa\u00f1amientos permanentes a toda la comunidad empresarial y emprendedora para que la reactivaci\u00f3n siga caminando.<\/p>\n<p><a href=\"https:\/\/www.porlalibreedomex.com\/wp-content\/uploads\/2022\/10\/La-Capacitacion-para-el-trabajo-es-factor-importante-en-el-Edomex-para-la-reactivacion-economica-dijo-el-Secretario-Pablo-Peralta..jpg\"><img loading=\"lazy\" decoding=\"async\" class=\"aligncenter size-large wp-image-61716\" src=\"https:\/\/www.porlalibreedomex.com\/wp-content\/uploads\/2022\/10\/La-Capacitacion-para-el-trabajo-es-factor-importante-en-el-Edomex-para-la-reactivacion-economica-dijo-el-Secretario-Pablo-Peralta.-1024x576.jpg\" alt=\"\" width=\"800\" height=\"450\" srcset=\"https:\/\/www.porlalibreedomex.com\/wp-content\/uploads\/2022\/10\/La-Capacitacion-para-el-trabajo-es-factor-importante-en-el-Edomex-para-la-reactivacion-economica-dijo-el-Secretario-Pablo-Peralta.-1024x576.jpg 1024w, https:\/\/www.porlalibreedomex.com\/wp-content\/uploads\/2022\/10\/La-Capacitacion-para-el-trabajo-es-factor-importante-en-el-Edomex-para-la-reactivacion-economica-dijo-el-Secretario-Pablo-Peralta.-300x169.jpg 300w, https:\/\/www.porlalibreedomex.com\/wp-content\/uploads\/2022\/10\/La-Capacitacion-para-el-trabajo-es-factor-importante-en-el-Edomex-para-la-reactivacion-economica-dijo-el-Secretario-Pablo-Peralta.-768x432.jpg 768w, https:\/\/www.porlalibreedomex.com\/wp-content\/uploads\/2022\/10\/La-Capacitacion-para-el-trabajo-es-factor-importante-en-el-Edomex-para-la-reactivacion-economica-dijo-el-Secretario-Pablo-Peralta..jpg 1280w\" sizes=\"auto, (max-width: 800px) 100vw, 800px\" \/><\/a><\/p>\n<p>Afirm\u00f3 que, en apego a lo instruido por el Gobernador Alfredo Del Mazo, se da impulso a las capacitaciones, al programa Mi negocio fuerte y seguro, en donde las distintas unidades econ\u00f3micas son vigiladas con m\u00e1s de 20 mil c\u00e1maras conectadas, los 365 d\u00edas del a\u00f1o, a los C5 de Toluca y Ecatepec.<\/p>\n<p>Al respecto, coment\u00f3 que Mi negocio fuerte y seguro, permite que comerciantes, micro, peque\u00f1os y medianos empresarios (Mipymes) y grandes firmas, puedan, de manera gratuita, conectarse a c\u00e1maras de vigilancia y realizar sus actividades de manera plena.<\/p>\n<p>Puntualiz\u00f3 que hay confianza en que el trabajo conjunto dar\u00e1 resultados que favorezcan el dinamismo econ\u00f3mico en el Estado de M\u00e9xico.<\/p>\n","protected":false},"excerpt":{"rendered":"<p>Unen esfuerzos para atraer m\u00e1s inversiones y apoyar a los capitales que operan en alguno de los parques y zonas industriales. Buscan reforzar, cada uno desde su \u00e1mbito, las tareas que den como resultado la llegada de nuevas empresas. Toluca, Estado de M\u00e9xico, 10 de octubre de 2022. La Secretar\u00eda de Desarrollo Econ\u00f3mico (Sedeco), junto [&hellip;]<\/p>\n","protected":false},"author":3,"featured_media":61714,"comment_status":"open","ping_status":"open","sticky":false,"template":"","format":"standard","meta":{"footnotes":""},"categories":[9146,9157,16],"tags":[1098,23969,28359,28360],"class_list":{"0":"post-61713","1":"post","2":"type-post","3":"status-publish","4":"format-standard","5":"has-post-thumbnail","7":"category-economia","8":"category-edomex","9":"category-foto","10":"tag-secretaria-de-desarrollo-economico","11":"tag-srio-pablo-peralta-garcia","12":"tag-unidad-para-recuperacion-economica","13":"tag-unidos-sedeco-diputados-y-empresarios"},"wps_subtitle":"Se brinda seguridad a las empresas a trav\u00e9s de 20 mil c\u00e1maras conectadas   ","_links":{"self":[{"href":"https:\/\/www.porlalibreedomex.com\/index.php?rest_route=\/wp\/v2\/posts\/61713","targetHints":{"allow":["GET"]}}],"collection":[{"href":"https:\/\/www.porlalibreedomex.com\/index.php?rest_route=\/wp\/v2\/posts"}],"about":[{"href":"https:\/\/www.porlalibreedomex.com\/index.php?rest_route=\/wp\/v2\/types\/post"}],"author":[{"embeddable":true,"href":"https:\/\/www.porlalibreedomex.com\/index.php?rest_route=\/wp\/v2\/users\/3"}],"replies":[{"embeddable":true,"href":"https:\/\/www.porlalibreedomex.com\/index.php?rest_route=%2Fwp%2Fv2%2Fcomments&post=61713"}],"version-history":[{"count":1,"href":"https:\/\/www.porlalibreedomex.com\/index.php?rest_route=\/wp\/v2\/posts\/61713\/revisions"}],"predecessor-version":[{"id":61717,"href":"https:\/\/www.porlalibreedomex.com\/index.php?rest_route=\/wp\/v2\/posts\/61713\/revisions\/61717"}],"wp:featuredmedia":[{"embeddable":true,"href":"https:\/\/www.porlalibreedomex.com\/index.php?rest_route=\/wp\/v2\/media\/61714"}],"wp:attachment":[{"href":"https:\/\/www.porlalibreedomex.com\/index.php?rest_route=%2Fwp%2Fv2%2Fmedia&parent=61713"}],"wp:term":[{"taxonomy":"category","embeddable":true,"href":"https:\/\/www.porlalibreedomex.com\/index.php?rest_route=%2Fwp%2Fv2%2Fcategories&post=61713"},{"taxonomy":"post_tag","embeddable":true,"href":"https:\/\/www.porlalibreedomex.com\/index.php?rest_route=%2Fwp%2Fv2%2Ftags&post=61713"}],"curies":[{"name":"wp","href":"https:\/\/api.w.org\/{rel}","templated":true}]}}