{"id":6171,"date":"2015-02-08T20:04:20","date_gmt":"2015-02-09T05:04:20","guid":{"rendered":"http:\/\/porlalibre.info\/?p=6171"},"modified":"2015-02-08T20:04:20","modified_gmt":"2015-02-09T05:04:20","slug":"homenaje-de-la-facultad-de-ingenieria-de-la-uaem-a-jorge-torices-uno-de-sus-cofundadores","status":"publish","type":"post","link":"https:\/\/www.porlalibreedomex.com\/?p=6171","title":{"rendered":"HOMENAJE DE LA FACULTAD DE INGENIER\u00cdA DE LA UAEM A JORGE TORICES, UNO DE SUS COFUNDADORES"},"content":{"rendered":"<ul>\n<li><em>Fue Ingeniero Mec\u00e1nico Electricista, egresado de la Universidad Nacional Aut\u00f3noma de M\u00e9xico, y se destac\u00f3 por su entrega a la Ingenier\u00eda, pero tambi\u00e9n a la docencia.<\/em><\/li>\n<\/ul>\n<p>&nbsp;<\/p>\n<figure id=\"attachment_6172\" aria-describedby=\"caption-attachment-6172\" style=\"width: 700px\" class=\"wp-caption alignright\"><img loading=\"lazy\" decoding=\"async\" class=\"size-large wp-image-6172\" src=\"http:\/\/porlalibre.info\/wp-content\/uploads\/2015\/02\/Comun.-0115-6-1024x683.jpg\" alt=\"  La Facultad de Ingenier\u00eda de la UAEM rindi\u00f3 homenaje a Jorge Torices Carpinteyro, quien en conjunto con el Doctor Honoris Causa por esta casa de estudios, Jos\u00e9 Yurrieta Vald\u00e9s, fund\u00f3 este organismo acad\u00e9mico, donde por m\u00e1s de tres d\u00e9cadas ejerci\u00f3 la docencia.\" width=\"700\" height=\"467\" \/><figcaption id=\"caption-attachment-6172\" class=\"wp-caption-text\"><br \/>La Facultad de Ingenier\u00eda de la UAEM rindi\u00f3 homenaje a Jorge Torices Carpinteyro, quien en conjunto con el Doctor Honoris Causa por esta casa de estudios, Jos\u00e9 Yurrieta Vald\u00e9s, fund\u00f3 este organismo acad\u00e9mico, donde por m\u00e1s de tres d\u00e9cadas ejerci\u00f3 la docencia.<\/figcaption><\/figure>\n<p style=\"text-align: justify;\">La Facultad de Ingenier\u00eda de la Universidad Aut\u00f3noma del Estado de M\u00e9xico rindi\u00f3 homenaje a Jorge Torices Carpinteyro, quien en conjunto con el Doctor Honoris Causa por esta casa de estudios, Jos\u00e9 Yurrieta Vald\u00e9s, fund\u00f3 este organismo acad\u00e9mico, donde por m\u00e1s de tres d\u00e9cadas ejerci\u00f3 la docencia.<\/p>\n<p style=\"text-align: justify;\">En ceremonia presidida por el director, Ra\u00fal Vera Noguez, as\u00ed como autoridades acad\u00e9micas de esta facultad, familiares y amigos del homenajeado, se expres\u00f3 que Jorge Torices fue Ingeniero Mec\u00e1nico Electricista, egresado de la Universidad Nacional Aut\u00f3noma de M\u00e9xico, y se destac\u00f3 por su entrega a la Ingenier\u00eda, pero tambi\u00e9n a la docencia.<\/p>\n<p style=\"text-align: justify;\">Al citar las aportaciones que Jorge Torices hizo a la comunidad de esta casa de estudios como docente por m\u00e1s de treinta a\u00f1os, el director de la Facultad lo record\u00f3 como uno de los pilares de la Ingenier\u00eda en la entidad y referente de la Ingenier\u00eda Mec\u00e1nica.<\/p>\n<p style=\"text-align: justify;\">Acompa\u00f1ado por la esposa de Jorge Torices, la se\u00f1ora Laura Barrera, Ra\u00fal Vera Noguez afirm\u00f3 que el acad\u00e9mico fallecido en 2012 fue parte fundamental en la construcci\u00f3n de las bases de la Facultad de Ingenier\u00eda de la M\u00e1xima Casa de Estudios mexiquense.<\/p>\n<p style=\"text-align: justify;\">Posteriormente, el profesor de este organismo, C\u00e9sar Pedrero Nieto, record\u00f3 los tiempos de Torices Carpinteyro como alumno en la UNAM y su paso en la UAEM como acad\u00e9mico; en este sentido, el ex alumno de la Facultad de Ingenier\u00eda, Roberto Barrera, habl\u00f3 del homenajeado como profesor, formador de ingenieros y apasionado de la Ingenier\u00eda; \u00abel legado de Torices es a favor de la academia, la industria y la sociedad\u00bb.<\/p>\n<p style=\"text-align: justify;\">Al t\u00e9rmino de la ceremonia, familiares del homenajeado donaron a la Facultad de Ingenier\u00eda una colecci\u00f3n de textos que pertenecieron a Jorge Torices Carpinteyro; antes, los hijos del acad\u00e9mico universitario agradecieron esta ceremonia, muestra del respeto y cari\u00f1o que los universitarios tiene hacia uno de los pilares de la Facultad de Ingenier\u00eda.<\/p>\n","protected":false},"excerpt":{"rendered":"<p>Fue Ingeniero Mec\u00e1nico Electricista, egresado de la Universidad Nacional Aut\u00f3noma de M\u00e9xico, y se destac\u00f3 por su entrega a la Ingenier\u00eda, pero tambi\u00e9n a la docencia. &nbsp; La Facultad de Ingenier\u00eda de la Universidad Aut\u00f3noma del Estado de M\u00e9xico rindi\u00f3 homenaje a Jorge Torices Carpinteyro, quien en conjunto con el Doctor Honoris Causa por esta [&hellip;]<\/p>\n","protected":false},"author":2,"featured_media":0,"comment_status":"open","ping_status":"open","sticky":false,"template":"","format":"standard","meta":{"footnotes":""},"categories":[5,1],"tags":[3863,3864,801,13],"class_list":{"0":"post-6171","1":"post","2":"type-post","3":"status-publish","4":"format-standard","6":"category-nota-informativa","7":"category-uncategorized","8":"tag-fundador-de-la-facultad-de-ingenieria","9":"tag-jorge-torices-carpinteyro","10":"tag-jose-yurrieta-valdes","11":"tag-uaem"},"wps_subtitle":"","_links":{"self":[{"href":"https:\/\/www.porlalibreedomex.com\/index.php?rest_route=\/wp\/v2\/posts\/6171","targetHints":{"allow":["GET"]}}],"collection":[{"href":"https:\/\/www.porlalibreedomex.com\/index.php?rest_route=\/wp\/v2\/posts"}],"about":[{"href":"https:\/\/www.porlalibreedomex.com\/index.php?rest_route=\/wp\/v2\/types\/post"}],"author":[{"embeddable":true,"href":"https:\/\/www.porlalibreedomex.com\/index.php?rest_route=\/wp\/v2\/users\/2"}],"replies":[{"embeddable":true,"href":"https:\/\/www.porlalibreedomex.com\/index.php?rest_route=%2Fwp%2Fv2%2Fcomments&post=6171"}],"version-history":[{"count":0,"href":"https:\/\/www.porlalibreedomex.com\/index.php?rest_route=\/wp\/v2\/posts\/6171\/revisions"}],"wp:attachment":[{"href":"https:\/\/www.porlalibreedomex.com\/index.php?rest_route=%2Fwp%2Fv2%2Fmedia&parent=6171"}],"wp:term":[{"taxonomy":"category","embeddable":true,"href":"https:\/\/www.porlalibreedomex.com\/index.php?rest_route=%2Fwp%2Fv2%2Fcategories&post=6171"},{"taxonomy":"post_tag","embeddable":true,"href":"https:\/\/www.porlalibreedomex.com\/index.php?rest_route=%2Fwp%2Fv2%2Ftags&post=6171"}],"curies":[{"name":"wp","href":"https:\/\/api.w.org\/{rel}","templated":true}]}}