{"id":6169,"date":"2015-02-08T19:56:31","date_gmt":"2015-02-09T04:56:31","guid":{"rendered":"http:\/\/porlalibre.info\/?p=6169"},"modified":"2015-02-08T19:56:31","modified_gmt":"2015-02-09T04:56:31","slug":"investigan-fotosintesis-artificial-en-el-centro-de-investigacion-en-quimica-uaem-unam","status":"publish","type":"post","link":"https:\/\/www.porlalibreedomex.com\/?p=6169","title":{"rendered":"INVESTIGAN FOTOS\u00cdNTESIS ARTIFICIAL EN EL CENTRO DE INVESTIGACI\u00d3N EN QU\u00cdMICA UAEM-UNAM"},"content":{"rendered":"<ul>\n<li><em>Al hablar sobre \u201cFotos\u00edntesis artificial: hacia el aprovechamiento del CO2\u201d, investigadoras universitarias explicaron que es evidente su viabilidad desde el punto de vista t\u00e9cnico.<\/em><\/li>\n<\/ul>\n<p>&nbsp;<\/p>\n<p style=\"text-align: justify;\">La fotos\u00edntesis artificial es un proceso emergente que busca convertirse en una alternativa energ\u00e9tica, mediante el aprovechamiento del CO2 atmosf\u00e9rico, transform\u00e1ndolo en hidrocarburos e hidr\u00f3geno, con reactivos de amplia disponibilidad, como agua y luz solar, as\u00ed lo se\u00f1alaron las especialistas de la Universidad Aut\u00f3noma del Estado de M\u00e9xico, Lourdes Hurtado y Reyna Natividad.<\/p>\n<p style=\"text-align: justify;\">Al hablar sobre \u201cFotos\u00edntesis artificial: hacia el aprovechamiento del CO2\u201d, las expertas universitarias explicaron que es evidente su viabilidad desde el punto de vista t\u00e9cnico; es por ello que existe un inter\u00e9s creciente a nivel mundial, por profundizar en el tema y ofrecer una soluci\u00f3n integral a la problem\u00e1tica generada por la elevada concentraci\u00f3n de este gas en la atm\u00f3sfera.<\/p>\n<p style=\"text-align: justify;\">Las expertas del Centro Conjunto de Investigaci\u00f3n en Qu\u00edmica Sustentable UAEM-UNAM abundaron que la reducci\u00f3n de emisiones, captura y transformaci\u00f3n de CO2 a productos con valor comercial son temas de gran relevancia que ya han sido estudiados con anterioridad.<\/p>\n<p style=\"text-align: justify;\">En cuanto a la captura de di\u00f3xido de carbono, indicaron que hay avances significativos y actualmente, las t\u00e9cnicas de adsorci\u00f3n, absorci\u00f3n, separaci\u00f3n por membranas y procesos criog\u00e9nicos est\u00e1n disponibles para tal fin.<\/p>\n<p style=\"text-align: justify;\">Explicaron que la transformaci\u00f3n de di\u00f3xido de carbono a productos qu\u00edmicos de amplia demanda requiere de mayor investigaci\u00f3n y desarrollo, y es as\u00ed como surge el inter\u00e9s por incursionar en el proceso conocido como fotos\u00edntesis artificial.<\/p>\n<p style=\"text-align: justify;\">\u201cEste proceso ha sido estudiado desde finales del siglo pasado, con la promesa del desarrollo de no s\u00f3lo una alternativa energ\u00e9tica, sino de una estrategia de remediaci\u00f3n ambiental\u201d.<\/p>\n<p style=\"text-align: justify;\">Precisaron que la fotos\u00edntesis artificial se refiere a la serie de etapas mediante las que el di\u00f3xido de carbono puede transformarse en productos con valor comercial, empleando energ\u00eda luminosa, agua y un catalizador, generado en un proceso atractivo desde el punto de vista t\u00e9cnico y econ\u00f3mico.<\/p>\n<p style=\"text-align: justify;\">Este proceso, dijeron, se ha nombrado fotos\u00edntesis artificial, debido a la similitud que guarda con aquel mediante el cual las plantas transforman el CO2 atmosf\u00e9rico en glucosa y otros carbohidratos, aunado a la liberaci\u00f3n de ox\u00edgeno molecular para el aprovechamiento del ser humano.<\/p>\n<p style=\"text-align: justify;\">Destacaron que aunque la investigaci\u00f3n realizada hasta el momento en este \u00e1mbito marca una tendencia favorable a la producci\u00f3n de qu\u00edmicos con valor comercial, a\u00fan es posible optimizar el proceso, comprendiendo cada etapa de la fotos\u00edntesis natural para transferir exitosamente lo esencial al proceso artificial.<\/p>\n<p style=\"text-align: justify;\">Lourdes Hurtado y Reyna Natividad concluyeron que el proceso de fotos\u00edntesis artificial es viable y su mejora depende del desarrollo de fotocatalizadores eficientes y reactores que permitan el uso \u00f3ptimo de dichos catalizadores.<\/p>\n","protected":false},"excerpt":{"rendered":"<p>Al hablar sobre \u201cFotos\u00edntesis artificial: hacia el aprovechamiento del CO2\u201d, investigadoras universitarias explicaron que es evidente su viabilidad desde el punto de vista t\u00e9cnico. &nbsp; La fotos\u00edntesis artificial es un proceso emergente que busca convertirse en una alternativa energ\u00e9tica, mediante el aprovechamiento del CO2 atmosf\u00e9rico, transform\u00e1ndolo en hidrocarburos e hidr\u00f3geno, con reactivos de amplia disponibilidad, [&hellip;]<\/p>\n","protected":false},"author":2,"featured_media":0,"comment_status":"open","ping_status":"open","sticky":false,"template":"","format":"standard","meta":{"footnotes":""},"categories":[5,1],"tags":[3861,3862],"class_list":{"0":"post-6169","1":"post","2":"type-post","3":"status-publish","4":"format-standard","6":"category-nota-informativa","7":"category-uncategorized","8":"tag-centro-de-investigacion-uaem-unam","9":"tag-fotosintesis-artificial"},"wps_subtitle":"","_links":{"self":[{"href":"https:\/\/www.porlalibreedomex.com\/index.php?rest_route=\/wp\/v2\/posts\/6169","targetHints":{"allow":["GET"]}}],"collection":[{"href":"https:\/\/www.porlalibreedomex.com\/index.php?rest_route=\/wp\/v2\/posts"}],"about":[{"href":"https:\/\/www.porlalibreedomex.com\/index.php?rest_route=\/wp\/v2\/types\/post"}],"author":[{"embeddable":true,"href":"https:\/\/www.porlalibreedomex.com\/index.php?rest_route=\/wp\/v2\/users\/2"}],"replies":[{"embeddable":true,"href":"https:\/\/www.porlalibreedomex.com\/index.php?rest_route=%2Fwp%2Fv2%2Fcomments&post=6169"}],"version-history":[{"count":0,"href":"https:\/\/www.porlalibreedomex.com\/index.php?rest_route=\/wp\/v2\/posts\/6169\/revisions"}],"wp:attachment":[{"href":"https:\/\/www.porlalibreedomex.com\/index.php?rest_route=%2Fwp%2Fv2%2Fmedia&parent=6169"}],"wp:term":[{"taxonomy":"category","embeddable":true,"href":"https:\/\/www.porlalibreedomex.com\/index.php?rest_route=%2Fwp%2Fv2%2Fcategories&post=6169"},{"taxonomy":"post_tag","embeddable":true,"href":"https:\/\/www.porlalibreedomex.com\/index.php?rest_route=%2Fwp%2Fv2%2Ftags&post=6169"}],"curies":[{"name":"wp","href":"https:\/\/api.w.org\/{rel}","templated":true}]}}