{"id":61526,"date":"2022-09-30T00:37:54","date_gmt":"2022-09-30T05:37:54","guid":{"rendered":"https:\/\/www.porlalibreedomex.com\/?p=61526"},"modified":"2022-10-02T00:38:54","modified_gmt":"2022-10-02T05:38:54","slug":"cartografias-trazado-fotografico-de-toluca-imagenes-que-dan-identidad-a-la-capital-mexiquense","status":"publish","type":"post","link":"https:\/\/www.porlalibreedomex.com\/?p=61526","title":{"rendered":"\u201cCartograf\u00edas. Trazado fotogr\u00e1fico de Toluca\u201d im\u00e1genes que dan identidad a la capital mexiquense\u00a0"},"content":{"rendered":"<p align=\"center\"><span lang=\"ES-MX\"><u><\/u>\u00a0<u><\/u><\/span><\/p>\n<ul>\n<li><i><span lang=\"ES-MX\">El libro \u201cCartograf\u00edas. Trazado fotogr\u00e1fico de Toluca\u201d es una obra que captura la cotidianidad urbana toluque\u00f1a desde la presa en Tlachaloya hasta el Parque Ejidal de Cacalomac\u00e1n pasando por el centro hist\u00f3rico.<\/span><u><\/u> <\/i><\/li>\n<li><i><span lang=\"ES-MX\">Carlos Escut\u00eda, autor del libro es comunic\u00f3logo y fot\u00f3grafo egresado de la UAEM\u00e9x<\/span><u><\/u>\u00a0<\/i><\/li>\n<\/ul>\n<p><b><span lang=\"ES-MX\">Toluca, M\u00e9xico, 30 de septiembre de 2022<\/span><\/b><span lang=\"ES-MX\">. Narrar Toluca, detenerla en el tiempo, mirar su caos y su belleza a ras de piso o desde las alturas es parte de lo que se puede apreciar en el libro \u201cCartograf\u00edas. Trazado fotogr\u00e1fico de Toluca\u201d, un compendio de 50 fotograf\u00edas que el comunic\u00f3logo y fot\u00f3grafo, Carlos Escut\u00eda, ha reunido en los \u00faltimos a\u00f1os explorando y viviendo la ciudad que lo vio nacer.<\/span><span lang=\"ES-MX\"><u><\/u>\u00a0<u><\/u><\/span><\/p>\n<p><span lang=\"ES-MX\">El tambi\u00e9n egresado de la Universidad Aut\u00f3noma del Estado de M\u00e9xico (UAEM\u00e9x) comparti\u00f3 que las im\u00e1genes capturadas, algunas de ellas apoyadas con dron, se inspiraron en la visita y aportes que el explorador alem\u00e1n Alexander Von Humboldt realiz\u00f3, hace m\u00e1s de 200 a\u00f1os, cuando visit\u00f3 Toluca y logr\u00f3 determinar con su visi\u00f3n desde la c\u00fapula del Convento de San Juan de Dios -ubicada entre las avenidas de Hidalgo y Morelos- la altitud y longitud de la entonces peque\u00f1a ciudad toluque\u00f1a.<\/span><span lang=\"ES-MX\"><u><\/u>\u00a0<u><\/u><\/span><\/p>\n<p><span lang=\"ES-MX\">Las im\u00e1genes de \u201cCartograf\u00edas\u201d son un trazado actual de la ciudad visto desde las alturas, reflejando el crecimiento de la urbe de la capital mexiquense; pero, tambi\u00e9n, son momentos de la cotidianidad urbana del municipio toluque\u00f1o.<\/span><span lang=\"ES-MX\"><u><\/u>\u00a0<u><\/u><\/span><br \/>\n<a href=\"https:\/\/www.porlalibreedomex.com\/wp-content\/uploads\/2022\/10\/comun-445-foto-2-scaled.jpeg\"><img loading=\"lazy\" decoding=\"async\" class=\"aligncenter size-medium wp-image-61527\" src=\"https:\/\/www.porlalibreedomex.com\/wp-content\/uploads\/2022\/10\/comun-445-foto-2-300x200.jpeg\" alt=\"\" width=\"300\" height=\"200\" \/><\/a><br \/>\n<span lang=\"ES-MX\">En ese sentido, el universitario refiri\u00f3 que ver la ciudad con ojos de ni\u00f1o, con ojos de explorador como lo hizo Von Humboldt fue imprescindible para capturar la cotidianidad toluque\u00f1a que abarca desde la presa en Tlachaloya hasta el Parque Ejidal de Cacalomac\u00e1n pasando por el centro con edificios hist\u00f3ricos, algunos en ruinas y otros con una gran vida.<\/span><span lang=\"ES-MX\"><u><\/u>\u00a0<u><\/u><\/span><\/p>\n<p><span lang=\"ES-MX\">Para el fot\u00f3grafo el clima de Toluca que es caracter\u00edstico y reconocido, incluso a nivel internacional, ten\u00eda que ser capturado, por lo que la lluvia y la neblina est\u00e1n presentes en su obra.<\/span><span lang=\"ES-MX\"><u><\/u>\u00a0<u><\/u><\/span><\/p>\n<p><span lang=\"ES-MX\">\u201cEste entramado de fotograf\u00edas busca tambi\u00e9n, otorgarle cierta identidad a la ciudad. Es un espejo donde se puede reflejar una parte de lo que representa Toluca. Las ciudades son un eje esencial de nuestra forma de estar en el mundo. Como en la literatura, las ciudades pueden ser una persona con sentimientos, sensaciones y deseos, puede haber momentos del d\u00eda donde est\u00e9 feliz, otra harta y algunas melanc\u00f3lica\u201d, refiri\u00f3 el tambi\u00e9n creador digital.<\/span><span lang=\"ES-MX\"><u><\/u>\u00a0<\/span><\/p>\n<p><u><\/u><a href=\"https:\/\/www.porlalibreedomex.com\/wp-content\/uploads\/2022\/10\/comun-445-foto-3-scaled.jpeg\"><img loading=\"lazy\" decoding=\"async\" class=\"aligncenter size-medium wp-image-61528\" src=\"https:\/\/www.porlalibreedomex.com\/wp-content\/uploads\/2022\/10\/comun-445-foto-3-300x200.jpeg\" alt=\"\" width=\"300\" height=\"200\" \/><\/a><\/p>\n<p><span lang=\"ES-MX\">\u201cCartograf\u00edas\u201d tambi\u00e9n es un homenaje a la bicicleta, el veh\u00edculo favorito de Escutia, por lo que adem\u00e1s de aparecer en varias de sus im\u00e1genes como \u201cLa bici de turismo\u201d, \u201cEl puente y la bici\u201d o \u201cDe vuelta\u201d, tambi\u00e9n fue utilizada para capturar \u2013mientras la conduc\u00eda- momentos toluque\u00f1os.<\/span><span lang=\"ES-MX\"><u><\/u>\u00a0<\/span><\/p>\n<p><u><\/u>https:\/\/drive.google.com\/file\/d\/1K_pYrG8t_6hMKfLc4oODw5_zsyCN5ucH\/view?usp=sharing<\/p>\n<p><span lang=\"ES-MX\">\u201cCartograf\u00edas. Trazado fotogr\u00e1fico de Toluca\u201d forma parte de la nueva colecci\u00f3n \u201cJ\u00f3venes. Pasi\u00f3n y Libertad\u201d que impulsa el Fondo Editorial Estado de M\u00e9xico (FOEM) en coedici\u00f3n con la UAEM\u00e9x y que est\u00e1 dedicada a dar voz al nuevo talento art\u00edstico juvenil de la entidad, dando espacio tanto a las letras, como a las artes visuales.<\/span><span lang=\"ES-MX\"><u><\/u>\u00a0<\/span><\/p>\n","protected":false},"excerpt":{"rendered":"<p>\u00a0 El libro \u201cCartograf\u00edas. Trazado fotogr\u00e1fico de Toluca\u201d es una obra que captura la cotidianidad urbana toluque\u00f1a desde la presa en Tlachaloya hasta el Parque Ejidal de Cacalomac\u00e1n pasando por el centro hist\u00f3rico. Carlos Escut\u00eda, autor del libro es comunic\u00f3logo y fot\u00f3grafo egresado de la UAEM\u00e9x\u00a0 Toluca, M\u00e9xico, 30 de septiembre de 2022. Narrar Toluca, [&hellip;]<\/p>\n","protected":false},"author":3,"featured_media":61529,"comment_status":"open","ping_status":"open","sticky":false,"template":"","format":"standard","meta":{"footnotes":""},"categories":[9157,16],"tags":[28272,28274,28275,28273],"class_list":{"0":"post-61526","1":"post","2":"type-post","3":"status-publish","4":"format-standard","5":"has-post-thumbnail","7":"category-edomex","8":"category-foto","9":"tag-alexander-von-humboldt","10":"tag-comunicologo-y-fotografo-carlos-escutia","11":"tag-fotografo-egresado-de-la-uaemex","12":"tag-trazado-fotografico-de-toluca"},"wps_subtitle":"","_links":{"self":[{"href":"https:\/\/www.porlalibreedomex.com\/index.php?rest_route=\/wp\/v2\/posts\/61526","targetHints":{"allow":["GET"]}}],"collection":[{"href":"https:\/\/www.porlalibreedomex.com\/index.php?rest_route=\/wp\/v2\/posts"}],"about":[{"href":"https:\/\/www.porlalibreedomex.com\/index.php?rest_route=\/wp\/v2\/types\/post"}],"author":[{"embeddable":true,"href":"https:\/\/www.porlalibreedomex.com\/index.php?rest_route=\/wp\/v2\/users\/3"}],"replies":[{"embeddable":true,"href":"https:\/\/www.porlalibreedomex.com\/index.php?rest_route=%2Fwp%2Fv2%2Fcomments&post=61526"}],"version-history":[{"count":1,"href":"https:\/\/www.porlalibreedomex.com\/index.php?rest_route=\/wp\/v2\/posts\/61526\/revisions"}],"predecessor-version":[{"id":61530,"href":"https:\/\/www.porlalibreedomex.com\/index.php?rest_route=\/wp\/v2\/posts\/61526\/revisions\/61530"}],"wp:featuredmedia":[{"embeddable":true,"href":"https:\/\/www.porlalibreedomex.com\/index.php?rest_route=\/wp\/v2\/media\/61529"}],"wp:attachment":[{"href":"https:\/\/www.porlalibreedomex.com\/index.php?rest_route=%2Fwp%2Fv2%2Fmedia&parent=61526"}],"wp:term":[{"taxonomy":"category","embeddable":true,"href":"https:\/\/www.porlalibreedomex.com\/index.php?rest_route=%2Fwp%2Fv2%2Fcategories&post=61526"},{"taxonomy":"post_tag","embeddable":true,"href":"https:\/\/www.porlalibreedomex.com\/index.php?rest_route=%2Fwp%2Fv2%2Ftags&post=61526"}],"curies":[{"name":"wp","href":"https:\/\/api.w.org\/{rel}","templated":true}]}}