{"id":61489,"date":"2022-09-29T01:41:35","date_gmt":"2022-09-29T06:41:35","guid":{"rendered":"https:\/\/www.porlalibreedomex.com\/?p=61489"},"modified":"2022-10-01T01:42:43","modified_gmt":"2022-10-01T06:42:43","slug":"resalta-gem-que-dialogo-abierto-con-ayuntamientos-permite-dar-respuesta-a-temas-urgentes-en-beneficio-de-la-poblacion","status":"publish","type":"post","link":"https:\/\/www.porlalibreedomex.com\/?p=61489","title":{"rendered":"RESALTA GEM QUE DI\u00c1LOGO ABIERTO CON AYUNTAMIENTOS PERMITE DAR RESPUESTA A TEMAS URGENTES EN BENEFICIO DE LA POBLACI\u00d3N"},"content":{"rendered":"<div><\/div>\n<div><em><strong>\u2022 Preside Luis Felipe Puente Espinosa, Secretario General de Gobierno, a nombre del Gobernador Alfredo Del Mazo Maza, la Mesa de Fortalecimiento Municipal de la Regi\u00f3n XI Nezahualc\u00f3yotl.<\/strong><\/em><\/div>\n<div><em><strong>\u2022 Resalta eficiencia, responsabilidad y trabajo para resolver las necesidades de los habitantes de este municipio.<\/strong><\/em><\/div>\n<div><\/div>\n<div><strong>Nezahualc\u00f3yotl, Estado de M\u00e9xico, 29 de septiembre de 2022.<\/strong> Para conocer de primera mano los alcances de la actividad p\u00fablica de los ayuntamientos, as\u00ed como el car\u00e1cter de las necesidades m\u00e1s apremiantes de la poblaci\u00f3n, Luis Felipe Puente Espinosa, encabez\u00f3 los trabajos de la Mesa de Fortalecimiento Municipal de la Regi\u00f3n XI Nezahualc\u00f3yotl, donde se comprometi\u00f3 a establecer mesas de di\u00e1logo abierto y directo, a fin de dar respuesta a temas urgentes de infraestructura carretera, hidr\u00e1ulica, de salud y de desarrollo urbano, principalmente.<\/div>\n<div>Con la presencia de la Secretaria de las Mujeres y Comisionada Regional, Martha Hilda Gonz\u00e1lez Calder\u00f3n, el funcionario mexiquense se\u00f1al\u00f3 que, a partir del intercambio de experiencias, es que se potencia el trabajo con eficiencia para abonar a mejorar la calidad de vida de las comunidades y colonias.<\/div>\n<div>A cinco a\u00f1os de la actual gesti\u00f3n del Gobernador Alfredo Del Mazo Maza, Puente Espinosa dijo que el Gobierno del estado mantiene en este espacio de v\u00ednculo interinstitucional, un mecanismo que permite el ejercicio corresponsable de gobierno y de eficiencia, a trav\u00e9s de la integraci\u00f3n de la suma de esfuerzos.<\/div>\n<div><a href=\"https:\/\/www.porlalibreedomex.com\/wp-content\/uploads\/2022\/10\/WhatsApp-Image-2022-09-29-at-2.51.22-PM-2.jpeg\"><img loading=\"lazy\" decoding=\"async\" class=\"aligncenter size-full wp-image-61491\" src=\"https:\/\/www.porlalibreedomex.com\/wp-content\/uploads\/2022\/10\/WhatsApp-Image-2022-09-29-at-2.51.22-PM-2.jpeg\" alt=\"\" width=\"997\" height=\"698\" srcset=\"https:\/\/www.porlalibreedomex.com\/wp-content\/uploads\/2022\/10\/WhatsApp-Image-2022-09-29-at-2.51.22-PM-2.jpeg 997w, https:\/\/www.porlalibreedomex.com\/wp-content\/uploads\/2022\/10\/WhatsApp-Image-2022-09-29-at-2.51.22-PM-2-300x210.jpeg 300w, https:\/\/www.porlalibreedomex.com\/wp-content\/uploads\/2022\/10\/WhatsApp-Image-2022-09-29-at-2.51.22-PM-2-768x538.jpeg 768w, https:\/\/www.porlalibreedomex.com\/wp-content\/uploads\/2022\/10\/WhatsApp-Image-2022-09-29-at-2.51.22-PM-2-130x90.jpeg 130w\" sizes=\"auto, (max-width: 997px) 100vw, 997px\" \/><\/a><\/div>\n<div><\/div>\n<div>La titular de la Secretar\u00eda de las Mujeres, Martha Hilda Gonz\u00e1lez Calder\u00f3n, se\u00f1al\u00f3 que la instrucci\u00f3n del mandatario estatal es dar seguimiento a los trabajos y acciones que se realizan en esta regi\u00f3n por lo que destac\u00f3 que estas Mesas sirven para atender los temas que preocupan al municipio.<\/div>\n<div><\/div>\n<div>En su intervenci\u00f3n, Adolfo Cerqueda Rebollo, Presidente municipal de Nezahualco\u00ecyotl, celebr\u00f3 esta din\u00e1mica de trabajo para no perder de vista los objetivos de esta Mesa, y resalt\u00f3 el intercambio de necesidades para revisar y dar soluci\u00f3n a los temas municipales de forma conjunta como la infraestructura carrera, regularizaci\u00f3n de la vivienda, salud, seguridad y movilidad, entre otros.<\/div>\n<div>Por su parte, Francisco Javier Portillo, Jefe de la Jurisdiccio\u00ecn de Salud de la Secretari\u00eca de Salud en Nezahualco\u00ecyotl, dio a conocer el informe de las cifras de vacunacio\u00ecn contra COVID-19, casos de viruela si\u00ecmica y Jornadas Comunitarias de Mastografi\u00ecas.<\/div>\n<div><a href=\"https:\/\/www.porlalibreedomex.com\/wp-content\/uploads\/2022\/10\/WhatsApp-Image-2022-09-29-at-2.51.22-PM-1.jpeg\"><img loading=\"lazy\" decoding=\"async\" class=\"aligncenter size-full wp-image-61490\" src=\"https:\/\/www.porlalibreedomex.com\/wp-content\/uploads\/2022\/10\/WhatsApp-Image-2022-09-29-at-2.51.22-PM-1.jpeg\" alt=\"\" width=\"765\" height=\"683\" srcset=\"https:\/\/www.porlalibreedomex.com\/wp-content\/uploads\/2022\/10\/WhatsApp-Image-2022-09-29-at-2.51.22-PM-1.jpeg 765w, https:\/\/www.porlalibreedomex.com\/wp-content\/uploads\/2022\/10\/WhatsApp-Image-2022-09-29-at-2.51.22-PM-1-300x268.jpeg 300w\" sizes=\"auto, (max-width: 765px) 100vw, 765px\" \/><\/a><\/div>\n<div>Asimismo, Mishel Paola Aguirre Herna\u00ecndez, Directora de Servicios Culturales la Secretari\u00eca de Cultura y Turismo, inform\u00f3 sobre el avance sobre los trabajos de remodelacio\u00ecn del Centro Regional de Cultural de Nezahualco\u00ecyotl y el Programa El Saber de las Calles (Programa de Atencio\u00ecn y Prevencio\u00ecn a las Violencias), coordinado con la Secretari\u00eca de Seguridad, para la prevenci\u00f3n de la violencia social.<\/div>\n<div><\/div>\n<p>Finalmente, Rub\u00e9n Tovar, representante de la Secretar\u00eda Desarrollo Urbano y Obra, se refiri\u00f3 al tema hidr\u00e1ulico de la zona y que, debido a la complejidad de este tema por socavones y hundimientos, se ha trabajado para obtener nuevos pozos de agua y posibles fuentes de abastecimiento.<\/p>\n","protected":false},"excerpt":{"rendered":"<p>\u2022 Preside Luis Felipe Puente Espinosa, Secretario General de Gobierno, a nombre del Gobernador Alfredo Del Mazo Maza, la Mesa de Fortalecimiento Municipal de la Regi\u00f3n XI Nezahualc\u00f3yotl. \u2022 Resalta eficiencia, responsabilidad y trabajo para resolver las necesidades de los habitantes de este municipio. Nezahualc\u00f3yotl, Estado de M\u00e9xico, 29 de septiembre de 2022. Para conocer [&hellip;]<\/p>\n","protected":false},"author":3,"featured_media":61492,"comment_status":"open","ping_status":"open","sticky":false,"template":"","format":"standard","meta":{"footnotes":""},"categories":[9157,16],"tags":[1660,27124,701],"class_list":{"0":"post-61489","1":"post","2":"type-post","3":"status-publish","4":"format-standard","5":"has-post-thumbnail","7":"category-edomex","8":"category-foto","9":"tag-luis-felipe-puente-espinosa","10":"tag-mesa-de-fortalecimiento-municipal-r-xi","11":"tag-secretario-general-de-gobierno"},"wps_subtitle":"","_links":{"self":[{"href":"https:\/\/www.porlalibreedomex.com\/index.php?rest_route=\/wp\/v2\/posts\/61489","targetHints":{"allow":["GET"]}}],"collection":[{"href":"https:\/\/www.porlalibreedomex.com\/index.php?rest_route=\/wp\/v2\/posts"}],"about":[{"href":"https:\/\/www.porlalibreedomex.com\/index.php?rest_route=\/wp\/v2\/types\/post"}],"author":[{"embeddable":true,"href":"https:\/\/www.porlalibreedomex.com\/index.php?rest_route=\/wp\/v2\/users\/3"}],"replies":[{"embeddable":true,"href":"https:\/\/www.porlalibreedomex.com\/index.php?rest_route=%2Fwp%2Fv2%2Fcomments&post=61489"}],"version-history":[{"count":1,"href":"https:\/\/www.porlalibreedomex.com\/index.php?rest_route=\/wp\/v2\/posts\/61489\/revisions"}],"predecessor-version":[{"id":61493,"href":"https:\/\/www.porlalibreedomex.com\/index.php?rest_route=\/wp\/v2\/posts\/61489\/revisions\/61493"}],"wp:featuredmedia":[{"embeddable":true,"href":"https:\/\/www.porlalibreedomex.com\/index.php?rest_route=\/wp\/v2\/media\/61492"}],"wp:attachment":[{"href":"https:\/\/www.porlalibreedomex.com\/index.php?rest_route=%2Fwp%2Fv2%2Fmedia&parent=61489"}],"wp:term":[{"taxonomy":"category","embeddable":true,"href":"https:\/\/www.porlalibreedomex.com\/index.php?rest_route=%2Fwp%2Fv2%2Fcategories&post=61489"},{"taxonomy":"post_tag","embeddable":true,"href":"https:\/\/www.porlalibreedomex.com\/index.php?rest_route=%2Fwp%2Fv2%2Ftags&post=61489"}],"curies":[{"name":"wp","href":"https:\/\/api.w.org\/{rel}","templated":true}]}}