{"id":61476,"date":"2022-09-29T01:38:53","date_gmt":"2022-09-29T06:38:53","guid":{"rendered":"https:\/\/www.porlalibreedomex.com\/?p=61476"},"modified":"2022-09-30T01:42:55","modified_gmt":"2022-09-30T06:42:55","slug":"el-ejercicio-de-la-sexualidad-es-un-derecho-humano-que-debe-ejercerse-de-forma-libre-responsable-y-plena-fernanda-martinez-vilchis","status":"publish","type":"post","link":"https:\/\/www.porlalibreedomex.com\/?p=61476","title":{"rendered":"EL EJERCICIO DE LA SEXUALIDAD ES UN DERECHO HUMANO QUE DEBE EJERCERSE DE FORMA LIBRE, RESPONSABLE Y PLENA: FERNANDA MART\u00cdNEZ VILCHIS"},"content":{"rendered":"<ul>\n<li><strong><em>La Oficial Local del Comit\u00e9 SCORA, resalt\u00f3 que es importante que tanto hombres, como mujeres y personas de la comunidad LGBTTTI ejerzan su sexualidad de manera responsable e informada.<\/em><\/strong><\/li>\n<li><em><strong>Alerta Ginarely Valencia sobre el elevado n\u00famero de adolescentes embarazadas, muy posiblemente, por falta de informaci\u00f3n para ejercer su sexualidad.\u00a0<\/strong><\/em><\/li>\n<li><strong><em><strong>E<\/strong>s necesario que al momento de comenzar la vida sexual, cada quien acuda con un m\u00e9dico para usar el m\u00e9todo anticonceptivo adecuado a sus necesidades.<\/em><\/strong><\/li>\n<\/ul>\n<p><strong>Toluca, M\u00e9xico, 28 de septiembre de 2022.<\/strong> El ejercicio de la sexualidad es un derecho de todas y todos que va m\u00e1s all\u00e1 de la reproducci\u00f3n humana, y se expresa a trav\u00e9s de lo es el g\u00e9nero, el erotismo y la afectividad, mencion\u00f3 Mar\u00eda Fernanda Mart\u00ednez Vilchis, Oficial Local del Comit\u00e9 SCORA de la Organizaci\u00f3n en Pro de la Salud (OEPSA) durante la <strong>conferencia \u201cSin Pelos en las Manos\u201d<\/strong> impartida en el Plantel \u201c\u00c1ngel Ma. Garibay Kintana\u201d de la Escuela Preparatoria de la Universidad Aut\u00f3noma del Estado de M\u00e9xico (UAEM\u00e9x).<\/p>\n<p><a href=\"https:\/\/www.porlalibreedomex.com\/wp-content\/uploads\/2022\/09\/Conferencia-sobre-Sexualidad-Responsable-e-informada-impartida-por-Fernanda-Martinez-Vilchis-en-la-Preparatoria-Angel-Maria-Garibay-Quintana-UAEMex.jpg\"><img loading=\"lazy\" decoding=\"async\" class=\"aligncenter size-full wp-image-61477\" src=\"https:\/\/www.porlalibreedomex.com\/wp-content\/uploads\/2022\/09\/Conferencia-sobre-Sexualidad-Responsable-e-informada-impartida-por-Fernanda-Martinez-Vilchis-en-la-Preparatoria-Angel-Maria-Garibay-Quintana-UAEMex.jpg\" alt=\"\" width=\"1280\" height=\"853\" srcset=\"https:\/\/www.porlalibreedomex.com\/wp-content\/uploads\/2022\/09\/Conferencia-sobre-Sexualidad-Responsable-e-informada-impartida-por-Fernanda-Martinez-Vilchis-en-la-Preparatoria-Angel-Maria-Garibay-Quintana-UAEMex.jpg 1280w, https:\/\/www.porlalibreedomex.com\/wp-content\/uploads\/2022\/09\/Conferencia-sobre-Sexualidad-Responsable-e-informada-impartida-por-Fernanda-Martinez-Vilchis-en-la-Preparatoria-Angel-Maria-Garibay-Quintana-UAEMex-300x200.jpg 300w, https:\/\/www.porlalibreedomex.com\/wp-content\/uploads\/2022\/09\/Conferencia-sobre-Sexualidad-Responsable-e-informada-impartida-por-Fernanda-Martinez-Vilchis-en-la-Preparatoria-Angel-Maria-Garibay-Quintana-UAEMex-1024x682.jpg 1024w, https:\/\/www.porlalibreedomex.com\/wp-content\/uploads\/2022\/09\/Conferencia-sobre-Sexualidad-Responsable-e-informada-impartida-por-Fernanda-Martinez-Vilchis-en-la-Preparatoria-Angel-Maria-Garibay-Quintana-UAEMex-768x512.jpg 768w\" sizes=\"auto, (max-width: 1280px) 100vw, 1280px\" \/><\/a><\/p>\n<p>Acompa\u00f1ada de la Directora General de Comunicaci\u00f3n Universitaria, Ginarely Valencia Alc\u00e1ntara, el director del Plantel, Miguel Francisco Guti\u00e9rrez S\u00e1nchez y la Consejera Universitaria del espacio acad\u00e9mico, Jaqueline Mortera Pintor; Mart\u00ednez Vilchis destac\u00f3 que es importante trabajar los mitos entorno a la sexualidad con base en el g\u00e9nero o sexo de las personas, ya que la mayor\u00eda de ellos responden a construcciones sociales que estigamtizan el ejercicio libre y pleno de \u00e9sta.<\/p>\n<p>\u201cEs importante que desde el nivel preescolar se hable de temas relacionados con la sexualidad, ya que de esta forma desde la infancia se conocen y nombran las partes del cuerpo, ense\u00f1ando los cuidados de higiene que se deben de tener y sobre todo se previene el abuso sexual infantil\u201d abund\u00f3.<\/p>\n<p>Fernanda Vilchis resalt\u00f3 que es importante que tanto hombres como mujeres y personas de la comunidad LGBTTTI ejerzan su sexualidad de manera responsable, por ello es necesario que al momento de que se comience la vida sexual se acuda con un m\u00e9dico para usar un m\u00e9todo anticonceptivo que se acople a las necesidades de su cuerpo.<\/p>\n<p>Finalmente, la tambi\u00e9n estudiante de Licenciatura en M\u00e9dico Cirujano de la M\u00e1xima Casa de Estudios mexiquense se\u00f1al\u00f3 que es importante que las y los adolescentes cuenten con una red de apoyo que les acompa\u00f1e durante el inici\u00f3 de su vida sexual para orientarlos, acompa\u00f1arlos y les acerquen informaci\u00f3n para que puedan ejercerla de manera plena y segura.<\/p>\n<figure id=\"attachment_61478\" aria-describedby=\"caption-attachment-61478\" style=\"width: 1280px\" class=\"wp-caption aligncenter\"><a href=\"https:\/\/www.porlalibreedomex.com\/wp-content\/uploads\/2022\/09\/Conferencia-sobre-Sexualidad-Responsable-e-Informada-en-la-UAEMex-de-Fernanda-Martinez-Vilchis-desperto-gran-interes-entre-los-jovenes..jpg\"><img loading=\"lazy\" decoding=\"async\" class=\"size-full wp-image-61478\" src=\"https:\/\/www.porlalibreedomex.com\/wp-content\/uploads\/2022\/09\/Conferencia-sobre-Sexualidad-Responsable-e-Informada-en-la-UAEMex-de-Fernanda-Martinez-Vilchis-desperto-gran-interes-entre-los-jovenes..jpg\" alt=\"\" width=\"1280\" height=\"853\" srcset=\"https:\/\/www.porlalibreedomex.com\/wp-content\/uploads\/2022\/09\/Conferencia-sobre-Sexualidad-Responsable-e-Informada-en-la-UAEMex-de-Fernanda-Martinez-Vilchis-desperto-gran-interes-entre-los-jovenes..jpg 1280w, https:\/\/www.porlalibreedomex.com\/wp-content\/uploads\/2022\/09\/Conferencia-sobre-Sexualidad-Responsable-e-Informada-en-la-UAEMex-de-Fernanda-Martinez-Vilchis-desperto-gran-interes-entre-los-jovenes.-300x200.jpg 300w, https:\/\/www.porlalibreedomex.com\/wp-content\/uploads\/2022\/09\/Conferencia-sobre-Sexualidad-Responsable-e-Informada-en-la-UAEMex-de-Fernanda-Martinez-Vilchis-desperto-gran-interes-entre-los-jovenes.-1024x682.jpg 1024w, https:\/\/www.porlalibreedomex.com\/wp-content\/uploads\/2022\/09\/Conferencia-sobre-Sexualidad-Responsable-e-Informada-en-la-UAEMex-de-Fernanda-Martinez-Vilchis-desperto-gran-interes-entre-los-jovenes.-768x512.jpg 768w\" sizes=\"auto, (max-width: 1280px) 100vw, 1280px\" \/><\/a><figcaption id=\"caption-attachment-61478\" class=\"wp-caption-text\">Conferencia sobre Sexualidad Responsable e Informada, en la UAEM\u00e9x, de Fernanda Mart\u00ednez Vilchis, despert\u00f3 gran inter\u00e9s entre los j\u00f3venes.<\/figcaption><\/figure>\n<p>En el marco del cuadrag\u00e9simo cuarto aniversario del Plantel \u201cDr. Angel Ma. Garibay Kintana\u201d de la Escuela Preparatoria, la <strong>Directora General de Comunicaci\u00f3n Universitaria, Ginarely Valencia Alc\u00e1ntara<\/strong> mencion\u00f3 que de acuerdo con la Organizaci\u00f3n para la Cooperaci\u00f3n y el Desarrollo Econ\u00f3mico (OCDE), de los 38 pa\u00edses miembros, M\u00e9xico ocupa el primer lugar en embarazos adolescentes. Tan solo en 2020 se registraron\u00a0 21 mil partos de madres adolescentes de entre 15 y 19 a\u00f1os.<\/p>\n<p>Abund\u00f3 que el reto es brindar herramientas y estrategias para que las juventudes cuenten con una educaci\u00f3n sexual integral y puedan acceder a m\u00e9todos anticonceptivos seguros, para tomar decisiones fundamentadas y ejerzan su sexualidad de manera plena, libre e informada.<\/p>\n","protected":false},"excerpt":{"rendered":"<p>La Oficial Local del Comit\u00e9 SCORA, resalt\u00f3 que es importante que tanto hombres, como mujeres y personas de la comunidad LGBTTTI ejerzan su sexualidad de manera responsable e informada. Alerta Ginarely Valencia sobre el elevado n\u00famero de adolescentes embarazadas, muy posiblemente, por falta de informaci\u00f3n para ejercer su sexualidad.\u00a0 Es necesario que al momento de [&hellip;]<\/p>\n","protected":false},"author":3,"featured_media":61479,"comment_status":"open","ping_status":"open","sticky":false,"template":"","format":"standard","meta":{"footnotes":""},"categories":[9148,16,9209],"tags":[28252,28249,28250,28251,23345,28247,28128,28248],"class_list":{"0":"post-61476","1":"post","2":"type-post","3":"status-publish","4":"format-standard","5":"has-post-thumbnail","7":"category-educacion","8":"category-foto","9":"category-salud","10":"tag-demasiadas-adolescentes-embarazadas","11":"tag-directora-general-de-comunicacion-uaemex","12":"tag-ejercer-sexualidad-responsablemente","13":"tag-en-sexualidad-informar-es-prevenir","14":"tag-ginarely-valencia-alcantara","15":"tag-maria-fernanda-martinez-vilchis","16":"tag-miguel-francisco-gutierrez-sanchez","17":"tag-oficial-local-del-comite-scora"},"wps_subtitle":"Conferencia ofrecida en la Preparatoria \u00c1ngel Mar\u00eda Garibay Quintana, de la UAEM\u00e9x.","_links":{"self":[{"href":"https:\/\/www.porlalibreedomex.com\/index.php?rest_route=\/wp\/v2\/posts\/61476","targetHints":{"allow":["GET"]}}],"collection":[{"href":"https:\/\/www.porlalibreedomex.com\/index.php?rest_route=\/wp\/v2\/posts"}],"about":[{"href":"https:\/\/www.porlalibreedomex.com\/index.php?rest_route=\/wp\/v2\/types\/post"}],"author":[{"embeddable":true,"href":"https:\/\/www.porlalibreedomex.com\/index.php?rest_route=\/wp\/v2\/users\/3"}],"replies":[{"embeddable":true,"href":"https:\/\/www.porlalibreedomex.com\/index.php?rest_route=%2Fwp%2Fv2%2Fcomments&post=61476"}],"version-history":[{"count":3,"href":"https:\/\/www.porlalibreedomex.com\/index.php?rest_route=\/wp\/v2\/posts\/61476\/revisions"}],"predecessor-version":[{"id":61482,"href":"https:\/\/www.porlalibreedomex.com\/index.php?rest_route=\/wp\/v2\/posts\/61476\/revisions\/61482"}],"wp:featuredmedia":[{"embeddable":true,"href":"https:\/\/www.porlalibreedomex.com\/index.php?rest_route=\/wp\/v2\/media\/61479"}],"wp:attachment":[{"href":"https:\/\/www.porlalibreedomex.com\/index.php?rest_route=%2Fwp%2Fv2%2Fmedia&parent=61476"}],"wp:term":[{"taxonomy":"category","embeddable":true,"href":"https:\/\/www.porlalibreedomex.com\/index.php?rest_route=%2Fwp%2Fv2%2Fcategories&post=61476"},{"taxonomy":"post_tag","embeddable":true,"href":"https:\/\/www.porlalibreedomex.com\/index.php?rest_route=%2Fwp%2Fv2%2Ftags&post=61476"}],"curies":[{"name":"wp","href":"https:\/\/api.w.org\/{rel}","templated":true}]}}