{"id":61467,"date":"2022-09-29T20:07:55","date_gmt":"2022-09-30T01:07:55","guid":{"rendered":"https:\/\/www.porlalibreedomex.com\/?p=61467"},"modified":"2022-09-29T20:07:55","modified_gmt":"2022-09-30T01:07:55","slug":"metepec-une-al-mundo-y-al-talento-de-mexico-en-quimera-2022","status":"publish","type":"post","link":"https:\/\/www.porlalibreedomex.com\/?p=61467","title":{"rendered":"METEPEC UNE AL MUNDO Y AL TALENTO DE M\u00c9XICO EN \u201cQUIMERA 2022\u201d"},"content":{"rendered":"<p>&nbsp;<\/p>\n<p>\u2022 <em><strong>Apuntala programa artistas consolidados en conciertos estelares.<\/strong><\/em><\/p>\n<p><em><strong>\u2022 Del 8 al 16 de octubre, expresiones de las bellas artes engalanar\u00e1n a Metepec tras a\u00f1os de ausencia.<\/strong><\/em><\/p>\n<p style=\"padding-left: 40px;\">\n<p><em><strong>Metepec, M\u00e9xico; 29 de septiembre de 2022<\/strong><\/em>. La trig\u00e9sima segunda edici\u00f3n del Festival Internacional de Arte y Cultura Quimera 2022, celebrada en Metepec, reunir\u00e1 a m\u00e1s de 150 artistas locales, la participaci\u00f3n m\u00e1s nutrida en la historia del acontecimiento cultural m\u00e1s importante del Estado de M\u00e9xico.<\/p>\n<p><a href=\"https:\/\/www.porlalibreedomex.com\/wp-content\/uploads\/2022\/09\/IMG-20220926-WA0198.jpg\"><img loading=\"lazy\" decoding=\"async\" class=\"aligncenter size-full wp-image-61468\" src=\"https:\/\/www.porlalibreedomex.com\/wp-content\/uploads\/2022\/09\/IMG-20220926-WA0198.jpg\" alt=\"\" width=\"682\" height=\"1024\" srcset=\"https:\/\/www.porlalibreedomex.com\/wp-content\/uploads\/2022\/09\/IMG-20220926-WA0198.jpg 682w, https:\/\/www.porlalibreedomex.com\/wp-content\/uploads\/2022\/09\/IMG-20220926-WA0198-200x300.jpg 200w\" sizes=\"auto, (max-width: 682px) 100vw, 682px\" \/><\/a><\/p>\n<p>En conferencia de prensa encabezada por el alcalde Fernando Flores Fern\u00e1ndez, se dieron a conocer los detalles del programa general \u201cMetepec Une al Mundo\u201d, que tendr\u00e1 como invitados a Per\u00fa, Brasil, L\u00edbano, Corea, Colombia, Jap\u00f3n y Nigeria, pero sobre todo a los amantes de todas las expresiones de las bellas artes con acceso libre en los siguientes foros: Teatro Quimera, Plaza Benito Ju\u00e1rez, Escalinatas del Calvario, Centro de Exposici\u00f3n y Venta Artesanal, Parques Providencia y la Loma en Rancho San Francisco, Museo del Barro y Unidad m\u00f3vil itinerante, \u00e9sta \u00faltima visitar\u00e1 diversas comunidades.<\/p>\n<p><a href=\"https:\/\/www.porlalibreedomex.com\/wp-content\/uploads\/2022\/09\/IMG-20220929-WA0132.jpg\"><img loading=\"lazy\" decoding=\"async\" class=\"aligncenter size-large wp-image-61473\" src=\"https:\/\/www.porlalibreedomex.com\/wp-content\/uploads\/2022\/09\/IMG-20220929-WA0132-682x1024.jpg\" alt=\"\" width=\"682\" height=\"1024\" srcset=\"https:\/\/www.porlalibreedomex.com\/wp-content\/uploads\/2022\/09\/IMG-20220929-WA0132-682x1024.jpg 682w, https:\/\/www.porlalibreedomex.com\/wp-content\/uploads\/2022\/09\/IMG-20220929-WA0132-200x300.jpg 200w, https:\/\/www.porlalibreedomex.com\/wp-content\/uploads\/2022\/09\/IMG-20220929-WA0132-768x1152.jpg 768w, https:\/\/www.porlalibreedomex.com\/wp-content\/uploads\/2022\/09\/IMG-20220929-WA0132.jpg 853w\" sizes=\"auto, (max-width: 682px) 100vw, 682px\" \/><\/a><\/p>\n<p>El presidente municipal, subray\u00f3 el gran esfuerzo del ayuntamiento para la realizaci\u00f3n del evento cultural, que tiene como base fundamental dijo, los ciudadanos \u201ca quienes nos debemos para darles lo mejor en un ambiente festivo de alegr\u00eda y uni\u00f3n en torno a la cultura\u201d.<\/p>\n<p>&nbsp;<\/p>\n<p>Del 8 al 16 de octubre, despu\u00e9s de dos a\u00f1os de ausencia presencial, el Festival Quimera regresa con una cartelera que, adem\u00e1s de presentaciones art\u00edsticas, es con causa, interactiva, ambiental, educativa y para todo el p\u00fablico, evento con una inversi\u00f3n total de 14 millones de pesos de recursos propios, con apoyo de 22 patrocinadores.<\/p>\n<p style=\"text-align: left;\"><a href=\"https:\/\/www.porlalibreedomex.com\/wp-content\/uploads\/2022\/09\/IMG-20220929-WA0131.jpg\"><img loading=\"lazy\" decoding=\"async\" class=\"aligncenter size-full wp-image-61471\" src=\"https:\/\/www.porlalibreedomex.com\/wp-content\/uploads\/2022\/09\/IMG-20220929-WA0131.jpg\" alt=\"\" width=\"1280\" height=\"853\" srcset=\"https:\/\/www.porlalibreedomex.com\/wp-content\/uploads\/2022\/09\/IMG-20220929-WA0131.jpg 1280w, https:\/\/www.porlalibreedomex.com\/wp-content\/uploads\/2022\/09\/IMG-20220929-WA0131-300x200.jpg 300w, https:\/\/www.porlalibreedomex.com\/wp-content\/uploads\/2022\/09\/IMG-20220929-WA0131-1024x682.jpg 1024w, https:\/\/www.porlalibreedomex.com\/wp-content\/uploads\/2022\/09\/IMG-20220929-WA0131-768x512.jpg 768w\" sizes=\"auto, (max-width: 1280px) 100vw, 1280px\" \/><\/a><\/p>\n<p>Los conciertos estelares, estar\u00e1n a cargo de Eugenia Le\u00f3n, Ely Guerra, Ximena Sari\u00f1ana, Fernando Delgadillo, el Ballet de Amalia Hern\u00e1ndez, Sonoman, Nortec, Kynky, Iraida Noriega, Rubytates, Midnight Generation, por mencionar algunos de los artistas consolidados y reconocidos por su larga trayectoria, calidad y personalidad incluso, m\u00e1s all\u00e1 de las fronteras, a la que se une la exposici\u00f3n de la destacada escultora Leonora Carrington.<\/p>\n<p>&nbsp;<\/p>\n<p>Cabe destacar que Quimera 2022, tendr\u00e1 conciertos en las comunidades, adem\u00e1s, en los foros locales, habr\u00e1 actividades infantiles y conciertos de rock; ser\u00e1 un espacio educativo, ambiental y de apoyo a causas de inter\u00e9s colectivo.<\/p>\n<p><img loading=\"lazy\" decoding=\"async\" class=\"aligncenter size-full wp-image-61470\" src=\"https:\/\/www.porlalibreedomex.com\/wp-content\/uploads\/2022\/09\/IMG-20220929-WA0134.jpg\" alt=\"\" width=\"1018\" height=\"1600\" srcset=\"https:\/\/www.porlalibreedomex.com\/wp-content\/uploads\/2022\/09\/IMG-20220929-WA0134.jpg 1018w, https:\/\/www.porlalibreedomex.com\/wp-content\/uploads\/2022\/09\/IMG-20220929-WA0134-191x300.jpg 191w, https:\/\/www.porlalibreedomex.com\/wp-content\/uploads\/2022\/09\/IMG-20220929-WA0134-652x1024.jpg 652w, https:\/\/www.porlalibreedomex.com\/wp-content\/uploads\/2022\/09\/IMG-20220929-WA0134-768x1207.jpg 768w, https:\/\/www.porlalibreedomex.com\/wp-content\/uploads\/2022\/09\/IMG-20220929-WA0134-977x1536.jpg 977w\" sizes=\"auto, (max-width: 1018px) 100vw, 1018px\" \/>de<\/p>\n<p>El festival, tendr\u00e1 amplio dispositivo integral de Seguridad, a trav\u00e9s de la Corporaci\u00f3n de Polic\u00eda local en coordinaci\u00f3n con la Secretar\u00eda de Seguridad de la entidad, as\u00ed como el personal municipal de Protecci\u00f3n Civil y Bomberos, a los que se sumar\u00e1 la Direcci\u00f3n de Gobernaci\u00f3n para el ordenamiento de 230 comercios de temporada; destacar que no habr\u00e1 venta alcohol en la v\u00eda p\u00fablica, as\u00ed como operativo alcohol\u00edmetro.<\/p>\n<p>&nbsp;<\/p>\n<p style=\"text-align: left;\">Se prev\u00e9 una asistencia de 190 mil personas y una derrama econ\u00f3mica superior a los 60 millones de pesos directo para prestadores de servicios.<\/p>\n","protected":false},"excerpt":{"rendered":"<p>&nbsp; \u2022 Apuntala programa artistas consolidados en conciertos estelares. \u2022 Del 8 al 16 de octubre, expresiones de las bellas artes engalanar\u00e1n a Metepec tras a\u00f1os de ausencia. Metepec, M\u00e9xico; 29 de septiembre de 2022. La trig\u00e9sima segunda edici\u00f3n del Festival Internacional de Arte y Cultura Quimera 2022, celebrada en Metepec, reunir\u00e1 a m\u00e1s de [&hellip;]<\/p>\n","protected":false},"author":3,"featured_media":61469,"comment_status":"open","ping_status":"open","sticky":false,"template":"","format":"standard","meta":{"footnotes":""},"categories":[9873,9157,16],"tags":[25725,28246,28245,28244],"class_list":{"0":"post-61467","1":"post","2":"type-post","3":"status-publish","4":"format-standard","5":"has-post-thumbnail","7":"category-cultura","8":"category-edomex","9":"category-foto","10":"tag-alcalde-fernando-flores-fernandez","11":"tag-en-metepec-afestival-de-arte-y-cultura","12":"tag-quimera-del-8-al-16-de-octubre","13":"tag-vuelve-el-festival-quimera-a-metepec"},"wps_subtitle":"Regresa el Festival de Arte y Cultura luego de a\u00f1os de ausencia. Lo","_links":{"self":[{"href":"https:\/\/www.porlalibreedomex.com\/index.php?rest_route=\/wp\/v2\/posts\/61467","targetHints":{"allow":["GET"]}}],"collection":[{"href":"https:\/\/www.porlalibreedomex.com\/index.php?rest_route=\/wp\/v2\/posts"}],"about":[{"href":"https:\/\/www.porlalibreedomex.com\/index.php?rest_route=\/wp\/v2\/types\/post"}],"author":[{"embeddable":true,"href":"https:\/\/www.porlalibreedomex.com\/index.php?rest_route=\/wp\/v2\/users\/3"}],"replies":[{"embeddable":true,"href":"https:\/\/www.porlalibreedomex.com\/index.php?rest_route=%2Fwp%2Fv2%2Fcomments&post=61467"}],"version-history":[{"count":1,"href":"https:\/\/www.porlalibreedomex.com\/index.php?rest_route=\/wp\/v2\/posts\/61467\/revisions"}],"predecessor-version":[{"id":61474,"href":"https:\/\/www.porlalibreedomex.com\/index.php?rest_route=\/wp\/v2\/posts\/61467\/revisions\/61474"}],"wp:featuredmedia":[{"embeddable":true,"href":"https:\/\/www.porlalibreedomex.com\/index.php?rest_route=\/wp\/v2\/media\/61469"}],"wp:attachment":[{"href":"https:\/\/www.porlalibreedomex.com\/index.php?rest_route=%2Fwp%2Fv2%2Fmedia&parent=61467"}],"wp:term":[{"taxonomy":"category","embeddable":true,"href":"https:\/\/www.porlalibreedomex.com\/index.php?rest_route=%2Fwp%2Fv2%2Fcategories&post=61467"},{"taxonomy":"post_tag","embeddable":true,"href":"https:\/\/www.porlalibreedomex.com\/index.php?rest_route=%2Fwp%2Fv2%2Ftags&post=61467"}],"curies":[{"name":"wp","href":"https:\/\/api.w.org\/{rel}","templated":true}]}}