{"id":61456,"date":"2022-09-28T03:28:03","date_gmt":"2022-09-28T08:28:03","guid":{"rendered":"https:\/\/www.porlalibreedomex.com\/?p=61456"},"modified":"2022-09-29T03:28:34","modified_gmt":"2022-09-29T08:28:34","slug":"es-edomex-respetuoso-de-la-libertad-de-expresion-y-manifestacion-de-colectivos-de-mujeres","status":"publish","type":"post","link":"https:\/\/www.porlalibreedomex.com\/?p=61456","title":{"rendered":"ES EDOM\u00c9X RESPETUOSO DE LA LIBERTAD DE EXPRESI\u00d3N Y MANIFESTACI\u00d3N DE COLECTIVOS DE MUJERES"},"content":{"rendered":"<p><em><strong>\u2022Participan 26 colectivos de mujeres en movimiento por el D\u00eda de Acci\u00f3n Global por el Acceso al Aborto Legal y Seguro en el Edomex; se reporta saldo blanco.<\/strong><\/em><br \/>\n<em><strong>\u2022 Reitera Gobierno del Estado de M\u00e9xico que se salvaguarda la integridad y seguridad de quienes participan en estas manifestaciones.<\/strong><\/em><br \/>\n<em><strong>\u00a0<\/strong><\/em><br \/>\n<strong>Toluca, Estado de M\u00e9xico, 28 de septiembre de 2022.<\/strong> En el marco del D\u00eda de Acci\u00f3n Global por el Acceso al Aborto Legal y Seguro, el Gobierno del Estado de M\u00e9xico reitera que es respetuoso del derecho de las mujeres a ejercer su libertad de expresi\u00f3n y manifestaci\u00f3n.<\/p>\n<p>Este 28 de septiembre,<strong> D\u00eda de Acci\u00f3n Global por el Acceso al Aborto Legal y Seguro<\/strong>, en la ciudad de Toluca se expresaron 26 colectivos de mujeres, acci\u00f3n que se llev\u00f3 a cabo sin violencia, resultando saldo blanco.<\/p>\n<p>Se report\u00f3 que 12 de los colectivos que participaron en estas movilizaciones con aproximadamente 120 personas partieron del parque Vicente Guerrero, y durante el recorrido se fueron integrando m\u00e1s, creando un contingente de aproximadamente 200 mujeres que llegaron a la C\u00e1mara de Diputados local, donde expresaron puntos de vista sobre su lucha para legalizar el aborto, maternidad digna, derechos reproductivos y sexuales, planificaci\u00f3n familiar y educaci\u00f3n sexual.<\/p>\n<p>En todo momento estuvieron acompa\u00f1adas por la \u201cBrigada Violeta\u201d de la Secretar\u00eda de las Mujeres, a fin de salvaguardar sus derechos humanos.<\/p>\n<p>Durante su recorrido, las calles y espacios p\u00fablicos se liberaron para garantizar el derecho a la libre expresi\u00f3n y el tr\u00e1nsito de peatones y conductores.<\/p>\n<p>Ante estas movilizaciones la administraci\u00f3n mexiquense reitera que es respetuosa y busca siempre salvaguardar la integridad y seguridad de la poblaci\u00f3n que participa en estos movimientos.<\/p>\n<p>Tambi\u00e9n se informa que se registraron manifestaciones en Tec\u00e1mac y San Felipe del Progreso.<\/p>\n","protected":false},"excerpt":{"rendered":"<p>\u2022Participan 26 colectivos de mujeres en movimiento por el D\u00eda de Acci\u00f3n Global por el Acceso al Aborto Legal y Seguro en el Edomex; se reporta saldo blanco. \u2022 Reitera Gobierno del Estado de M\u00e9xico que se salvaguarda la integridad y seguridad de quienes participan en estas manifestaciones. \u00a0 Toluca, Estado de M\u00e9xico, 28 de [&hellip;]<\/p>\n","protected":false},"author":3,"featured_media":61457,"comment_status":"open","ping_status":"open","sticky":false,"template":"","format":"standard","meta":{"footnotes":""},"categories":[16,9150],"tags":[28238,28239,28237],"class_list":{"0":"post-61456","1":"post","2":"type-post","3":"status-publish","4":"format-standard","5":"has-post-thumbnail","7":"category-foto","8":"category-politica","9":"tag-edomex-reporta-saldo-blanco","10":"tag-libertad-de-expresion-en-edomex","11":"tag-mujeres-por-el-aborto-legal"},"wps_subtitle":"Foto de archivo de 2021. Pintas y da\u00f1os al edificio sede del Poder Legislativo, causados por \"feministas\"","_links":{"self":[{"href":"https:\/\/www.porlalibreedomex.com\/index.php?rest_route=\/wp\/v2\/posts\/61456","targetHints":{"allow":["GET"]}}],"collection":[{"href":"https:\/\/www.porlalibreedomex.com\/index.php?rest_route=\/wp\/v2\/posts"}],"about":[{"href":"https:\/\/www.porlalibreedomex.com\/index.php?rest_route=\/wp\/v2\/types\/post"}],"author":[{"embeddable":true,"href":"https:\/\/www.porlalibreedomex.com\/index.php?rest_route=\/wp\/v2\/users\/3"}],"replies":[{"embeddable":true,"href":"https:\/\/www.porlalibreedomex.com\/index.php?rest_route=%2Fwp%2Fv2%2Fcomments&post=61456"}],"version-history":[{"count":1,"href":"https:\/\/www.porlalibreedomex.com\/index.php?rest_route=\/wp\/v2\/posts\/61456\/revisions"}],"predecessor-version":[{"id":61459,"href":"https:\/\/www.porlalibreedomex.com\/index.php?rest_route=\/wp\/v2\/posts\/61456\/revisions\/61459"}],"wp:featuredmedia":[{"embeddable":true,"href":"https:\/\/www.porlalibreedomex.com\/index.php?rest_route=\/wp\/v2\/media\/61457"}],"wp:attachment":[{"href":"https:\/\/www.porlalibreedomex.com\/index.php?rest_route=%2Fwp%2Fv2%2Fmedia&parent=61456"}],"wp:term":[{"taxonomy":"category","embeddable":true,"href":"https:\/\/www.porlalibreedomex.com\/index.php?rest_route=%2Fwp%2Fv2%2Fcategories&post=61456"},{"taxonomy":"post_tag","embeddable":true,"href":"https:\/\/www.porlalibreedomex.com\/index.php?rest_route=%2Fwp%2Fv2%2Ftags&post=61456"}],"curies":[{"name":"wp","href":"https:\/\/api.w.org\/{rel}","templated":true}]}}