{"id":6119,"date":"2015-02-04T16:33:31","date_gmt":"2015-02-05T01:33:31","guid":{"rendered":"http:\/\/porlalibre.info\/?p=6119"},"modified":"2015-02-04T16:33:31","modified_gmt":"2015-02-05T01:33:31","slug":"alebrijes-en-cuadratines-4","status":"publish","type":"post","link":"https:\/\/www.porlalibreedomex.com\/?p=6119","title":{"rendered":"ALEBRIJES EN CUADRATINES"},"content":{"rendered":"<h3><strong>Alebrijes en cuadratines<\/strong><\/h3>\n<h3><strong>\u00a0<\/strong><\/h3>\n<h3><strong>Dudas sobre nuevas sanciones<\/strong><\/h3>\n<h3><strong>\u00a0<\/strong><\/h3>\n<h3><strong>Adri\u00e1n Chavarr\u00eda Espinosa<\/strong><\/h3>\n<p>&nbsp;<\/p>\n<p style=\"text-align: justify;\">Recientemente el Congreso del Estado de M\u00e9xico aprob\u00f3 la iniciativa enviada por el gobernador Eruviel \u00c1vila Villegas para reformar al C\u00f3digo Penal, a fin de sancionar con prisi\u00f3n a aquellos conductores que manejen un coche pero al cual le falte una o ambas placas o se carezca de la tarjeta de circulaci\u00f3n, situaci\u00f3n que ahora ser\u00e1n consideradas como delitos y no faltas administrativas.<\/p>\n<p style=\"text-align: justify;\">\u00a0\u00a0\u00a0\u00a0\u00a0\u00a0\u00a0\u00a0\u00a0\u00a0\u00a0 Esa medida se alcanz\u00f3 con el voto mayoritario de los diputados del Partido Revolucionario Institucional y otros afines, ya que la bancada panista abandon\u00f3 la sesi\u00f3n legislativa como protesta por lo que llamaron \u201ccriminalizaci\u00f3n de los ciudadanos inocentes\u201d.<\/p>\n<p style=\"text-align: justify;\">\u00a0\u00a0\u00a0\u00a0\u00a0\u00a0\u00a0\u00a0\u00a0\u00a0\u00a0 As\u00ed, mientras el diputado panista el Alfonso Bravo denunci\u00f3 que en reuniones legislativas previas se hab\u00eda acordado retirar este punto, debido a que \u00e9sta ya se consideraba una falta administrativa en el reglamento de tr\u00e1nsito, los legisladores pri\u00edstas minimizaron el hecho y aseguraron que el delito de no portar placas solo se aplicar\u00e1 cuando no se porten ambas.<\/p>\n<p style=\"text-align: justify;\">\u00a0\u00a0\u00a0\u00a0\u00a0\u00a0\u00a0\u00a0\u00a0\u00a0\u00a0 A primera vista esta medida deber\u00eda ser considerada como positiva, al argumentarse que de esta manera se evitara que delincuentes utilicen unidades sin identificaci\u00f3n para cometer actos ilegales y hasta criminales, como sucede com\u00fanmente.<\/p>\n<p style=\"text-align: justify;\">\u00a0\u00a0\u00a0\u00a0\u00a0\u00a0\u00a0\u00a0\u00a0\u00a0\u00a0 Pero, ya en un an\u00e1lisis m\u00e1s profundo esta nueva medida se podr\u00eda prestar a nuevos actos de corrupci\u00f3n, como ha sucedido con otras que se anunciaron y aplicaron anteriormente, donde sin verse resultados positivos lo que han generado ha sido beneficios personales para malos servidores p\u00fablicos y otras personas que resultan ser c\u00f3mplices.<\/p>\n<p style=\"text-align: justify;\">\u00a0\u00a0\u00a0\u00a0\u00a0\u00a0\u00a0\u00a0\u00a0\u00a0\u00a0 Por ejemplo, el programa de verificaci\u00f3n vehicular, donde desde sus inicios y a pesar de las presuntas medidas de supervisi\u00f3n, se han registrado m\u00faltiples formas de venta irregular de calcoman\u00edas, mismas que se han desarrollado a la par de medidas para endurecer las medidas con las cuales se pretende alcanzar mejor medio ambiente.<\/p>\n<p style=\"text-align: justify;\">\u00a0\u00a0\u00a0\u00a0\u00a0\u00a0\u00a0\u00a0\u00a0\u00a0\u00a0 Posiblemente el \u00fanico programa que se ha mantenido sin problemas en su aplicaci\u00f3n, donde adem\u00e1s han sido sancionados diferentes figuras p\u00fablicos, desde pol\u00edticos, artistas hasta deportistas, han sido el del alcohol\u00edmetro, el cual sin duda ha servido para evitar accidentes donde se hubieran registrado personas heridas y quiz\u00e1 hasta muerta. Ojal\u00e1 y se mantenga al margen de malos manejos.<\/p>\n<p style=\"text-align: justify;\">\u00a0\u00a0\u00a0\u00a0\u00a0\u00a0\u00a0\u00a0\u00a0\u00a0\u00a0 Pero as\u00ed como ahora se endurecen las medidas para quienes conduzcan sin placas o tarjeta de circulaci\u00f3n, han existido otras que han pasado a ser letra muerta como viajar sin cintur\u00f3n de seguridad, estacionarse en banquetas, \u00a0pasarse los altos, evitar quedar en las rayas peatonales, tener vidrios polarizados, entre otras.<\/p>\n<p style=\"text-align: justify;\">\u00a0\u00a0\u00a0\u00a0\u00a0\u00a0\u00a0\u00a0\u00a0\u00a0\u00a0 Son medidas que ya est\u00e1n sancionadas pero que no son aplicadas como debiera y, cuando sucede, es para que el elemento de tr\u00e1nsito saque su tajada extra para su bolsillo.<\/p>\n<p style=\"text-align: justify;\">\u00a0\u00a0\u00a0\u00a0\u00a0\u00a0\u00a0\u00a0\u00a0\u00a0\u00a0 As\u00ed, por ejemplo, cu\u00e1ntos coches circulan cotidianamente sin placas, con vidrios oscuros con placas de otras entidades sin saber si son vigentes, tambi\u00e9n con identificaciones ya obsoletas u y ni siquiera son detenidos para su revisi\u00f3n; adem\u00e1s, en muchas ocasiones hasta carecen de calcoman\u00edas de placas en sus cristales, vamos no siquiera las correspondientes a las verificaciones semestrales.<\/p>\n<p style=\"text-align: justify;\">\u00a0\u00a0\u00a0\u00a0\u00a0\u00a0\u00a0\u00a0\u00a0\u00a0\u00a0 Otros conductores ubican sus placas al interior del veh\u00edculo para que no se les retiren en caso de alguna infracci\u00f3n o, peor a\u00fan, quienes mandan duplicar sus placas pero con otras medidas para que se acomoden mejor en los sitios asignados para sus veh\u00edculos, con lo cual considero existen una irregularidad: duplicar un documento oficial ilegalmente, ya que la placa original est\u00e1 guardada mientras que portan la clonada y hasta posiblemente con datos falsos.<\/p>\n<p style=\"text-align: justify;\">\u00a0\u00a0\u00a0\u00a0\u00a0\u00a0\u00a0\u00a0\u00a0\u00a0\u00a0 Ni que decir de los camiones de pasajeros que sin ning\u00fan problema, adem\u00e1s de circular en segunda o hasta tercera fila, en esos carriles suben y bajan pasaje, se pasan ol\u00edmpicamente la se\u00f1al en rojo de los sem\u00e1foros, llevan a todo lo que da el volumen de sus aparatos de radio o reproductores de m\u00fasica, entre otros detalles y en m\u00faltiples ocasiones ante la vista de elementos de tr\u00e1nsito quienes ni siquiera les llaman la atenci\u00f3n.<\/p>\n<p style=\"text-align: justify;\">\u00a0\u00a0\u00a0\u00a0\u00a0\u00a0\u00a0\u00a0\u00a0\u00a0\u00a0 S\u00f3lo cuando sucede un lamentable y mortal accidente, es cuando se elevan las voces de inconformidad acerca de estos cafres, pero dos o tres d\u00edas despu\u00e9s, cuando otras informaciones sepultan el hecho tr\u00e1gico todo regresa a la presunta normalidad.<\/p>\n<p style=\"text-align: justify;\">\u00a0\u00a0\u00a0\u00a0\u00a0\u00a0\u00a0\u00a0\u00a0\u00a0\u00a0 Considero que si se impulsara una verdadera cultura c\u00edvica para todos los conductores, incluidos los de autos particulares, donde tambi\u00e9n se incluya la verdadera y estricta aplicaci\u00f3n de las leyes y reglamentos, no ser\u00eda necesario elevar a nivel de delitos las faltas administrativas.<\/p>\n<p style=\"text-align: justify;\">\u00a0\u00a0\u00a0\u00a0\u00a0\u00a0\u00a0\u00a0\u00a0\u00a0\u00a0 Tambi\u00e9n, de esa manera, el conductor no quedar\u00eda a expensas de ser objeto de mordidas o sanciones inventadas y, ya de paso, recobrar el respeto a las autoridades. Ojal\u00e1 y fueran ideas ut\u00f3picas sino hechos reales.<\/p>\n<p style=\"text-align: justify;\">\n<p style=\"text-align: justify;\">Para comentarios queda a su disposici\u00f3n el correo ache57@yahoo.com.mx}<\/p>\n","protected":false},"excerpt":{"rendered":"<p>Alebrijes en cuadratines \u00a0 Dudas sobre nuevas sanciones \u00a0 Adri\u00e1n Chavarr\u00eda Espinosa &nbsp; Recientemente el Congreso del Estado de M\u00e9xico aprob\u00f3 la iniciativa enviada por el gobernador Eruviel \u00c1vila Villegas para reformar al C\u00f3digo Penal, a fin de sancionar con prisi\u00f3n a aquellos conductores que manejen un coche pero al cual le falte una o [&hellip;]<\/p>\n","protected":false},"author":2,"featured_media":0,"comment_status":"open","ping_status":"open","sticky":false,"template":"","format":"standard","meta":{"footnotes":""},"categories":[1107,1],"tags":[260,261,3839],"class_list":{"0":"post-6119","1":"post","2":"type-post","3":"status-publish","4":"format-standard","6":"category-articulo","7":"category-uncategorized","8":"tag-adrian-chavarria-espinosa","9":"tag-alebrijes-en-cuadratines","10":"tag-nuevas-sanciones"},"wps_subtitle":"","_links":{"self":[{"href":"https:\/\/www.porlalibreedomex.com\/index.php?rest_route=\/wp\/v2\/posts\/6119","targetHints":{"allow":["GET"]}}],"collection":[{"href":"https:\/\/www.porlalibreedomex.com\/index.php?rest_route=\/wp\/v2\/posts"}],"about":[{"href":"https:\/\/www.porlalibreedomex.com\/index.php?rest_route=\/wp\/v2\/types\/post"}],"author":[{"embeddable":true,"href":"https:\/\/www.porlalibreedomex.com\/index.php?rest_route=\/wp\/v2\/users\/2"}],"replies":[{"embeddable":true,"href":"https:\/\/www.porlalibreedomex.com\/index.php?rest_route=%2Fwp%2Fv2%2Fcomments&post=6119"}],"version-history":[{"count":0,"href":"https:\/\/www.porlalibreedomex.com\/index.php?rest_route=\/wp\/v2\/posts\/6119\/revisions"}],"wp:attachment":[{"href":"https:\/\/www.porlalibreedomex.com\/index.php?rest_route=%2Fwp%2Fv2%2Fmedia&parent=6119"}],"wp:term":[{"taxonomy":"category","embeddable":true,"href":"https:\/\/www.porlalibreedomex.com\/index.php?rest_route=%2Fwp%2Fv2%2Fcategories&post=6119"},{"taxonomy":"post_tag","embeddable":true,"href":"https:\/\/www.porlalibreedomex.com\/index.php?rest_route=%2Fwp%2Fv2%2Ftags&post=6119"}],"curies":[{"name":"wp","href":"https:\/\/api.w.org\/{rel}","templated":true}]}}