{"id":6094,"date":"2015-02-04T04:20:54","date_gmt":"2015-02-04T13:20:54","guid":{"rendered":"http:\/\/porlalibre.info\/?p=6094"},"modified":"2015-02-04T04:20:54","modified_gmt":"2015-02-04T13:20:54","slug":"trabajo-conjunto-para-prevenir-la-discriminacion-derechos-humanos","status":"publish","type":"post","link":"https:\/\/www.porlalibreedomex.com\/?p=6094","title":{"rendered":"TRABAJO CONJUNTO PARA  PREVENIR LA DISCRIMINACI\u00d3N: DERECHOS HUMANOS"},"content":{"rendered":"<figure id=\"attachment_6095\" aria-describedby=\"caption-attachment-6095\" style=\"width: 300px\" class=\"wp-caption alignright\"><img loading=\"lazy\" decoding=\"async\" class=\"size-medium wp-image-6095\" src=\"http:\/\/porlalibre.info\/wp-content\/uploads\/2015\/02\/FOTO-BOL-20-300x166.jpg\" alt=\"El presidente de la Comisi\u00f3n de Derechos Humanos del Estado de M\u00e9xico, Baruch Delgado Carbajal, se comprometi\u00f3 a trabajar de manera continua e ininterrumpida con el Consejo Ciudadano para la Prevenci\u00f3n y Eliminaci\u00f3n de la Discriminaci\u00f3n\" width=\"300\" height=\"166\" \/><figcaption id=\"caption-attachment-6095\" class=\"wp-caption-text\">El presidente de la Comisi\u00f3n de Derechos Humanos del Estado de M\u00e9xico, Baruch Delgado Carbajal, se comprometi\u00f3 a trabajar de manera continua e ininterrumpida con el Consejo Ciudadano para la Prevenci\u00f3n y Eliminaci\u00f3n de la Discriminaci\u00f3n<\/figcaption><\/figure>\n<p><strong>*El presidente de la Codhem, Baruch Delgado Carbajal ofreci\u00f3 su apoyo al Consejo Ciudadano para la Prevenci\u00f3n y Eliminaci\u00f3n de la Discriminaci\u00f3n<\/strong><\/p>\n<p style=\"text-align: justify;\"><strong>Toluca, M\u00e9xico, 3 de febrero de 2015.-<\/strong> \u00a0El presidente de la Comisi\u00f3n de Derechos Humanos del Estado de M\u00e9xico, Baruch Delgado Carbajal, se comprometi\u00f3 a trabajar de manera continua e ininterrumpida con el Consejo Ciudadano para la Prevenci\u00f3n y Eliminaci\u00f3n de la Discriminaci\u00f3n, con el prop\u00f3sito de generar mayor apoyo y conciencia entre la sociedad frente a esta problem\u00e1tica.<\/p>\n<p style=\"text-align: justify;\">\u00a0Durante la sesi\u00f3n solemne en la que se present\u00f3 el Informe Anual de Actividades de este \u00f3rgano, recalc\u00f3 que a\u00fan cuando falta mucho por erradicar la discriminaci\u00f3n en el pa\u00eds, se ha avanzado, pues se han expedido leyes tendentes a fortalecer los derechos humanos para grupos vulnerables.<\/p>\n<p style=\"text-align: justify;\">\u00a0Asimismo, hizo un llamado a los habitantes para fortalecer las tareas de protecci\u00f3n de los derechos humanos, y lograr que dentro de una situaci\u00f3n de justicia, paz y libertad, los grupos vulnerables puedan gozar de todos los derechos y superar de manera paulatina, la desigualdad y discriminaci\u00f3n.<\/p>\n<p style=\"text-align: justify;\">\u00a0El ombudsman valor\u00f3 los esfuerzos a favor de la cultura de prevenci\u00f3n y respeto de los derechos humanos, ya que el objetivo de la Codhem \u00a0recalc\u00f3, es contribuir a generar condiciones de bienestar para la sociedad.<\/p>\n<p style=\"text-align: justify;\">\u00a0\u00a0Por su parte, la presidenta saliente, Andrea Guadalupe S\u00e1nchez Arias, indic\u00f3 que la m\u00edstica del consejo es acercarse a la sociedad para promover los derechos humanos y la no discriminaci\u00f3n, para crear conciencia entre los seres humanos de respeto e igualdad.<\/p>\n<p style=\"text-align: justify;\">\u00a0Admiti\u00f3 que en pleno siglo XXI, hombres, mujeres, ni\u00f1as y ni\u00f1os son discriminados por cuestiones de edad, sexo, raza, situaci\u00f3n econ\u00f3mica, lenguaje, religi\u00f3n, ideolog\u00eda y orientaci\u00f3n sexual en \u00e1mbitos que van desde el familiar y escolar hasta el laboral y social.<\/p>\n<p style=\"text-align: justify;\">\u00a0Ante la secretaria t\u00e9cnica del consejo, Mar\u00eda del Rosario Mej\u00eda Ayala y representantes de los sectores vulnerables, expuso que el plan de trabajo incluy\u00f3 las aportaciones de los sectores que integran el consejo como son adultos mayores, ind\u00edgena, educativo, diversidad sexual, minor\u00edas religiosas, empresarial, discapacidad visual y motriz.<\/p>\n","protected":false},"excerpt":{"rendered":"<p>*El presidente de la Codhem, Baruch Delgado Carbajal ofreci\u00f3 su apoyo al Consejo Ciudadano para la Prevenci\u00f3n y Eliminaci\u00f3n de la Discriminaci\u00f3n Toluca, M\u00e9xico, 3 de febrero de 2015.- \u00a0El presidente de la Comisi\u00f3n de Derechos Humanos del Estado de M\u00e9xico, Baruch Delgado Carbajal, se comprometi\u00f3 a trabajar de manera continua e ininterrumpida con el [&hellip;]<\/p>\n","protected":false},"author":2,"featured_media":0,"comment_status":"open","ping_status":"open","sticky":false,"template":"","format":"standard","meta":{"footnotes":""},"categories":[5,1],"tags":[],"class_list":{"0":"post-6094","1":"post","2":"type-post","3":"status-publish","4":"format-standard","6":"category-nota-informativa","7":"category-uncategorized"},"wps_subtitle":"","_links":{"self":[{"href":"https:\/\/www.porlalibreedomex.com\/index.php?rest_route=\/wp\/v2\/posts\/6094","targetHints":{"allow":["GET"]}}],"collection":[{"href":"https:\/\/www.porlalibreedomex.com\/index.php?rest_route=\/wp\/v2\/posts"}],"about":[{"href":"https:\/\/www.porlalibreedomex.com\/index.php?rest_route=\/wp\/v2\/types\/post"}],"author":[{"embeddable":true,"href":"https:\/\/www.porlalibreedomex.com\/index.php?rest_route=\/wp\/v2\/users\/2"}],"replies":[{"embeddable":true,"href":"https:\/\/www.porlalibreedomex.com\/index.php?rest_route=%2Fwp%2Fv2%2Fcomments&post=6094"}],"version-history":[{"count":0,"href":"https:\/\/www.porlalibreedomex.com\/index.php?rest_route=\/wp\/v2\/posts\/6094\/revisions"}],"wp:attachment":[{"href":"https:\/\/www.porlalibreedomex.com\/index.php?rest_route=%2Fwp%2Fv2%2Fmedia&parent=6094"}],"wp:term":[{"taxonomy":"category","embeddable":true,"href":"https:\/\/www.porlalibreedomex.com\/index.php?rest_route=%2Fwp%2Fv2%2Fcategories&post=6094"},{"taxonomy":"post_tag","embeddable":true,"href":"https:\/\/www.porlalibreedomex.com\/index.php?rest_route=%2Fwp%2Fv2%2Ftags&post=6094"}],"curies":[{"name":"wp","href":"https:\/\/api.w.org\/{rel}","templated":true}]}}