{"id":6091,"date":"2015-02-04T04:16:20","date_gmt":"2015-02-04T13:16:20","guid":{"rendered":"http:\/\/porlalibre.info\/?p=6091"},"modified":"2015-02-04T04:16:20","modified_gmt":"2015-02-04T13:16:20","slug":"designa-el-presidente-al-secretario-de-la-funcion-publica-revisar-si-hay-conflictos-de-interes-su-encomienda","status":"publish","type":"post","link":"https:\/\/www.porlalibreedomex.com\/?p=6091","title":{"rendered":"DESIGNA EL PRESIDENTE AL SECRETARIO DE LA FUNCI\u00d3N P\u00daBLICA; REVISAR SI HAY CONFLICTOS DE INTER\u00c9S, SU ENCOMIENDA"},"content":{"rendered":"<figure id=\"attachment_6092\" aria-describedby=\"caption-attachment-6092\" style=\"width: 700px\" class=\"wp-caption aligncenter\"><img loading=\"lazy\" decoding=\"async\" class=\"size-large wp-image-6092\" src=\"http:\/\/porlalibre.info\/wp-content\/uploads\/2015\/02\/IMG-20150203-WA0006-703x1024.jpg\" alt=\"El presidente de la Rep\u00fablica design\u00f3 a Virgilio Andrade como Secretario de la Funci\u00f3n P\u00fablica; su primera encomienda, investigar con la ley en la mano, si existen conflictos de inter\u00e9s en asuntos se\u00f1alados por la opini\u00f3n p\u00faiblica.\" width=\"700\" height=\"1020\" \/><figcaption id=\"caption-attachment-6092\" class=\"wp-caption-text\">El presidente de la Rep\u00fablica design\u00f3 a Virgilio Andrade como Secretario de la Funci\u00f3n P\u00fablica; su primera encomienda, investigar con la ley en la mano, si existen conflictos de inter\u00e9s en asuntos se\u00f1alados por la opini\u00f3n p\u00faiblica.<\/figcaption><\/figure>\n","protected":false},"excerpt":{"rendered":"","protected":false},"author":2,"featured_media":0,"comment_status":"open","ping_status":"open","sticky":false,"template":"","format":"standard","meta":{"footnotes":""},"categories":[1107,1],"tags":[3830,3831],"class_list":{"0":"post-6091","1":"post","2":"type-post","3":"status-publish","4":"format-standard","6":"category-articulo","7":"category-uncategorized","8":"tag-conflicto-de-intreres","9":"tag-secretario-de-la-funcion-publica"},"wps_subtitle":"","_links":{"self":[{"href":"https:\/\/www.porlalibreedomex.com\/index.php?rest_route=\/wp\/v2\/posts\/6091","targetHints":{"allow":["GET"]}}],"collection":[{"href":"https:\/\/www.porlalibreedomex.com\/index.php?rest_route=\/wp\/v2\/posts"}],"about":[{"href":"https:\/\/www.porlalibreedomex.com\/index.php?rest_route=\/wp\/v2\/types\/post"}],"author":[{"embeddable":true,"href":"https:\/\/www.porlalibreedomex.com\/index.php?rest_route=\/wp\/v2\/users\/2"}],"replies":[{"embeddable":true,"href":"https:\/\/www.porlalibreedomex.com\/index.php?rest_route=%2Fwp%2Fv2%2Fcomments&post=6091"}],"version-history":[{"count":0,"href":"https:\/\/www.porlalibreedomex.com\/index.php?rest_route=\/wp\/v2\/posts\/6091\/revisions"}],"wp:attachment":[{"href":"https:\/\/www.porlalibreedomex.com\/index.php?rest_route=%2Fwp%2Fv2%2Fmedia&parent=6091"}],"wp:term":[{"taxonomy":"category","embeddable":true,"href":"https:\/\/www.porlalibreedomex.com\/index.php?rest_route=%2Fwp%2Fv2%2Fcategories&post=6091"},{"taxonomy":"post_tag","embeddable":true,"href":"https:\/\/www.porlalibreedomex.com\/index.php?rest_route=%2Fwp%2Fv2%2Ftags&post=6091"}],"curies":[{"name":"wp","href":"https:\/\/api.w.org\/{rel}","templated":true}]}}