{"id":6087,"date":"2015-02-02T20:48:02","date_gmt":"2015-02-03T05:48:02","guid":{"rendered":"http:\/\/porlalibre.info\/?p=6087"},"modified":"2015-02-02T20:48:02","modified_gmt":"2015-02-03T05:48:02","slug":"recibe-metepec-a-representantes-del-fondo-nacional-judio","status":"publish","type":"post","link":"https:\/\/www.porlalibreedomex.com\/?p=6087","title":{"rendered":"RECIBE METEPEC A REPRESENTANTES DEL FONDO NACIONAL JUD\u00cdO"},"content":{"rendered":"<div>\n<figure id=\"attachment_6088\" aria-describedby=\"caption-attachment-6088\" style=\"width: 800px\" class=\"wp-caption aligncenter\"><img loading=\"lazy\" decoding=\"async\" class=\"size-full wp-image-6088\" src=\"http:\/\/porlalibre.info\/wp-content\/uploads\/2015\/02\/Metepec-Fondo-Nal-Jud\u00edo.jpg\" alt=\"La relaci\u00f3n con Keren Kayemet Leisrael se circunscribe en la pol\u00edtica de trabajo conjunto con ciudades e instituciones con reconocimiento y presencia en todo el mundo y permitir\u00e1 reforzar la visi\u00f3n de sostenibilidad que desarrolla el gobierno de Metepec.\" width=\"800\" height=\"533\" \/><figcaption id=\"caption-attachment-6088\" class=\"wp-caption-text\">La relaci\u00f3n con Keren Kayemet Leisrael se circunscribe en la pol\u00edtica de trabajo conjunto con ciudades e instituciones con reconocimiento y presencia en todo el mundo y permitir\u00e1 reforzar la visi\u00f3n de sostenibilidad que desarrolla el gobierno de Metepec.<\/figcaption><\/figure>\n<\/div>\n<ul>\n<li><strong>La visita permitir\u00e1 establecer una agenda bilateral para reforzar pol\u00edticas medioambientales.<\/strong><\/li>\n<li><strong>Metepec busca incrementar el aprovechamiento de recursos h\u00eddricos y fortalecer\u00a0la gesti\u00f3n de espacios verdes.<\/strong><\/li>\n<\/ul>\n<div style=\"text-align: justify;\">\n<strong>Metepec, M\u00e9xico, 2 de febrero de 2015.-<\/strong> Para fortalecer las pol\u00edticas medioambientales que se desarrollan en el municipio, integrantes del cuerpo edilicio y directores del gobierno de Metepec recibieron a representantes de la organizaci\u00f3n Keren Kayemet Leisrael (Fondo Nacional Jud\u00edo).<br \/>\nEsta visita, busca establecer una agenda bilateral que permita al municipio de Metepec aprender sobre las experiencias de \u00e9xito que el fondo ha alcanzado en m\u00e1s de un siglo de existencia.<br \/>\nLa visita estuvo encabezada por el Director de la Regi\u00f3n Central del Fondo Nacional Jud\u00edo, Haim Messing, quien reiter\u00f3 su voluntad de cooperaci\u00f3n con las autoridades de Metepec para impulsar la gesti\u00f3n y aprovechamiento de recursos.<br \/>\n\u201cSe trata de una instituci\u00f3n que ha logrado, por ejemplo, plantar m\u00e1s de 240 millones de \u00e1rboles, construir m\u00e1s de 200 presas y embalses, para aliviar la carencia de agua de su pa\u00eds, y establecer m\u00e1s de mil parques. Es, sin duda, una labor que nos interesa mucho conocer, al propio gobierno, especialmente al organismo de agua, y a otros sectores, como el de los desarrolladores inmobiliarios\u201d, afirm\u00f3 el presidente municipal por Ministerio de Ley de Metepec.<br \/>\nHaim Messing, dio a conocer que la organizaci\u00f3n compartir\u00e1 sus experiencias en el cuidado y aprovechamiento del agua a trav\u00e9s de sistemas de purificaci\u00f3n que han permitido la creaci\u00f3n de \u00e1reas forestales en zonas semides\u00e9rticas, ecosistema que puede encontrar en Israel.<br \/>\nEl Director de la Regi\u00f3n Central del Fondo Nacional Jud\u00edo adelant\u00f3 que en la colaboraci\u00f3n tambi\u00e9n es posible desarrollar la idea de los bosques comunitarios como una forma de fortalecer las acciones que Metepec ha venido implementando para mantener y renovar su vegetaci\u00f3n urbana.<br \/>\nLa relaci\u00f3n con Keren Kayemet Leisrael se circunscribe en la pol\u00edtica de trabajo conjunto con ciudades e instituciones con reconocimiento y presencia en todo el mundo y permitir\u00e1 reforzar la visi\u00f3n de sostenibilidad que desarrolla el gobierno de Metepec.<\/div>\n","protected":false},"excerpt":{"rendered":"<p>La visita permitir\u00e1 establecer una agenda bilateral para reforzar pol\u00edticas medioambientales. Metepec busca incrementar el aprovechamiento de recursos h\u00eddricos y fortalecer\u00a0la gesti\u00f3n de espacios verdes. Metepec, M\u00e9xico, 2 de febrero de 2015.- Para fortalecer las pol\u00edticas medioambientales que se desarrollan en el municipio, integrantes del cuerpo edilicio y directores del gobierno de Metepec recibieron a [&hellip;]<\/p>\n","protected":false},"author":2,"featured_media":0,"comment_status":"open","ping_status":"open","sticky":false,"template":"","format":"standard","meta":{"footnotes":""},"categories":[5,1],"tags":[3827,3828,4,3829],"class_list":{"0":"post-6087","1":"post","2":"type-post","3":"status-publish","4":"format-standard","6":"category-nota-informativa","7":"category-uncategorized","8":"tag-agenda-bilateral","9":"tag-fondo-nacional-judio","10":"tag-metepec","11":"tag-politicas-medioambientales"},"wps_subtitle":"","_links":{"self":[{"href":"https:\/\/www.porlalibreedomex.com\/index.php?rest_route=\/wp\/v2\/posts\/6087","targetHints":{"allow":["GET"]}}],"collection":[{"href":"https:\/\/www.porlalibreedomex.com\/index.php?rest_route=\/wp\/v2\/posts"}],"about":[{"href":"https:\/\/www.porlalibreedomex.com\/index.php?rest_route=\/wp\/v2\/types\/post"}],"author":[{"embeddable":true,"href":"https:\/\/www.porlalibreedomex.com\/index.php?rest_route=\/wp\/v2\/users\/2"}],"replies":[{"embeddable":true,"href":"https:\/\/www.porlalibreedomex.com\/index.php?rest_route=%2Fwp%2Fv2%2Fcomments&post=6087"}],"version-history":[{"count":0,"href":"https:\/\/www.porlalibreedomex.com\/index.php?rest_route=\/wp\/v2\/posts\/6087\/revisions"}],"wp:attachment":[{"href":"https:\/\/www.porlalibreedomex.com\/index.php?rest_route=%2Fwp%2Fv2%2Fmedia&parent=6087"}],"wp:term":[{"taxonomy":"category","embeddable":true,"href":"https:\/\/www.porlalibreedomex.com\/index.php?rest_route=%2Fwp%2Fv2%2Fcategories&post=6087"},{"taxonomy":"post_tag","embeddable":true,"href":"https:\/\/www.porlalibreedomex.com\/index.php?rest_route=%2Fwp%2Fv2%2Ftags&post=6087"}],"curies":[{"name":"wp","href":"https:\/\/api.w.org\/{rel}","templated":true}]}}