{"id":6085,"date":"2015-02-02T20:42:28","date_gmt":"2015-02-03T05:42:28","guid":{"rendered":"http:\/\/porlalibre.info\/?p=6085"},"modified":"2015-02-02T20:42:28","modified_gmt":"2015-02-03T05:42:28","slug":"realizaran-practicas-profesionales-en-el-extranjero-170-alumnos-de-turismo-y-gastronomia","status":"publish","type":"post","link":"https:\/\/www.porlalibreedomex.com\/?p=6085","title":{"rendered":"REALIZAR\u00c1N PR\u00c1CTICAS PROFESIONALES EN EL EXTRANJERO, 170 ALUMNOS DE TURISMO Y GASTRONOM\u00cdA"},"content":{"rendered":"<p><strong>\u00a0<\/strong><\/p>\n<ul>\n<li><em>Viajar\u00e1n a pa\u00edses como Francia, Espa\u00f1a, Costa Rica y, por primera vez, Per\u00fa y Argentina, adem\u00e1s de diversos recintos tur\u00edsticos y gastron\u00f3micos de M\u00e9xico.<\/em><\/li>\n<\/ul>\n<p>&nbsp;<\/p>\n<p>Alrededor de 170 alumnos del 10\u00ba semestre de las licenciaturas en Turismo y Gastronom\u00eda de la Universidad Aut\u00f3noma del Estado de M\u00e9xico realizar\u00e1n pr\u00e1cticas profesionales en pa\u00edses como Francia, Espa\u00f1a, Costa Rica y, por primera vez, Per\u00fa y Argentina, adem\u00e1s de diversos recintos tur\u00edsticos y gastron\u00f3micos de M\u00e9xico.<\/p>\n<p>Esta experiencia permitir\u00e1 a los estudiantes poner en pr\u00e1ctica todo lo aprendido durante su formaci\u00f3n acad\u00e9mica, ya que si bien las pr\u00e1cticas profesionales son obligatorias para los dos programas educativos, los alumnos pueden elegir, seg\u00fan su \u00e1rea de acentuaci\u00f3n, un lugar para vincularse con el mercado laboral.<\/p>\n<p>Por ejemplo, muchos alumnos enfocados en Gesti\u00f3n del Patrimonio Tur\u00edstico eligen, por lo general, realizar sus pr\u00e1cticas en reservas ecol\u00f3gicas y parques nacionales, principalmente en estados como Oaxaca, Baja California y Chiapas.<\/p>\n<p>Los orientados a la Gesti\u00f3n de Empresas Tur\u00edsticas se deciden principalmente por hoteles, restaurantes y parques tem\u00e1ticos, casi siempre en la Riviera Maya; las zonas vin\u00edcolas son referencia para los estudiantes del \u00e1rea de Gastrotecnolog\u00eda, en estados como Quer\u00e9taro, Jalisco y Puebla.<\/p>\n<p>Cabe destacar que las pr\u00e1cticas profesionales tambi\u00e9n generan proyectos de investigaci\u00f3n que en ocasiones, culminan en historias de \u00e9xito, ya que son utilizados como trabajos de titulaci\u00f3n.<\/p>\n<p>Es as\u00ed como anualmente, una delegaci\u00f3n de alumnos de la Facultad de Turismo y Gastronom\u00eda representa a la Universidad Aut\u00f3noma del Estado de M\u00e9xico en espacios del pa\u00eds y el extranjero, donde mediante su desempe\u00f1o profesional dejan siempre ver el compromiso y responsabilidad que caracteriza a los integrantes de las M\u00e1xima Casa de Estudios mexiquense.<\/p>\n","protected":false},"excerpt":{"rendered":"<p>\u00a0 Viajar\u00e1n a pa\u00edses como Francia, Espa\u00f1a, Costa Rica y, por primera vez, Per\u00fa y Argentina, adem\u00e1s de diversos recintos tur\u00edsticos y gastron\u00f3micos de M\u00e9xico. &nbsp; Alrededor de 170 alumnos del 10\u00ba semestre de las licenciaturas en Turismo y Gastronom\u00eda de la Universidad Aut\u00f3noma del Estado de M\u00e9xico realizar\u00e1n pr\u00e1cticas profesionales en pa\u00edses como Francia, [&hellip;]<\/p>\n","protected":false},"author":2,"featured_media":0,"comment_status":"open","ping_status":"open","sticky":false,"template":"","format":"standard","meta":{"footnotes":""},"categories":[5,1],"tags":[3825,3826],"class_list":{"0":"post-6085","1":"post","2":"type-post","3":"status-publish","4":"format-standard","6":"category-nota-informativa","7":"category-uncategorized","8":"tag-practicas-profesionales","9":"tag-turismo-y-gastronomia"},"wps_subtitle":"","_links":{"self":[{"href":"https:\/\/www.porlalibreedomex.com\/index.php?rest_route=\/wp\/v2\/posts\/6085","targetHints":{"allow":["GET"]}}],"collection":[{"href":"https:\/\/www.porlalibreedomex.com\/index.php?rest_route=\/wp\/v2\/posts"}],"about":[{"href":"https:\/\/www.porlalibreedomex.com\/index.php?rest_route=\/wp\/v2\/types\/post"}],"author":[{"embeddable":true,"href":"https:\/\/www.porlalibreedomex.com\/index.php?rest_route=\/wp\/v2\/users\/2"}],"replies":[{"embeddable":true,"href":"https:\/\/www.porlalibreedomex.com\/index.php?rest_route=%2Fwp%2Fv2%2Fcomments&post=6085"}],"version-history":[{"count":0,"href":"https:\/\/www.porlalibreedomex.com\/index.php?rest_route=\/wp\/v2\/posts\/6085\/revisions"}],"wp:attachment":[{"href":"https:\/\/www.porlalibreedomex.com\/index.php?rest_route=%2Fwp%2Fv2%2Fmedia&parent=6085"}],"wp:term":[{"taxonomy":"category","embeddable":true,"href":"https:\/\/www.porlalibreedomex.com\/index.php?rest_route=%2Fwp%2Fv2%2Fcategories&post=6085"},{"taxonomy":"post_tag","embeddable":true,"href":"https:\/\/www.porlalibreedomex.com\/index.php?rest_route=%2Fwp%2Fv2%2Ftags&post=6085"}],"curies":[{"name":"wp","href":"https:\/\/api.w.org\/{rel}","templated":true}]}}