{"id":60565,"date":"2022-08-10T23:51:52","date_gmt":"2022-08-11T04:51:52","guid":{"rendered":"https:\/\/www.porlalibreedomex.com\/?p=60565"},"modified":"2022-08-10T23:51:52","modified_gmt":"2022-08-11T04:51:52","slug":"ofrece-biblioteca-publica-centenario-de-la-revolucion-en-metepec-una-cita-a-ciegas-con-un-libro","status":"publish","type":"post","link":"https:\/\/www.porlalibreedomex.com\/?p=60565","title":{"rendered":"OFRECE BIBLIOTECA P\u00daBLICA CENTENARIO DE LA REVOLUCI\u00d3N, EN METEPEC,  UNA \u201cCITA A CIEGAS CON UN LIBRO\u201d"},"content":{"rendered":"<p>&nbsp;<\/p>\n<p><em><strong>\u2022 Est\u00e1 dirigida a adultos, j\u00f3venes y ni\u00f1os.<\/strong><\/em><br \/>\n<em><strong>\u2022 Se encuentra disponible todos los d\u00edas del a\u00f1o.<\/strong><\/em><\/p>\n<p><strong>Metepec, Estado de M\u00e9xico, 10 de agosto de 2022.<\/strong> Como una manera de fomentar el h\u00e1bito de la lectura, la Biblioteca P\u00fablica \u201cCentenario de la Revoluci\u00f3n\u201d, (BPCR), administrada por la Secretar\u00eda de Cultura y Turismo del Estado de M\u00e9xico, cuenta con su iniciativa \u201cCita a ciegas con un libro\u201d.<\/p>\n<p>\u00c9sta es una actividad permanente cuyo prop\u00f3sito es acercar los libros, de forma secreta y misteriosa, a los usuarios, quienes pueden disponer de uno o varios de ellos, previamente envueltos, sin conocer su t\u00edtulo y autor.<\/p>\n<p>Quienes participan en ella, pueden llevarse estos ejemplares a sus casas sin tener que devolverlos a la biblioteca; adem\u00e1s, bajo esta misma din\u00e1mica, se hace la sugerencia de que los lectores donen libros para que estos formen parte de esta actividad.<\/p>\n<p><a href=\"https:\/\/www.porlalibreedomex.com\/wp-content\/uploads\/2022\/08\/Cita-a-Ciegas-con-un-libro.-Acude-a-la-Biblioteca-del-Parque-Bicentenario-de-Metec.-10-de-agosto-de-2022.jpg\"><img loading=\"lazy\" decoding=\"async\" class=\"aligncenter size-full wp-image-60566\" src=\"https:\/\/www.porlalibreedomex.com\/wp-content\/uploads\/2022\/08\/Cita-a-Ciegas-con-un-libro.-Acude-a-la-Biblioteca-del-Parque-Bicentenario-de-Metec.-10-de-agosto-de-2022.jpg\" alt=\"\" width=\"1280\" height=\"960\" srcset=\"https:\/\/www.porlalibreedomex.com\/wp-content\/uploads\/2022\/08\/Cita-a-Ciegas-con-un-libro.-Acude-a-la-Biblioteca-del-Parque-Bicentenario-de-Metec.-10-de-agosto-de-2022.jpg 1280w, https:\/\/www.porlalibreedomex.com\/wp-content\/uploads\/2022\/08\/Cita-a-Ciegas-con-un-libro.-Acude-a-la-Biblioteca-del-Parque-Bicentenario-de-Metec.-10-de-agosto-de-2022-300x225.jpg 300w, https:\/\/www.porlalibreedomex.com\/wp-content\/uploads\/2022\/08\/Cita-a-Ciegas-con-un-libro.-Acude-a-la-Biblioteca-del-Parque-Bicentenario-de-Metec.-10-de-agosto-de-2022-1024x768.jpg 1024w, https:\/\/www.porlalibreedomex.com\/wp-content\/uploads\/2022\/08\/Cita-a-Ciegas-con-un-libro.-Acude-a-la-Biblioteca-del-Parque-Bicentenario-de-Metec.-10-de-agosto-de-2022-768x576.jpg 768w\" sizes=\"auto, (max-width: 1280px) 100vw, 1280px\" \/><\/a><\/p>\n<p>Para adultos, j\u00f3venes y ni\u00f1os, esta actividad da la posibilidad de acercarse a novelas, poemarios, libros con temas hist\u00f3ricos, adem\u00e1s de los infantiles, que se encuentran en un espacio muy atractivo visualmente, en el vest\u00edbulo de la BPCR.<\/p>\n<p>Los horarios de atenci\u00f3n de la biblioteca son de lunes a viernes de 9:00 a 18:00 horas y s\u00e1bados y domingos de 9:00 a 14:00 horas. Est\u00e1 ubicada al interior del Parque Ambiental Bicentenario, en Av. Estado de M\u00e9xico s\/n, Metepec, Estado de M\u00e9xico.<\/p>\n<p><a href=\"https:\/\/www.porlalibreedomex.com\/wp-content\/uploads\/2022\/08\/Cita-a-Ciegas-con-un-libro.-Ve-por-tu-libro-y-tambien-puedes-donar-otros.jpg\"><img loading=\"lazy\" decoding=\"async\" class=\"aligncenter size-large wp-image-60567\" src=\"https:\/\/www.porlalibreedomex.com\/wp-content\/uploads\/2022\/08\/Cita-a-Ciegas-con-un-libro.-Ve-por-tu-libro-y-tambien-puedes-donar-otros-1024x949.jpg\" alt=\"\" width=\"800\" height=\"741\" srcset=\"https:\/\/www.porlalibreedomex.com\/wp-content\/uploads\/2022\/08\/Cita-a-Ciegas-con-un-libro.-Ve-por-tu-libro-y-tambien-puedes-donar-otros-1024x949.jpg 1024w, https:\/\/www.porlalibreedomex.com\/wp-content\/uploads\/2022\/08\/Cita-a-Ciegas-con-un-libro.-Ve-por-tu-libro-y-tambien-puedes-donar-otros-300x278.jpg 300w, https:\/\/www.porlalibreedomex.com\/wp-content\/uploads\/2022\/08\/Cita-a-Ciegas-con-un-libro.-Ve-por-tu-libro-y-tambien-puedes-donar-otros-768x712.jpg 768w, https:\/\/www.porlalibreedomex.com\/wp-content\/uploads\/2022\/08\/Cita-a-Ciegas-con-un-libro.-Ve-por-tu-libro-y-tambien-puedes-donar-otros.jpg 1280w\" sizes=\"auto, (max-width: 800px) 100vw, 800px\" \/><\/a><\/p>\n<p>Para conocer sus actividades se pueden seguir sus redes sociales en Facebook como @bibcentenario o en las propias de la dependencia estatal como @CulturaEdomex; de igual forma est\u00e1 disponible el n\u00famero telef\u00f3nico 722-179-3461 y su direcci\u00f3n electr\u00f3nica bibcentenario@gmail.com.<\/p>\n","protected":false},"excerpt":{"rendered":"<p>&nbsp; \u2022 Est\u00e1 dirigida a adultos, j\u00f3venes y ni\u00f1os. \u2022 Se encuentra disponible todos los d\u00edas del a\u00f1o. Metepec, Estado de M\u00e9xico, 10 de agosto de 2022. Como una manera de fomentar el h\u00e1bito de la lectura, la Biblioteca P\u00fablica \u201cCentenario de la Revoluci\u00f3n\u201d, (BPCR), administrada por la Secretar\u00eda de Cultura y Turismo del Estado [&hellip;]<\/p>\n","protected":false},"author":3,"featured_media":60568,"comment_status":"open","ping_status":"open","sticky":false,"template":"","format":"standard","meta":{"footnotes":""},"categories":[9873,9157,16],"tags":[27810,27809,27808,27811],"class_list":{"0":"post-60565","1":"post","2":"type-post","3":"status-publish","4":"format-standard","5":"has-post-thumbnail","7":"category-cultura","8":"category-edomex","9":"category-foto","10":"tag-cita-a-ciegas-con-un-libro","11":"tag-biblioteca-publica-centenario-de-la-revolucion","12":"tag-fomenta-la-lectura-la-secretaria-de-cultura","13":"tag-llevate-un-libro-y-dona-otros"},"wps_subtitle":"VE POR TU LIBRO GRATIS Y FOMENTA LA LECTURA; INVITA LA SECRETAR\u00cdA DE CULTURA DEL EDOM\u00c9X","_links":{"self":[{"href":"https:\/\/www.porlalibreedomex.com\/index.php?rest_route=\/wp\/v2\/posts\/60565","targetHints":{"allow":["GET"]}}],"collection":[{"href":"https:\/\/www.porlalibreedomex.com\/index.php?rest_route=\/wp\/v2\/posts"}],"about":[{"href":"https:\/\/www.porlalibreedomex.com\/index.php?rest_route=\/wp\/v2\/types\/post"}],"author":[{"embeddable":true,"href":"https:\/\/www.porlalibreedomex.com\/index.php?rest_route=\/wp\/v2\/users\/3"}],"replies":[{"embeddable":true,"href":"https:\/\/www.porlalibreedomex.com\/index.php?rest_route=%2Fwp%2Fv2%2Fcomments&post=60565"}],"version-history":[{"count":1,"href":"https:\/\/www.porlalibreedomex.com\/index.php?rest_route=\/wp\/v2\/posts\/60565\/revisions"}],"predecessor-version":[{"id":60569,"href":"https:\/\/www.porlalibreedomex.com\/index.php?rest_route=\/wp\/v2\/posts\/60565\/revisions\/60569"}],"wp:featuredmedia":[{"embeddable":true,"href":"https:\/\/www.porlalibreedomex.com\/index.php?rest_route=\/wp\/v2\/media\/60568"}],"wp:attachment":[{"href":"https:\/\/www.porlalibreedomex.com\/index.php?rest_route=%2Fwp%2Fv2%2Fmedia&parent=60565"}],"wp:term":[{"taxonomy":"category","embeddable":true,"href":"https:\/\/www.porlalibreedomex.com\/index.php?rest_route=%2Fwp%2Fv2%2Fcategories&post=60565"},{"taxonomy":"post_tag","embeddable":true,"href":"https:\/\/www.porlalibreedomex.com\/index.php?rest_route=%2Fwp%2Fv2%2Ftags&post=60565"}],"curies":[{"name":"wp","href":"https:\/\/api.w.org\/{rel}","templated":true}]}}