{"id":60340,"date":"2022-07-27T02:24:53","date_gmt":"2022-07-27T07:24:53","guid":{"rendered":"https:\/\/www.porlalibreedomex.com\/?p=60340"},"modified":"2022-07-28T02:25:24","modified_gmt":"2022-07-28T07:25:24","slug":"instala-el-gem-consejo-de-premiacion-de-la-presea-estado-de-mexico-2022","status":"publish","type":"post","link":"https:\/\/www.porlalibreedomex.com\/?p=60340","title":{"rendered":"INSTALA EL GEM CONSEJO DE PREMIACI\u00d3N DE LA PRESEA \u201cESTADO DE M\u00c9XICO\u201d 2022"},"content":{"rendered":"<div dir=\"ltr\">\n<div>\n<div dir=\"ltr\">\n<p>&nbsp;<\/p>\n<p><i>\u2022 <strong>Instala Luis Felipe Puente Espinosa, Secretario General de Gobierno, el Consejo de Premiaci\u00f3n de la Presea \u201cEstado de M\u00e9xico\u201d en su edici\u00f3n 2022, con la representaci\u00f3n del Gobernador, Alfredo Del Mazo Maza.<\/strong><\/i><\/p>\n<p><strong><i>\u2022 Destaca Secretario de Educaci\u00f3n, Gerardo Monroy Serrano, el arranque de los trabajos para la entrega de este importante galard\u00f3n.<\/i><\/strong><\/p>\n<p>&nbsp;<\/p>\n<p><b>Toluca, Estado de M\u00e9xico, 27 de julio de 2022.<\/b>\u00a0Al reconocer el apoyo y solidaridad para preservar la identidad del Estado de M\u00e9xico, Luis Felipe Puente Espinosa, Secretario General de Gobierno, declar\u00f3 instalado el Consejo de Premiaci\u00f3n de la Presea \u201cEstado de M\u00e9xico\u201d 2022, m\u00e1ximo reconocimiento p\u00fablico a aquellas personas que, individual o colectivamente, lo merezcan por su conducta, actos u obras relevantes, en beneficio de la humanidad, del pa\u00eds, de la entidad o de la comunidad.<\/p>\n<p>A nombre del Gobernador del Estado de M\u00e9xico, Alfredo Del Mazo Maza, y de conformidad con el reglamento del M\u00e9rito Civil de la entidad, el Secretario General de Gobierno exhort\u00f3 a los integrantes de este Consejo a participar con entusiasmo en esta tarea, para reconocer p\u00fablicamente a las mujeres y hombres de la entidad, cuya obra o actos constituyen un ejemplo para las y los mexiquenses.<\/p>\n<p>Por su parte, el Secretario de Educaci\u00f3n, Gerardo Monroy Serrano, enfatiz\u00f3 que con estos trabajos inician formalmente las actividades para la entrega de este galard\u00f3n.<\/p>\n<p>En t\u00e9rminos de la normatividad referida, los integrantes de este Consejo de Premiaci\u00f3n son Luis Felipe Puente Espinosa, Secretario General de Gobierno, quien funge como Presidente; y como Secretario del Consejo, Gerardo Monroy Serrano, Secretario de Educaci\u00f3n.<\/p>\n<p>En tanto que, como Consejeros propietarios estar\u00e1n Rodrigo Jarque Lira, Secretario de Finanzas, Martha Hilda Gonz\u00e1lez Calder\u00f3n, Secretaria de las Mujeres, Marcela Gonz\u00e1lez Salas, Secretaria de Cultura y Turismo, Rodrigo Espeleta Aladro, Secretario de Justicia y Derechos Humanos, as\u00ed como representantes de la Junta de Coordinaci\u00f3n Pol\u00edtica de la Sexag\u00e9sima Primera Legislatura del Estado de M\u00e9xico y del Consejo de la Judicatura del Tribunal Superior de Justicia del Estado de M\u00e9xico.<\/p>\n<\/div>\n<\/div>\n<\/div>\n<div class=\"iX\">&#8230;<\/div>\n","protected":false},"excerpt":{"rendered":"<p>&nbsp; \u2022 Instala Luis Felipe Puente Espinosa, Secretario General de Gobierno, el Consejo de Premiaci\u00f3n de la Presea \u201cEstado de M\u00e9xico\u201d en su edici\u00f3n 2022, con la representaci\u00f3n del Gobernador, Alfredo Del Mazo Maza. \u2022 Destaca Secretario de Educaci\u00f3n, Gerardo Monroy Serrano, el arranque de los trabajos para la entrega de este importante galard\u00f3n. &nbsp; [&hellip;]<\/p>\n","protected":false},"author":3,"featured_media":60341,"comment_status":"open","ping_status":"open","sticky":false,"template":"","format":"standard","meta":{"footnotes":""},"categories":[16,9150],"tags":[27686,10175,1660,701],"class_list":{"0":"post-60340","1":"post","2":"type-post","3":"status-publish","4":"format-standard","5":"has-post-thumbnail","7":"category-foto","8":"category-politica","9":"tag-consejo-de-premiacion-presea-estado-de-mexico","10":"tag-gobernador-alfredo-del-mazo-maza","11":"tag-luis-felipe-puente-espinosa","12":"tag-secretario-general-de-gobierno"},"wps_subtitle":"","_links":{"self":[{"href":"https:\/\/www.porlalibreedomex.com\/index.php?rest_route=\/wp\/v2\/posts\/60340","targetHints":{"allow":["GET"]}}],"collection":[{"href":"https:\/\/www.porlalibreedomex.com\/index.php?rest_route=\/wp\/v2\/posts"}],"about":[{"href":"https:\/\/www.porlalibreedomex.com\/index.php?rest_route=\/wp\/v2\/types\/post"}],"author":[{"embeddable":true,"href":"https:\/\/www.porlalibreedomex.com\/index.php?rest_route=\/wp\/v2\/users\/3"}],"replies":[{"embeddable":true,"href":"https:\/\/www.porlalibreedomex.com\/index.php?rest_route=%2Fwp%2Fv2%2Fcomments&post=60340"}],"version-history":[{"count":1,"href":"https:\/\/www.porlalibreedomex.com\/index.php?rest_route=\/wp\/v2\/posts\/60340\/revisions"}],"predecessor-version":[{"id":60342,"href":"https:\/\/www.porlalibreedomex.com\/index.php?rest_route=\/wp\/v2\/posts\/60340\/revisions\/60342"}],"wp:featuredmedia":[{"embeddable":true,"href":"https:\/\/www.porlalibreedomex.com\/index.php?rest_route=\/wp\/v2\/media\/60341"}],"wp:attachment":[{"href":"https:\/\/www.porlalibreedomex.com\/index.php?rest_route=%2Fwp%2Fv2%2Fmedia&parent=60340"}],"wp:term":[{"taxonomy":"category","embeddable":true,"href":"https:\/\/www.porlalibreedomex.com\/index.php?rest_route=%2Fwp%2Fv2%2Fcategories&post=60340"},{"taxonomy":"post_tag","embeddable":true,"href":"https:\/\/www.porlalibreedomex.com\/index.php?rest_route=%2Fwp%2Fv2%2Ftags&post=60340"}],"curies":[{"name":"wp","href":"https:\/\/api.w.org\/{rel}","templated":true}]}}