{"id":58759,"date":"2022-05-15T01:37:41","date_gmt":"2022-05-15T06:37:41","guid":{"rendered":"https:\/\/www.porlalibreedomex.com\/?p=58759"},"modified":"2022-05-16T01:38:15","modified_gmt":"2022-05-16T06:38:15","slug":"uaemex-reconocida-como-una-de-la-mejores-del-pais-gracias-a-labor-de-docentes-universitarios-cebd","status":"publish","type":"post","link":"https:\/\/www.porlalibreedomex.com\/?p=58759","title":{"rendered":"UAEM\u00e9x, reconocida como una de la mejores del pa\u00eds gracias a labor de docentes universitarios: CEBD"},"content":{"rendered":"<ul style=\"font-weight: 400;\">\n<li><em>La UAEM\u00e9x cuenta con una planta docente de 7 mil 715 profesores, que en 2021 atendieron una matr\u00edcula\u00a0 de 93 mil alumnos.<\/em><\/li>\n<li><em>El rector Carlos Eduardo Barrera D\u00edaz entreg\u00f3 los reconocimientos Nota Laudatoria y Cl\u00e1usula 89 a 15 y\u00a0 2 profesores, respectivamente, as\u00ed como el reconocimiento a la Labor Sindical a 15 maestros, por su destacado desempe\u00f1o y trayectoria profesional.\u00a0<\/em><\/li>\n<\/ul>\n<p style=\"font-weight: 400;\"><strong>Toluca, M\u00e9xico, 15\u00a0 de mayo de 2022. <\/strong>\u00abGracias a la labor del profesorado, esta casa verde y oro es una instituci\u00f3n reconocida como una de las mejores de pa\u00ecs\u00bb, enfatiz\u00f3 el rector de la Universidad Aut\u00f3noma del Estado de M\u00e9xico (UAEM\u00c9X), Carlos Eduardo Barrera D\u00edaz, al encabezar la ceremonia conmemorativa al D\u00eda de la Maestra y el Maestro, realizada en el Edificio de Rector\u00eda.<\/p>\n<p style=\"font-weight: 400;\">En compa\u00f1\u00eda de la Secretar\u00eda de Docencia,Yolanda Eugenia Ballesteros Sent\u00edes, y la secretaria general de la Federaci\u00f3n de Asociaciones Aut\u00f3nomas de Personal Acad\u00e9mico de esta casa de estudios (FAAPAUAEM), Gilda Gonz\u00e1lez Villase\u00f1or, el rector abund\u00f3 que las y los docentes de la M\u00e1xima Casa de Estudios mexiquense \u00abson la savia de los \u00e1rboles del conocimiento, son la energ\u00eda y el elemento que vitaliza los procesos ense\u00f1anza-aprendizaje\u00bb.<\/p>\n<p><a href=\"https:\/\/www.porlalibreedomex.com\/wp-content\/uploads\/2022\/05\/Comun-219-1-scaled.jpg\"><img loading=\"lazy\" decoding=\"async\" class=\"alignright size-medium wp-image-58761\" src=\"https:\/\/www.porlalibreedomex.com\/wp-content\/uploads\/2022\/05\/Comun-219-1-200x300.jpg\" alt=\"\" width=\"200\" height=\"300\" srcset=\"https:\/\/www.porlalibreedomex.com\/wp-content\/uploads\/2022\/05\/Comun-219-1-200x300.jpg 200w, https:\/\/www.porlalibreedomex.com\/wp-content\/uploads\/2022\/05\/Comun-219-1-scaled.jpg 1707w\" sizes=\"auto, (max-width: 200px) 100vw, 200px\" \/><\/a><\/p>\n<p style=\"font-weight: 400;\">Durante su intervenci\u00f3n, Gilda Gonz\u00e1lez Villase\u00f1or expres\u00f3 que las y los docentes son la estructura que sostiene a la M\u00e1xima Casa de Estudios mexiquense, haciendo frente a sus propios desaf\u00edos como adaptarse a las nuevas tecnolog\u00edas, para continuar creando as\u00ed el binomio ense\u00f1anza- aprendizaje, maestro-estudiante.<\/p>\n<p style=\"font-weight: 400;\">En este acto fueron entregados los reconocimientos Nota Laudatoria y Cl\u00e1usula 89 a 15 y\u00a0 2 profesores, respectivamente, as\u00ed como el reconocimiento a la Labor Sindical a 15 maestros, por su destacado desempe\u00f1o y trayectoria profesional. En este mismo sentido, fueron otorgadas dos becas FAAPAUAEM a dos estudiantes de nivel medio superior y superior.<\/p>\n<p style=\"font-weight: 400;\">En representaci\u00f3n de las y los maestros galardonados, la investigadora de la Facultad de Qu\u00edmica, Cristina Burrola Aguilar, destac\u00f3 que el D\u00eda de la Maestra y el Maestro es un evento destinado a reconocer el trabajo que realizan diariamente, permitiendo la reflexi\u00f3n de la importancia de este gremio en la sociedad mexicana.<\/p>\n<p><a href=\"https:\/\/www.porlalibreedomex.com\/wp-content\/uploads\/2022\/05\/Comun-219-3-scaled-e1652682775567.jpg\"><img loading=\"lazy\" decoding=\"async\" class=\"alignright size-medium wp-image-58763\" src=\"https:\/\/www.porlalibreedomex.com\/wp-content\/uploads\/2022\/05\/Comun-219-3-300x200.jpg\" alt=\"\" width=\"300\" height=\"200\" \/><\/a><\/p>\n<p>&nbsp;<\/p>\n<p style=\"font-weight: 400;\">Previo a la ceremonia, se deposit\u00f3 una ofrenda floral en el monumento al Maestro de la Aut\u00f3noma mexiquense. La UAEM\u00e9x cuenta con una planta docente de 7 mil 715 profesores, de los cuales, 5 mil 439 son de asignatura, mil 747 de tiempo completo, 158 de medio tiempo y 317 t\u00e9cnicos acad\u00e9micos, que en 2021 atendieron una matr\u00edcula\u00a0 de 93 mil alumnos.<\/p>\n<p style=\"font-weight: 400;\">Finalmente, se llev\u00f3 a cabo el sorteo de dos autom\u00f3viles \u00faltimo modelo, ganados por acad\u00e9micos de la Unidad Acad\u00e9mica Profesional Cuautitl\u00e1n Izcalli y la Administraci\u00f3n Central.<\/p>\n<figure id=\"attachment_58762\" aria-describedby=\"caption-attachment-58762\" style=\"width: 2560px\" class=\"wp-caption aligncenter\"><a href=\"https:\/\/www.porlalibreedomex.com\/wp-content\/uploads\/2022\/05\/Comun-219-2-scaled.jpg\"><img loading=\"lazy\" decoding=\"async\" class=\"size-full wp-image-58762\" src=\"https:\/\/www.porlalibreedomex.com\/wp-content\/uploads\/2022\/05\/Comun-219-2-scaled.jpg\" alt=\"\" width=\"2560\" height=\"1707\" srcset=\"https:\/\/www.porlalibreedomex.com\/wp-content\/uploads\/2022\/05\/Comun-219-2-scaled.jpg 2560w, https:\/\/www.porlalibreedomex.com\/wp-content\/uploads\/2022\/05\/Comun-219-2-300x200.jpg 300w\" sizes=\"auto, (max-width: 2560px) 100vw, 2560px\" \/><\/a><figcaption id=\"caption-attachment-58762\" class=\"wp-caption-text\">Ceremonia y entrega de reconocimientos encabezada por el Rector Carlos Eduardo Barrera D\u00edaz.<\/figcaption><\/figure>\n<p>&nbsp;<\/p>\n<p>&nbsp;<\/p>\n","protected":false},"excerpt":{"rendered":"<p>La UAEM\u00e9x cuenta con una planta docente de 7 mil 715 profesores, que en 2021 atendieron una matr\u00edcula\u00a0 de 93 mil alumnos. El rector Carlos Eduardo Barrera D\u00edaz entreg\u00f3 los reconocimientos Nota Laudatoria y Cl\u00e1usula 89 a 15 y\u00a0 2 profesores, respectivamente, as\u00ed como el reconocimiento a la Labor Sindical a 15 maestros, por su [&hellip;]<\/p>\n","protected":false},"author":3,"featured_media":58760,"comment_status":"open","ping_status":"open","sticky":false,"template":"","format":"standard","meta":{"footnotes":""},"categories":[16,9150],"tags":[26948,26950,26949,26947,26951,23021],"class_list":{"0":"post-58759","1":"post","2":"type-post","3":"status-publish","4":"format-standard","5":"has-post-thumbnail","7":"category-foto","8":"category-politica","9":"tag-clausula-89-faapauaem","10":"tag-dia-del-maestro-en-la-uaemex","11":"tag-gilda-gonzalez-villasenor-faapauaem","12":"tag-nota-laudatoria-uaemex","13":"tag-reconocimientos-a-docentes-uaemex","14":"tag-rector-carlos-barrera-diaz"},"wps_subtitle":"","_links":{"self":[{"href":"https:\/\/www.porlalibreedomex.com\/index.php?rest_route=\/wp\/v2\/posts\/58759","targetHints":{"allow":["GET"]}}],"collection":[{"href":"https:\/\/www.porlalibreedomex.com\/index.php?rest_route=\/wp\/v2\/posts"}],"about":[{"href":"https:\/\/www.porlalibreedomex.com\/index.php?rest_route=\/wp\/v2\/types\/post"}],"author":[{"embeddable":true,"href":"https:\/\/www.porlalibreedomex.com\/index.php?rest_route=\/wp\/v2\/users\/3"}],"replies":[{"embeddable":true,"href":"https:\/\/www.porlalibreedomex.com\/index.php?rest_route=%2Fwp%2Fv2%2Fcomments&post=58759"}],"version-history":[{"count":2,"href":"https:\/\/www.porlalibreedomex.com\/index.php?rest_route=\/wp\/v2\/posts\/58759\/revisions"}],"predecessor-version":[{"id":58779,"href":"https:\/\/www.porlalibreedomex.com\/index.php?rest_route=\/wp\/v2\/posts\/58759\/revisions\/58779"}],"wp:featuredmedia":[{"embeddable":true,"href":"https:\/\/www.porlalibreedomex.com\/index.php?rest_route=\/wp\/v2\/media\/58760"}],"wp:attachment":[{"href":"https:\/\/www.porlalibreedomex.com\/index.php?rest_route=%2Fwp%2Fv2%2Fmedia&parent=58759"}],"wp:term":[{"taxonomy":"category","embeddable":true,"href":"https:\/\/www.porlalibreedomex.com\/index.php?rest_route=%2Fwp%2Fv2%2Fcategories&post=58759"},{"taxonomy":"post_tag","embeddable":true,"href":"https:\/\/www.porlalibreedomex.com\/index.php?rest_route=%2Fwp%2Fv2%2Ftags&post=58759"}],"curies":[{"name":"wp","href":"https:\/\/api.w.org\/{rel}","templated":true}]}}