{"id":57830,"date":"2022-03-26T02:14:26","date_gmt":"2022-03-26T08:14:26","guid":{"rendered":"https:\/\/www.porlalibreedomex.com\/?p=57830"},"modified":"2022-03-28T02:16:33","modified_gmt":"2022-03-28T08:16:33","slug":"57830","status":"publish","type":"post","link":"https:\/\/www.porlalibreedomex.com\/?p=57830","title":{"rendered":"CONCIERTO DE GALA DE LA OSEM EN EL PATIO DEL CENTENARIO, DE LA UAEM\u00e9x"},"content":{"rendered":"<p>&nbsp;<\/p>\n<figure id=\"attachment_57832\" aria-describedby=\"caption-attachment-57832\" style=\"width: 1280px\" class=\"wp-caption aligncenter\"><a href=\"https:\/\/www.porlalibreedomex.com\/wp-content\/uploads\/2022\/03\/El-Patio-del-Centenario-fue-la-sede-del-concierto-pfrecido-por-la-Orquesta-Sinfonica-del-Estado-de-Mexico-y-al-cual-acudio-el-Rector-Carlos-Barrera..jpg\"><img loading=\"lazy\" decoding=\"async\" class=\"size-full wp-image-57832\" src=\"https:\/\/www.porlalibreedomex.com\/wp-content\/uploads\/2022\/03\/El-Patio-del-Centenario-fue-la-sede-del-concierto-pfrecido-por-la-Orquesta-Sinfonica-del-Estado-de-Mexico-y-al-cual-acudio-el-Rector-Carlos-Barrera..jpg\" alt=\"\" width=\"1280\" height=\"853\" srcset=\"https:\/\/www.porlalibreedomex.com\/wp-content\/uploads\/2022\/03\/El-Patio-del-Centenario-fue-la-sede-del-concierto-pfrecido-por-la-Orquesta-Sinfonica-del-Estado-de-Mexico-y-al-cual-acudio-el-Rector-Carlos-Barrera..jpg 1280w, https:\/\/www.porlalibreedomex.com\/wp-content\/uploads\/2022\/03\/El-Patio-del-Centenario-fue-la-sede-del-concierto-pfrecido-por-la-Orquesta-Sinfonica-del-Estado-de-Mexico-y-al-cual-acudio-el-Rector-Carlos-Barrera.-300x200.jpg 300w, https:\/\/www.porlalibreedomex.com\/wp-content\/uploads\/2022\/03\/El-Patio-del-Centenario-fue-la-sede-del-concierto-pfrecido-por-la-Orquesta-Sinfonica-del-Estado-de-Mexico-y-al-cual-acudio-el-Rector-Carlos-Barrera.-1024x682.jpg 1024w, https:\/\/www.porlalibreedomex.com\/wp-content\/uploads\/2022\/03\/El-Patio-del-Centenario-fue-la-sede-del-concierto-pfrecido-por-la-Orquesta-Sinfonica-del-Estado-de-Mexico-y-al-cual-acudio-el-Rector-Carlos-Barrera.-768x512.jpg 768w\" sizes=\"auto, (max-width: 1280px) 100vw, 1280px\" \/><\/a><figcaption id=\"caption-attachment-57832\" class=\"wp-caption-text\">El Patio del Centenario fue la sede del concierto pfrecido por la Orquesta Sinf\u00f3nica del Estado de M\u00e9xico, y al cual acudi\u00f3 el Rector Carlos Barrera.<\/figcaption><\/figure>\n<p><strong>Toluca, M\u00e9xico, 26 de marzo de 2022.<\/strong> El Patio del Centenario del edificio hist\u00f3rico de Rector\u00eda de la Universidad Aut\u00f3noma del Estado de M\u00e9xico (UAEM\u00e9x) se visti\u00f3 de gala al ser sede del concierto de la Orquesta Sinf\u00f3nica del Estado de M\u00e9xico (OSEM) dirigida por Rodrigo Mac\u00edas Gonz\u00e1lez, acto al que acudi\u00f3 el rector de esta casa de estudios, Carlos Eduardo Barrera D\u00edaz y en el que particip\u00f3 como director hu\u00e9sped, Miguel Salm\u00f3n del Real, actual director titular de la Orquesta Sinf\u00f3nica Sinaloa de las Artes.<br \/>\nSe ejecutaron la Sinfon\u00eda n\u00famero 1 en Re Mayor del m\u00fasico franc\u00e9s, Charles Gounod y Sinfon\u00eda n\u00famero 8 en Sol Mayor del checo, Anton\u00edn Dvorak, que fueron interpretadas de forma sublime por los integrantes de la OSEM.<\/p>\n<p><a href=\"https:\/\/www.porlalibreedomex.com\/wp-content\/uploads\/2022\/03\/Al-finalizar-el-concierto-el-Rector-Carlos-barrera-y-el-director-titular-de-la-OSEM-Rodrigo-Macias-entregaron-un-reconocimiento-al-director-huesoped-Director-Huesped-Miguel-Salmon-del-Real..jpg\"><img loading=\"lazy\" decoding=\"async\" class=\"aligncenter size-full wp-image-57833\" src=\"https:\/\/www.porlalibreedomex.com\/wp-content\/uploads\/2022\/03\/Al-finalizar-el-concierto-el-Rector-Carlos-barrera-y-el-director-titular-de-la-OSEM-Rodrigo-Macias-entregaron-un-reconocimiento-al-director-huesoped-Director-Huesped-Miguel-Salmon-del-Real..jpg\" alt=\"\" width=\"1280\" height=\"853\" srcset=\"https:\/\/www.porlalibreedomex.com\/wp-content\/uploads\/2022\/03\/Al-finalizar-el-concierto-el-Rector-Carlos-barrera-y-el-director-titular-de-la-OSEM-Rodrigo-Macias-entregaron-un-reconocimiento-al-director-huesoped-Director-Huesped-Miguel-Salmon-del-Real..jpg 1280w, https:\/\/www.porlalibreedomex.com\/wp-content\/uploads\/2022\/03\/Al-finalizar-el-concierto-el-Rector-Carlos-barrera-y-el-director-titular-de-la-OSEM-Rodrigo-Macias-entregaron-un-reconocimiento-al-director-huesoped-Director-Huesped-Miguel-Salmon-del-Real.-300x200.jpg 300w, https:\/\/www.porlalibreedomex.com\/wp-content\/uploads\/2022\/03\/Al-finalizar-el-concierto-el-Rector-Carlos-barrera-y-el-director-titular-de-la-OSEM-Rodrigo-Macias-entregaron-un-reconocimiento-al-director-huesoped-Director-Huesped-Miguel-Salmon-del-Real.-1024x682.jpg 1024w, https:\/\/www.porlalibreedomex.com\/wp-content\/uploads\/2022\/03\/Al-finalizar-el-concierto-el-Rector-Carlos-barrera-y-el-director-titular-de-la-OSEM-Rodrigo-Macias-entregaron-un-reconocimiento-al-director-huesoped-Director-Huesped-Miguel-Salmon-del-Real.-768x512.jpg 768w\" sizes=\"auto, (max-width: 1280px) 100vw, 1280px\" \/><\/a><br \/>\n<strong>Tras la conclusi\u00f3n del concierto, Barrera D\u00edaz en compa\u00f1\u00eda de la Secretaria de Difusi\u00f3n Cultural de la UAEM\u00e9x, Mar\u00eda de las Mercedes Portilla Luja y del director de la OSEM, Rodrigo Mac\u00edas Gonz\u00e1lez, entreg\u00f3 un reconocimiento, obsequio institucional y arreglo floral al Director Hu\u00e9sped, Miguel Salm\u00f3n del Real.<\/strong><br \/>\n<strong>Al concierto de la OSEM acudieron invitados especiales, integrantes del gabinete y comunidad universitaria en general.<\/strong><\/p>\n<p>&nbsp;<\/p>\n","protected":false},"excerpt":{"rendered":"<p>&nbsp; Toluca, M\u00e9xico, 26 de marzo de 2022. El Patio del Centenario del edificio hist\u00f3rico de Rector\u00eda de la Universidad Aut\u00f3noma del Estado de M\u00e9xico (UAEM\u00e9x) se visti\u00f3 de gala al ser sede del concierto de la Orquesta Sinf\u00f3nica del Estado de M\u00e9xico (OSEM) dirigida por Rodrigo Mac\u00edas Gonz\u00e1lez, acto al que acudi\u00f3 el rector [&hellip;]<\/p>\n","protected":false},"author":3,"featured_media":57831,"comment_status":"open","ping_status":"open","sticky":false,"template":"","format":"standard","meta":{"footnotes":""},"categories":[9873,9157,16],"tags":[26508,26509,22052,26510,26511],"class_list":{"0":"post-57830","1":"post","2":"type-post","3":"status-publish","4":"format-standard","5":"has-post-thumbnail","7":"category-cultura","8":"category-edomex","9":"category-foto","10":"tag-dir-miguel-salmon-del-real","11":"tag-director-huesped","12":"tag-dr-carlos-barrera-diaz","13":"tag-la-osem-concierto-en-rectoria","14":"tag-rector-de-la-uaemex"},"wps_subtitle":"","_links":{"self":[{"href":"https:\/\/www.porlalibreedomex.com\/index.php?rest_route=\/wp\/v2\/posts\/57830","targetHints":{"allow":["GET"]}}],"collection":[{"href":"https:\/\/www.porlalibreedomex.com\/index.php?rest_route=\/wp\/v2\/posts"}],"about":[{"href":"https:\/\/www.porlalibreedomex.com\/index.php?rest_route=\/wp\/v2\/types\/post"}],"author":[{"embeddable":true,"href":"https:\/\/www.porlalibreedomex.com\/index.php?rest_route=\/wp\/v2\/users\/3"}],"replies":[{"embeddable":true,"href":"https:\/\/www.porlalibreedomex.com\/index.php?rest_route=%2Fwp%2Fv2%2Fcomments&post=57830"}],"version-history":[{"count":3,"href":"https:\/\/www.porlalibreedomex.com\/index.php?rest_route=\/wp\/v2\/posts\/57830\/revisions"}],"predecessor-version":[{"id":57836,"href":"https:\/\/www.porlalibreedomex.com\/index.php?rest_route=\/wp\/v2\/posts\/57830\/revisions\/57836"}],"wp:featuredmedia":[{"embeddable":true,"href":"https:\/\/www.porlalibreedomex.com\/index.php?rest_route=\/wp\/v2\/media\/57831"}],"wp:attachment":[{"href":"https:\/\/www.porlalibreedomex.com\/index.php?rest_route=%2Fwp%2Fv2%2Fmedia&parent=57830"}],"wp:term":[{"taxonomy":"category","embeddable":true,"href":"https:\/\/www.porlalibreedomex.com\/index.php?rest_route=%2Fwp%2Fv2%2Fcategories&post=57830"},{"taxonomy":"post_tag","embeddable":true,"href":"https:\/\/www.porlalibreedomex.com\/index.php?rest_route=%2Fwp%2Fv2%2Ftags&post=57830"}],"curies":[{"name":"wp","href":"https:\/\/api.w.org\/{rel}","templated":true}]}}