{"id":57805,"date":"2022-03-25T01:22:39","date_gmt":"2022-03-25T07:22:39","guid":{"rendered":"https:\/\/www.porlalibreedomex.com\/?p=57805"},"modified":"2022-03-26T01:23:27","modified_gmt":"2022-03-26T07:23:27","slug":"facultad-de-enfermeria-y-obstetricia-de-la-uaemex-indispensable-para-la-sociedad","status":"publish","type":"post","link":"https:\/\/www.porlalibreedomex.com\/?p=57805","title":{"rendered":"Facultad de Enfermer\u00eda y Obstetricia de la UAEM\u00e9x, indispensable para la sociedad\u00a0\u00a0"},"content":{"rendered":"<ul style=\"font-weight: 400;\">\n<li><strong><em>El rector Carlos Eduardo Barrera D\u00edaz encabez\u00f3 el segundo informe de actividades de la directora de la Facultad de Enfermer\u00eda y Obstetricia, Gloria \u00c1ngeles \u00c1vila.\u00a0<\/em>\u00a0<\/strong><\/li>\n<\/ul>\n<p style=\"font-weight: 400;\"><strong>Toluca, M\u00e9xico, 25 de marzo de 2022. <\/strong>La Facultad de Enfermer\u00eda y Obstetricia -donde las sensibilidades compasivas y emp\u00e1ticas son cultivadas y ennoblecidas por el estudio te\u00f3rico y pr\u00e1ctico para convertirlas en garant\u00eda profesional de cuidados- es socialmente indispensable, afirm\u00f3 el rector de la Universidad Aut\u00f3noma del Estado de M\u00e9xico (UAEM\u00e9x), Carlos Eduardo Barrera D\u00edaz, al encabezar el segundo informe de actividades de la directora de la Facultad de Enfermer\u00eda, Gloria \u00c1ngeles \u00c1vila.<\/p>\n<p style=\"font-weight: 400;\">Abund\u00f3 que durante este segundo a\u00f1o de gesti\u00f3n se ha impulsado la construcci\u00f3n de una educaci\u00f3n inclusiva, \u00e9tica y de calidad, prueba de ello es la acreditaci\u00f3n de la Licenciatura en Gerontolog\u00eda y que en virtud de los esfuerzos, pronto ser\u00e1 reacreditada la Licenciatura en Enfermer\u00eda.<\/p>\n<p style=\"font-weight: 400;\">En este marco fue inaugurada la exposici\u00f3n \u201cEl Escultor de Fuego\u201d, del Doctor Honoris Causa Fernando Cano Cardozo, en la cual se pueden apreciar figuras femeninas que transmiten pesares, virtudes y sensaciones plasmadas en hierro forjado.<\/p>\n<p style=\"font-weight: 400;\">Ante los miembros de los consejos acad\u00e9mico y de gobierno, integrantes del gabinete universitario, ex directores, invitados especiales,\u00a0 as\u00ed como estudiantes, catedr\u00e1ticos y trabajadores administrativos de esta facultad, Barrera D\u00edaz subray\u00f3 que en el periodo que se informa se logr\u00f3 incrementar la matr\u00edcula estudiantil y llegar a los mil 615 alumnos.<\/p>\n<p style=\"font-weight: 400;\">Por su parte, Gloria \u00c1ngeles \u00c1vila destac\u00f3 que la Facultad de Enfermer\u00eda y Obstetricia tiene el compromiso de formar profesionales en las \u00e1reas de enfermer\u00eda y gerontolog\u00eda que respondan a las necesidades y expectativas de la sociedad. Por ello, a trav\u00e9s de las academias se implement\u00f3 el Programa de Actualizaci\u00f3n Docente, con el prop\u00f3sito de mejorar el quehacer del profesorado.<\/p>\n<p style=\"font-weight: 400;\">Durante el periodo que se informa, se implement\u00f3 el Programa de Escuela para Padres de Alumnos Universitarios, en el que se cont\u00f3 con la asistencia de 261 padres de familia, lo cual favorece el apoyo familiar, mediante la comprensi\u00f3n\u00a0 de las implicaciones de dedicarse a la enfermer\u00eda y la gerontolog\u00eda.<\/p>\n<p style=\"font-weight: 400;\">La directora reconoci\u00f3 el compromiso y la responsabilidad del personal docente y administrativo, por su vocaci\u00f3n, creatividad en las actividades realizadas durante el a\u00f1o 2021, lealtad a la instituci\u00f3n y su trabajo, ya que\u00a0 gracias a ello se han superado las metas planteadas durante este segundo a\u00f1o de actividades.<\/p>\n","protected":false},"excerpt":{"rendered":"<p>El rector Carlos Eduardo Barrera D\u00edaz encabez\u00f3 el segundo informe de actividades de la directora de la Facultad de Enfermer\u00eda y Obstetricia, Gloria \u00c1ngeles \u00c1vila.\u00a0\u00a0 Toluca, M\u00e9xico, 25 de marzo de 2022. La Facultad de Enfermer\u00eda y Obstetricia -donde las sensibilidades compasivas y emp\u00e1ticas son cultivadas y ennoblecidas por el estudio te\u00f3rico y pr\u00e1ctico para [&hellip;]<\/p>\n","protected":false},"author":3,"featured_media":57806,"comment_status":"open","ping_status":"open","sticky":false,"template":"","format":"standard","meta":{"footnotes":""},"categories":[9148,16],"tags":[26497,23301],"class_list":{"0":"post-57805","1":"post","2":"type-post","3":"status-publish","4":"format-standard","5":"has-post-thumbnail","7":"category-educacion","8":"category-foto","9":"tag-informe-facultad-de-enfermeria-uaemex","10":"tag-rector-carlos-eduardo-barrera-diaz"},"wps_subtitle":"","_links":{"self":[{"href":"https:\/\/www.porlalibreedomex.com\/index.php?rest_route=\/wp\/v2\/posts\/57805","targetHints":{"allow":["GET"]}}],"collection":[{"href":"https:\/\/www.porlalibreedomex.com\/index.php?rest_route=\/wp\/v2\/posts"}],"about":[{"href":"https:\/\/www.porlalibreedomex.com\/index.php?rest_route=\/wp\/v2\/types\/post"}],"author":[{"embeddable":true,"href":"https:\/\/www.porlalibreedomex.com\/index.php?rest_route=\/wp\/v2\/users\/3"}],"replies":[{"embeddable":true,"href":"https:\/\/www.porlalibreedomex.com\/index.php?rest_route=%2Fwp%2Fv2%2Fcomments&post=57805"}],"version-history":[{"count":2,"href":"https:\/\/www.porlalibreedomex.com\/index.php?rest_route=\/wp\/v2\/posts\/57805\/revisions"}],"predecessor-version":[{"id":57809,"href":"https:\/\/www.porlalibreedomex.com\/index.php?rest_route=\/wp\/v2\/posts\/57805\/revisions\/57809"}],"wp:featuredmedia":[{"embeddable":true,"href":"https:\/\/www.porlalibreedomex.com\/index.php?rest_route=\/wp\/v2\/media\/57806"}],"wp:attachment":[{"href":"https:\/\/www.porlalibreedomex.com\/index.php?rest_route=%2Fwp%2Fv2%2Fmedia&parent=57805"}],"wp:term":[{"taxonomy":"category","embeddable":true,"href":"https:\/\/www.porlalibreedomex.com\/index.php?rest_route=%2Fwp%2Fv2%2Fcategories&post=57805"},{"taxonomy":"post_tag","embeddable":true,"href":"https:\/\/www.porlalibreedomex.com\/index.php?rest_route=%2Fwp%2Fv2%2Ftags&post=57805"}],"curies":[{"name":"wp","href":"https:\/\/api.w.org\/{rel}","templated":true}]}}