{"id":57801,"date":"2022-03-25T00:42:32","date_gmt":"2022-03-25T06:42:32","guid":{"rendered":"https:\/\/www.porlalibreedomex.com\/?p=57801"},"modified":"2022-03-26T00:43:39","modified_gmt":"2022-03-26T06:43:39","slug":"se-anade-un-feminicio-a-la-lista-de-victimas-de-andres-filomeno-n-el-feminicida-de-atizapan","status":"publish","type":"post","link":"https:\/\/www.porlalibreedomex.com\/?p=57801","title":{"rendered":"SE A\u00d1ADE UN FEMINICIO A LA LISTA DE V\u00cdCTIMAS DE ANDR\u00c9S FILOMENO \u00abN\u00bb, EL FEMINICIDA DE ATIZAP\u00c1N"},"content":{"rendered":"<p>TARJETA INFORMATIVA DEL PODER JUDICIAL DEL EDOM\u00c9X<\/p>\n<p>&nbsp;<\/p>\n<p><strong>Tenango del Valle, M\u00e9xico, 25 de marzo de 2022.<\/strong> Andr\u00e9s Filomeno Mendoza Celis, m\u00e1s conocido como el\u00a0 feminicida de Atizap\u00e1n, enfrenta su segunda imputaci\u00f3n, por su probable responsabilidad en el delito de feminicidio, en un nuevo caso: en agravio de Rubicela \u201cN\u201d.<\/p>\n<p>Este viernes, a solicitud del acusado, un juez de Control del Poder Judicial del<br \/>\nEstado de M\u00e9xico, con sede en el Distrito de Tenango del Valle, determin\u00f3duplicar el plazo constitucional a 144 horas para resolver la situaci\u00f3n jur\u00eddicadeAndr\u00e9s \u00abN\u00bb.<\/p>\n<p>En audiencia inicial para formulaci\u00f3n de imputaci\u00f3n por cumplimiento de ordende aprehensi\u00f3n, se decret\u00f3 la detenci\u00f3n judicial de Andr\u00e9s \u201cN, y el juzgador determin\u00f3 que el 30 de marzo sea la audiencia de pr\u00f3rroga del plazo constitucional. As\u00ed como que persista la medida cautelar de prisi\u00f3n preventiva, todo el tiempoque dure el procedimiento.<\/p>\n<p>En contexto:<br \/>\nEn julio de 2019, en su vivienda en Atizap\u00e1n, Andr\u00e9s \u201cN\u201d presuntamente priv\u00f3dela vida a Rubicela \u201cN\u201d y ocult\u00f3 el cad\u00e1ver en la cocina. En mayo de 2021, en este inmueble se localiz\u00f3 un cr\u00e1neo, y de acuerdo con los dict\u00e1menes, se determin\u00f3 que corresponde a la v\u00edctima.<\/p>\n","protected":false},"excerpt":{"rendered":"<p>TARJETA INFORMATIVA DEL PODER JUDICIAL DEL EDOM\u00c9X &nbsp; Tenango del Valle, M\u00e9xico, 25 de marzo de 2022. Andr\u00e9s Filomeno Mendoza Celis, m\u00e1s conocido como el\u00a0 feminicida de Atizap\u00e1n, enfrenta su segunda imputaci\u00f3n, por su probable responsabilidad en el delito de feminicidio, en un nuevo caso: en agravio de Rubicela \u201cN\u201d. Este viernes, a solicitud del [&hellip;]<\/p>\n","protected":false},"author":3,"featured_media":57802,"comment_status":"open","ping_status":"open","sticky":false,"template":"","format":"standard","meta":{"footnotes":""},"categories":[16,9149],"tags":[26495,26496],"class_list":{"0":"post-57801","1":"post","2":"type-post","3":"status-publish","4":"format-standard","5":"has-post-thumbnail","7":"category-foto","8":"category-policiaca","9":"tag-el-feminicida-de-atizapan","10":"tag-otro-feminicidio-de-andres-n"},"wps_subtitle":"Informa el Poder Judicial del Estado de M\u00e9xico de otra v\u00edctimsa de esta bestia.","_links":{"self":[{"href":"https:\/\/www.porlalibreedomex.com\/index.php?rest_route=\/wp\/v2\/posts\/57801","targetHints":{"allow":["GET"]}}],"collection":[{"href":"https:\/\/www.porlalibreedomex.com\/index.php?rest_route=\/wp\/v2\/posts"}],"about":[{"href":"https:\/\/www.porlalibreedomex.com\/index.php?rest_route=\/wp\/v2\/types\/post"}],"author":[{"embeddable":true,"href":"https:\/\/www.porlalibreedomex.com\/index.php?rest_route=\/wp\/v2\/users\/3"}],"replies":[{"embeddable":true,"href":"https:\/\/www.porlalibreedomex.com\/index.php?rest_route=%2Fwp%2Fv2%2Fcomments&post=57801"}],"version-history":[{"count":2,"href":"https:\/\/www.porlalibreedomex.com\/index.php?rest_route=\/wp\/v2\/posts\/57801\/revisions"}],"predecessor-version":[{"id":57804,"href":"https:\/\/www.porlalibreedomex.com\/index.php?rest_route=\/wp\/v2\/posts\/57801\/revisions\/57804"}],"wp:featuredmedia":[{"embeddable":true,"href":"https:\/\/www.porlalibreedomex.com\/index.php?rest_route=\/wp\/v2\/media\/57802"}],"wp:attachment":[{"href":"https:\/\/www.porlalibreedomex.com\/index.php?rest_route=%2Fwp%2Fv2%2Fmedia&parent=57801"}],"wp:term":[{"taxonomy":"category","embeddable":true,"href":"https:\/\/www.porlalibreedomex.com\/index.php?rest_route=%2Fwp%2Fv2%2Fcategories&post=57801"},{"taxonomy":"post_tag","embeddable":true,"href":"https:\/\/www.porlalibreedomex.com\/index.php?rest_route=%2Fwp%2Fv2%2Ftags&post=57801"}],"curies":[{"name":"wp","href":"https:\/\/api.w.org\/{rel}","templated":true}]}}