{"id":57787,"date":"2022-03-23T01:12:36","date_gmt":"2022-03-23T07:12:36","guid":{"rendered":"https:\/\/www.porlalibreedomex.com\/?p=57787"},"modified":"2022-03-25T01:13:55","modified_gmt":"2022-03-25T07:13:55","slug":"tiene-metepec-abierta-hasta-el-viernes-25-la-convocatoria-para-designar-al-cronista-municipal","status":"publish","type":"post","link":"https:\/\/www.porlalibreedomex.com\/?p=57787","title":{"rendered":"TIENE METEPEC ABIERTA HASTA EL VIERNES 25 LA CONVOCATORIA PARA DESIGNAR AL CRONISTA MUNICIPAL"},"content":{"rendered":"<p>&nbsp;<\/p>\n<ul>\n<li><em><strong>Con la finalidad de exaltar el patrimonio hist\u00f3rico y cultural de Metepec, sus ra\u00edces y vida contempor\u00e1nea, el ayuntamiento tiene vigente hasta el viernes 25, la convocatoria para designar al cronista municipal.<\/strong><\/em><\/li>\n<li><strong><em>Una vez aprobada por unanimidad la convocatoria para la elecci\u00f3n del historiador, se mantiene la recepci\u00f3n de propuestas de acuerdo a las bases establecidas que pueden ser consultadas de manera \u00edntegra en:<\/em> http:\/\/metepec.gob.mx\/pagina\/documentos\/secretaria\/gacetas\/2022\/GACETA35.pdf.<\/strong><\/li>\n<li><em><strong>Cabe destacar que el registro de candidatos estar\u00e1 abierto hasta el pr\u00f3ximo viernes 25 de marzo a las 18:00 horas, en las oficinas de la Direcci\u00f3n de Cultura de la municipalidad, con direcci\u00f3n en calle Miguel y Costilla s\/n Barrio del Esp\u00edritu Santo.<\/strong><\/em><\/li>\n<\/ul>\n<figure id=\"attachment_57788\" aria-describedby=\"caption-attachment-57788\" style=\"width: 837px\" class=\"wp-caption aligncenter\"><a href=\"https:\/\/www.porlalibreedomex.com\/wp-content\/uploads\/2022\/03\/El-Pueblo-Magico-de-Metepec-busca-Cronista-Municipal.-En-la-foto-la-Tlanchana-imagen-emblematica-de-la-tierra-del-Arbol-de-la-Vida..jpg\"><img loading=\"lazy\" decoding=\"async\" class=\"size-full wp-image-57788\" src=\"https:\/\/www.porlalibreedomex.com\/wp-content\/uploads\/2022\/03\/El-Pueblo-Magico-de-Metepec-busca-Cronista-Municipal.-En-la-foto-la-Tlanchana-imagen-emblematica-de-la-tierra-del-Arbol-de-la-Vida..jpg\" alt=\"\" width=\"837\" height=\"1280\" srcset=\"https:\/\/www.porlalibreedomex.com\/wp-content\/uploads\/2022\/03\/El-Pueblo-Magico-de-Metepec-busca-Cronista-Municipal.-En-la-foto-la-Tlanchana-imagen-emblematica-de-la-tierra-del-Arbol-de-la-Vida..jpg 837w, https:\/\/www.porlalibreedomex.com\/wp-content\/uploads\/2022\/03\/El-Pueblo-Magico-de-Metepec-busca-Cronista-Municipal.-En-la-foto-la-Tlanchana-imagen-emblematica-de-la-tierra-del-Arbol-de-la-Vida.-196x300.jpg 196w, https:\/\/www.porlalibreedomex.com\/wp-content\/uploads\/2022\/03\/El-Pueblo-Magico-de-Metepec-busca-Cronista-Municipal.-En-la-foto-la-Tlanchana-imagen-emblematica-de-la-tierra-del-Arbol-de-la-Vida.-670x1024.jpg 670w, https:\/\/www.porlalibreedomex.com\/wp-content\/uploads\/2022\/03\/El-Pueblo-Magico-de-Metepec-busca-Cronista-Municipal.-En-la-foto-la-Tlanchana-imagen-emblematica-de-la-tierra-del-Arbol-de-la-Vida.-768x1174.jpg 768w\" sizes=\"auto, (max-width: 837px) 100vw, 837px\" \/><\/a><figcaption id=\"caption-attachment-57788\" class=\"wp-caption-text\">El Pueblo M\u00e1gico de Metepec busca Cronista Municipal. En la foto, la Tlanchana, imagen emblem\u00e1tica de la tierra del \u00c1rbol de la Vida.<\/figcaption><\/figure>\n<p>\u2022 La Direcci\u00f3n de Cultura, mediante dictamen, enviar\u00e1 los expedientes de la terna, al Ayuntamiento para que, en sesi\u00f3n de Cabildo, el \u00f3rgano colegiado elija, bajo los criterios de objetividad, transparencia veracidad e imparcialidad, a quien tenga los conocimientos y virtudes para ocupar el cargo de Cronista Municipal.<\/p>\n","protected":false},"excerpt":{"rendered":"<p>&nbsp; Con la finalidad de exaltar el patrimonio hist\u00f3rico y cultural de Metepec, sus ra\u00edces y vida contempor\u00e1nea, el ayuntamiento tiene vigente hasta el viernes 25, la convocatoria para designar al cronista municipal. Una vez aprobada por unanimidad la convocatoria para la elecci\u00f3n del historiador, se mantiene la recepci\u00f3n de propuestas de acuerdo a las [&hellip;]<\/p>\n","protected":false},"author":3,"featured_media":57789,"comment_status":"open","ping_status":"open","sticky":false,"template":"","format":"standard","meta":{"footnotes":""},"categories":[9873,9157,16],"tags":[26492,26490,26491],"class_list":{"0":"post-57787","1":"post","2":"type-post","3":"status-publish","4":"format-standard","5":"has-post-thumbnail","7":"category-cultura","8":"category-edomex","9":"category-foto","10":"tag-direccion-de-cultura-metepec","11":"tag-metepec-busca-cronista","12":"tag-registro-para-cronista-el-dia-25"},"wps_subtitle":"","_links":{"self":[{"href":"https:\/\/www.porlalibreedomex.com\/index.php?rest_route=\/wp\/v2\/posts\/57787","targetHints":{"allow":["GET"]}}],"collection":[{"href":"https:\/\/www.porlalibreedomex.com\/index.php?rest_route=\/wp\/v2\/posts"}],"about":[{"href":"https:\/\/www.porlalibreedomex.com\/index.php?rest_route=\/wp\/v2\/types\/post"}],"author":[{"embeddable":true,"href":"https:\/\/www.porlalibreedomex.com\/index.php?rest_route=\/wp\/v2\/users\/3"}],"replies":[{"embeddable":true,"href":"https:\/\/www.porlalibreedomex.com\/index.php?rest_route=%2Fwp%2Fv2%2Fcomments&post=57787"}],"version-history":[{"count":1,"href":"https:\/\/www.porlalibreedomex.com\/index.php?rest_route=\/wp\/v2\/posts\/57787\/revisions"}],"predecessor-version":[{"id":57790,"href":"https:\/\/www.porlalibreedomex.com\/index.php?rest_route=\/wp\/v2\/posts\/57787\/revisions\/57790"}],"wp:featuredmedia":[{"embeddable":true,"href":"https:\/\/www.porlalibreedomex.com\/index.php?rest_route=\/wp\/v2\/media\/57789"}],"wp:attachment":[{"href":"https:\/\/www.porlalibreedomex.com\/index.php?rest_route=%2Fwp%2Fv2%2Fmedia&parent=57787"}],"wp:term":[{"taxonomy":"category","embeddable":true,"href":"https:\/\/www.porlalibreedomex.com\/index.php?rest_route=%2Fwp%2Fv2%2Fcategories&post=57787"},{"taxonomy":"post_tag","embeddable":true,"href":"https:\/\/www.porlalibreedomex.com\/index.php?rest_route=%2Fwp%2Fv2%2Ftags&post=57787"}],"curies":[{"name":"wp","href":"https:\/\/api.w.org\/{rel}","templated":true}]}}