{"id":57766,"date":"2022-03-23T01:33:43","date_gmt":"2022-03-23T07:33:43","guid":{"rendered":"https:\/\/www.porlalibreedomex.com\/?p=57766"},"modified":"2022-03-24T01:49:41","modified_gmt":"2022-03-24T07:49:41","slug":"entregaran-las-preseas-poder-judicial-del-estado-de-mexico","status":"publish","type":"post","link":"https:\/\/www.porlalibreedomex.com\/?p=57766","title":{"rendered":"ENTREGAR\u00c1N LAS PRESEAS  \u201cPODER JUDICIAL DEL ESTADO DE M\u00c9XICO\u201d"},"content":{"rendered":"<p><strong>\u00a0<\/strong><\/p>\n<ul>\n<li><strong>Este m\u00e1ximo reconocimiento cuenta con diez categor\u00edas.<\/strong><\/li>\n<\/ul>\n<p>&nbsp;<\/p>\n<p><strong>Toluca, M\u00e9xico, 23 de marzo de 2022.-<\/strong> Por primera vez en la historia de la instituci\u00f3n, por acuerdo del Consejo de la Judicatura, en el marco de la conmemoraci\u00f3n del 197 aniversario del Tribunal Superior de Justicia de la entidad, se entregar\u00e1 la Presea \u201cPoder Judicial del Estado de M\u00e9xico\u201d a quienes por sus m\u00e9ritos jur\u00eddicos, aportaciones o defensa y protecci\u00f3n de los Derechos Humanos, hayan destacado en el estado de M\u00e9xico y el pa\u00eds.<\/p>\n<p>La entrega tendr\u00e1 lugar en Palacio de Justicia de Toluca el 28 de marzo en Ceremonia Solemne. El m\u00e1ximo galard\u00f3n cuenta con 10 categor\u00edas que llevan el nombre de los siete fundadores del Tribunal mexiquense y de tres mujeres que con sus obras y acciones, dejaron huella en la entidad.<\/p>\n<p>Las denominaciones son: a la Virtud Judicativa \u201cJacobo de Villaurratia L\u00f3pez y Osorio\u201d, primer Presidente del Supremo Tribunal de Justicia del Estado de M\u00e9xico, quien tambi\u00e9n fue Alcalde del Crimen de la Audiencia de M\u00e9xico, Juez de Letras, de Circuito y Distrito, as\u00ed como Ministro de la Suprema Corte de Justicia de la Naci\u00f3n. Al m\u00e9rito en Derecho Administrativo \u201cManuel Campos y Rivas\u201d, quien recibi\u00f3 el grado de Mayor de C\u00e1nones y Leyes; se desempe\u00f1\u00f3 como abogado de Audiencia y Gobernador y asesor de Chalco y Popay\u00e1n (Colombia).<\/p>\n<p>La presea en defensa de los Derechos Humanos \u201cJuan Jos\u00e9 Flores Alatorre\u201d, nombrado como abogado de pobres y Juez del Tribunal de la Acordada (cuyo prop\u00f3sito fue combatir la delincuencia en el Virreinato); Ministro del Tribunal Superior del Estado de M\u00e9xico y Magistrado de la Suprema Corte de Justicia de la Naci\u00f3n. As\u00ed como al m\u00e9rito en Derecho Constitucional \u201cJos\u00e9 Domingo Rus\u201d, quien fue Presidente del Supremo Tribunal de Justicia de la entidad, con sede en la ciudad de Toluca e integr\u00f3 por designaci\u00f3n de Agust\u00edn de Iturbide, la Suprema Junta Provisional Gubernativa.<\/p>\n<p>&nbsp;<\/p>\n<p>Adem\u00e1s, al m\u00e9rito en Derecho Laboral \u201cTom\u00e1s Salgado\u201d, Juez de la Hacienda P\u00fablica de la capital y Fiscal del Supremo Tribunal de Justicia. En Derecho de Familia \u201cFrancisco Nava\u201d, quien se desempe\u00f1\u00f3 como ministro del Supremo Tribunal de Justicia de esta entidad, designado por el Congreso Constituyente del Estado Libre de M\u00e9xico el 11 de septiembre de 1824. Y al m\u00e9rito en Derecho Penal \u201cIgnacio Alva\u201d, Ministro del Supremo Tribunal de Justicia del estado y Fiscal de la Suprema Corte de Justicia de la Naci\u00f3n. Comisionado para redactar el C\u00f3digo Criminal, por parte de la Soberana Junta Provisional Gubernativa del Imperio Mexicano.<\/p>\n<p>&nbsp;<\/p>\n<p>Las preseas al m\u00e9rito en Derecho Mercantil \u201cRita Raquel Salgado Tenorio\u201d, en Justicia Restaurativa \u201cMar\u00eda Guadalupe Alcal\u00e1 Gonz\u00e1lez\u201d, y en Derecho Civil, \u201cAlbertina Ezeta Uribe\u201d, fueron denominadas as\u00ed, en honor a la primera Jueza y la primera Magistrada del Tribunal Superior de Justicia del Estado de M\u00e9xico, as\u00ed como a la primera abogada mexiquense y Jueza Conciliadora en Toluca.<\/p>\n<p>Estas distinciones se entregar\u00e1n el pr\u00f3ximo lunes en el Patio Constituci\u00f3n, durante el Pleno conjunto del Tribunal y del Consejo de la Judicatura. El evento se transmitir\u00e1 por Facebook Live de la instituci\u00f3n<\/p>\n","protected":false},"excerpt":{"rendered":"<p>\u00a0 Este m\u00e1ximo reconocimiento cuenta con diez categor\u00edas. &nbsp; Toluca, M\u00e9xico, 23 de marzo de 2022.- Por primera vez en la historia de la instituci\u00f3n, por acuerdo del Consejo de la Judicatura, en el marco de la conmemoraci\u00f3n del 197 aniversario del Tribunal Superior de Justicia de la entidad, se entregar\u00e1 la Presea \u201cPoder Judicial [&hellip;]<\/p>\n","protected":false},"author":3,"featured_media":57767,"comment_status":"open","ping_status":"open","sticky":false,"template":"","format":"standard","meta":{"footnotes":""},"categories":[9157,16],"tags":[26477,17281,26478,26476,26475],"class_list":{"0":"post-57766","1":"post","2":"type-post","3":"status-publish","4":"format-standard","5":"has-post-thumbnail","7":"category-edomex","8":"category-foto","9":"tag-197-aniversario-del-poder-judicial","10":"tag-defensa-de-los-derechos-humanos","11":"tag-presea-judicial-en-10-campos","12":"tag-presea-poder-judicial-del-estado-de-mexico","13":"tag-presea-por-merito-juridico"},"wps_subtitle":"","_links":{"self":[{"href":"https:\/\/www.porlalibreedomex.com\/index.php?rest_route=\/wp\/v2\/posts\/57766","targetHints":{"allow":["GET"]}}],"collection":[{"href":"https:\/\/www.porlalibreedomex.com\/index.php?rest_route=\/wp\/v2\/posts"}],"about":[{"href":"https:\/\/www.porlalibreedomex.com\/index.php?rest_route=\/wp\/v2\/types\/post"}],"author":[{"embeddable":true,"href":"https:\/\/www.porlalibreedomex.com\/index.php?rest_route=\/wp\/v2\/users\/3"}],"replies":[{"embeddable":true,"href":"https:\/\/www.porlalibreedomex.com\/index.php?rest_route=%2Fwp%2Fv2%2Fcomments&post=57766"}],"version-history":[{"count":1,"href":"https:\/\/www.porlalibreedomex.com\/index.php?rest_route=\/wp\/v2\/posts\/57766\/revisions"}],"predecessor-version":[{"id":57768,"href":"https:\/\/www.porlalibreedomex.com\/index.php?rest_route=\/wp\/v2\/posts\/57766\/revisions\/57768"}],"wp:featuredmedia":[{"embeddable":true,"href":"https:\/\/www.porlalibreedomex.com\/index.php?rest_route=\/wp\/v2\/media\/57767"}],"wp:attachment":[{"href":"https:\/\/www.porlalibreedomex.com\/index.php?rest_route=%2Fwp%2Fv2%2Fmedia&parent=57766"}],"wp:term":[{"taxonomy":"category","embeddable":true,"href":"https:\/\/www.porlalibreedomex.com\/index.php?rest_route=%2Fwp%2Fv2%2Fcategories&post=57766"},{"taxonomy":"post_tag","embeddable":true,"href":"https:\/\/www.porlalibreedomex.com\/index.php?rest_route=%2Fwp%2Fv2%2Ftags&post=57766"}],"curies":[{"name":"wp","href":"https:\/\/api.w.org\/{rel}","templated":true}]}}