{"id":57763,"date":"2022-03-23T01:32:49","date_gmt":"2022-03-23T07:32:49","guid":{"rendered":"https:\/\/www.porlalibreedomex.com\/?p=57763"},"modified":"2022-03-24T01:33:18","modified_gmt":"2022-03-24T07:33:18","slug":"comision-legislativa-del-estado-de-mexico-aprueba-exhorto-para-proteger-a-periodistas","status":"publish","type":"post","link":"https:\/\/www.porlalibreedomex.com\/?p=57763","title":{"rendered":"COMISI\u00d3N LEGISLATIVA DEL ESTADO DE M\u00c9XICO APRUEBA EXHORTO PARA PROTEGER A PERIODISTAS"},"content":{"rendered":"<p><strong>Bettina Falc\u00f3n Valerdi \/<\/strong><\/p>\n<p><strong>Toluca, Estado de M\u00e9xico, 23 de marzo de 2022.-<\/strong> En lo que va de este sexenio se han perpetrado 31 asesinatos de periodistas en el pa\u00eds, ante esta realidad el diputado Alonso Adri\u00e1n Ju\u00e1rez Jim\u00e9nez, (PAN), propuso adicionar al punto de acuerdo que se dictamin\u00f3 en la Comisi\u00f3n de Procuraci\u00f3n y Administraci\u00f3n de Justicia de la Legislatura local, que el exhorto en estudio se extienda al gobierno de la Rep\u00fablica que encabeza el presidente Andr\u00e9s Manuel L\u00f3pez Obrador, para que se respeten y se garanticen los derechos de todos los comunicadores; de los medios de comunicaci\u00f3n y se evite el acoso a quienes piensan de una u otra forma.<br \/>\nA propuesta de las diputadas de la fracci\u00f3n parlamentaria del Verde Ecologista de M\u00e9xico, Mar\u00eda Luisa Mendoza Mondrag\u00f3n y Claudia Desiree Morales Robledo, la Comisi\u00f3n arriba mencionada dictamin\u00f3 un punto de acuerdo para solicitar a la a la Fiscal\u00eda General de Justicia (FGJEM) desahogue las carpetas de investigaci\u00f3n en su poder sobre agresiones a periodistas y atienda las denuncias y solicitudes de protecci\u00f3n realizadas por periodistas en fechas recientes.<br \/>\nTambi\u00e9n se le solicitar\u00e1 a\u00a0 la Secretar\u00eda de Justicia y Derechos Humanos, a propuesta de los diputados Omar Ortega \u00c1lvarez (PRD) y Juana Bonilla Jaime (MC) que que en su car\u00e1cter de titular de la Junta de Gobierno del Mecanismo de Protecci\u00f3n Integral de Periodistas y Personas Defensoras de Derechos Humanos, adem\u00e1s de llevar a cabo una coordinaci\u00f3n integral en materia de protecci\u00f3n, informe sobre la instalaci\u00f3n de dicha Junta, d\u00e9 a conocer su plan de trabajo as\u00ed\u00a0 como las estad\u00edsticas actualizadas acerca de cu\u00e1ntos periodistas se han adherido al Mecanismo y a cu\u00e1ntos se protege.<br \/>\n<strong>A los 125 municipios mexiquenses<\/strong> se les exhortar\u00e1 para que respeten y hagan efectivos los medios preventivos para garantizar la vida, integridad y seguridad de los periodistas en el desempe\u00f1o de su labor, toda vez que en lo que va del a\u00f1o en la entidad, se han registrado 30 agresiones a periodistas.<br \/>\nLa diputada Bonilla Jaime, quien es presidenta de la Comisi\u00f3n Legislativa de Derechos Humanos, mencion\u00f3 que si bien los municipios con mayor poblaci\u00f3n tienen bien habilitadas sus \u00e1reas de derechos humanos, existen varios que requieren especial atenci\u00f3n en este rubro para que funcionen eficientemente.<br \/>\nAl hacer uso de la palabra el diputado Ju\u00e1rez Jim\u00e9nez consider\u00f3 que para mandar un mensaje a todos los mexiquenses de que la Legislatura est\u00e1 atendiendo un problema y una realidad que hoy se ve, hay que extender el exhorto. \u201cEs justo decir que esta violencia, el acoso y las descalificaciones que hoy viven diferentes comunicadores, diferentes medios de comunicaci\u00f3n, es una realidad\u201d.<br \/>\nDe ah\u00ed que haya destacado que los diputados tienen la obligaci\u00f3n de reconocer lo que est\u00e1 mal y generar el exhorto mucho m\u00e1s amplio, \u201cque se extienda tambi\u00e9n al gobierno federal encabezado por el presidente, Andr\u00e9s Manuel L\u00f3pez Obrador, para que efectivamente se respeten, se garanticen los derechos de todos los comunicadores y de todos los medios de comunicaci\u00f3n, y se evite el acoso a quienes no piensen de una u otra forma\u201d.<br \/>\nAgreg\u00f3 que se haga el exhorto tambi\u00e9n a la Fiscal\u00eda General de la Rep\u00fablica, para que en el \u00e1mbito de su competencia tambi\u00e9n garantice que los comunicadores tanto del Estado de M\u00e9xico, como de todo el pa\u00eds, tengan estas garant\u00edas, concluy\u00f3.<br \/>\nEl documento as\u00ed qued\u00f3 integrado en la Comisi\u00f3n respectiva, y se turnar\u00e1 al pleno legislativo donde se espera se apruebe.<\/p>\n","protected":false},"excerpt":{"rendered":"<p>Bettina Falc\u00f3n Valerdi \/ Toluca, Estado de M\u00e9xico, 23 de marzo de 2022.- En lo que va de este sexenio se han perpetrado 31 asesinatos de periodistas en el pa\u00eds, ante esta realidad el diputado Alonso Adri\u00e1n Ju\u00e1rez Jim\u00e9nez, (PAN), propuso adicionar al punto de acuerdo que se dictamin\u00f3 en la Comisi\u00f3n de Procuraci\u00f3n y [&hellip;]<\/p>\n","protected":false},"author":3,"featured_media":57764,"comment_status":"open","ping_status":"open","sticky":false,"template":"","format":"standard","meta":{"footnotes":""},"categories":[9157,16],"tags":[26474,26472,26473],"class_list":{"0":"post-57763","1":"post","2":"type-post","3":"status-publish","4":"format-standard","5":"has-post-thumbnail","7":"category-edomex","8":"category-foto","9":"tag-exhorto-desde-el-presidente-hacia-abajo","10":"tag-exhorto-para-proteger-a-periodistas","11":"tag-que-garanticen-castigo-a-agresores"},"wps_subtitle":"Pide legislador que desde el titular del ejecutivo federal hasta los 125 ayuntamiento garanticen la seguridad y protecci\u00f3n de periodistas.","_links":{"self":[{"href":"https:\/\/www.porlalibreedomex.com\/index.php?rest_route=\/wp\/v2\/posts\/57763","targetHints":{"allow":["GET"]}}],"collection":[{"href":"https:\/\/www.porlalibreedomex.com\/index.php?rest_route=\/wp\/v2\/posts"}],"about":[{"href":"https:\/\/www.porlalibreedomex.com\/index.php?rest_route=\/wp\/v2\/types\/post"}],"author":[{"embeddable":true,"href":"https:\/\/www.porlalibreedomex.com\/index.php?rest_route=\/wp\/v2\/users\/3"}],"replies":[{"embeddable":true,"href":"https:\/\/www.porlalibreedomex.com\/index.php?rest_route=%2Fwp%2Fv2%2Fcomments&post=57763"}],"version-history":[{"count":1,"href":"https:\/\/www.porlalibreedomex.com\/index.php?rest_route=\/wp\/v2\/posts\/57763\/revisions"}],"predecessor-version":[{"id":57765,"href":"https:\/\/www.porlalibreedomex.com\/index.php?rest_route=\/wp\/v2\/posts\/57763\/revisions\/57765"}],"wp:featuredmedia":[{"embeddable":true,"href":"https:\/\/www.porlalibreedomex.com\/index.php?rest_route=\/wp\/v2\/media\/57764"}],"wp:attachment":[{"href":"https:\/\/www.porlalibreedomex.com\/index.php?rest_route=%2Fwp%2Fv2%2Fmedia&parent=57763"}],"wp:term":[{"taxonomy":"category","embeddable":true,"href":"https:\/\/www.porlalibreedomex.com\/index.php?rest_route=%2Fwp%2Fv2%2Fcategories&post=57763"},{"taxonomy":"post_tag","embeddable":true,"href":"https:\/\/www.porlalibreedomex.com\/index.php?rest_route=%2Fwp%2Fv2%2Ftags&post=57763"}],"curies":[{"name":"wp","href":"https:\/\/api.w.org\/{rel}","templated":true}]}}