{"id":57614,"date":"2022-03-18T22:27:41","date_gmt":"2022-03-19T04:27:41","guid":{"rendered":"https:\/\/www.porlalibreedomex.com\/?p=57614"},"modified":"2022-03-18T22:27:41","modified_gmt":"2022-03-19T04:27:41","slug":"la-codhem-estrecha-lazos-con-la-fes-acatlan","status":"publish","type":"post","link":"https:\/\/www.porlalibreedomex.com\/?p=57614","title":{"rendered":"LA CODHEM ESTRECHA LAZOS CON LA FES ACATL\u00c1N"},"content":{"rendered":"<ul style=\"font-weight: 400;\">\n<li><em>La presidenta\u00a0 destaca ante\u00a0 autoridades educativas el papel de los j\u00f3venes en materia de DDHH.<\/em><\/li>\n<\/ul>\n<p style=\"font-weight: 400;\">\n<p style=\"font-weight: 400;\"><strong>Naucalpan, Estado de M\u00e9xico, 18 de marzo de 2022.-<\/strong> Para fortalecer las relaciones con instituciones acad\u00e9micas para futuros proyectos encaminados a promover y consolidar la cultura de los derechos humanos, la presidenta de la Comisi\u00f3n de Derechos Humanos del Estado de M\u00e9xico (Codhem) Myrna Araceli Garc\u00eda Mor\u00f3n tuvo una reuni\u00f3n de trabajo con autoridades acad\u00e9micas de la\u00a0Facultad de Estudios Superiores (FES) Acatl\u00e1n, de la Universidad Nacional Aut\u00f3noma de M\u00e9xico (UNAM).<\/p>\n<p style=\"font-weight: 400;\">\n<p style=\"font-weight: 400;\">En representaci\u00f3n del director de la FES Acatl\u00e1n,\u00a0Manuel Mart\u00ednez Justo,\u00a0la\u00a0secretaria General Acad\u00e9mica, Nora Goris Mayans; la secretaria de Extensi\u00f3n Universitaria y Vinculaci\u00f3n Institucional, Claudia M\u00e1rquez D\u00edaz;\u00a0el coordinador de Gesti\u00f3n de la Direcci\u00f3n, Christian Roberto Salazar Montiel; y el jefe del Departamento de Investigaci\u00f3n en Procuraci\u00f3n y Administraci\u00f3n de Justicia de la Unidad de Investigaci\u00f3n Multidisciplinaria, Roberto Gabriel Ruiz y Ruiz, expresaron el inter\u00e9s para aportar conocimientos para resolver los problemas que preocupan y ocupan a la entidad.<\/p>\n<p style=\"font-weight: 400;\">Garc\u00eda Mor\u00f3n se\u00f1al\u00f3 la importancia de hacer alianzas estrat\u00e9gicas y firmar convenios con universidades p\u00fablicas, como en el caso de la FES Acatl\u00e1n, la segunda escuela de mayor magnitud en la UNAM y que se ubica en uno de los municipios metropolitanos con multiplicidad de factores sociales, pues lo que se vive a su interior es un reflejo de la realidad y de ah\u00ed pueden obtenerse respuestas para seguir construyendo sociedades desde el punto de vista administrativo, pol\u00edticas de administraci\u00f3n y procuraci\u00f3n de justicia.<\/p>\n<p style=\"font-weight: 400;\">Acompa\u00f1ada por el acad\u00e9mico de posgrado de la FES Acatl\u00e1n e\u00a0integrante del Consejo Consultivo del organismo defensor, Gonzalo Levi Obreg\u00f3n Salinas y por el secretario general de la Comisi\u00f3n, Jes\u00fas Ponce Rubio, Garc\u00eda\u00a0Mor\u00f3n destac\u00f3 que los j\u00f3venes son una pieza fundamental para el desarrollo social, por ello se busca involucrarlos y tenerlos como aliados en temas de derechos humanos, m\u00e1s a\u00fan a los universitarios que se forman como ciudadanos conscientes para hacer una contribuci\u00f3n a la colectividad y que sue\u00f1an en la reconstrucci\u00f3n de la sociedad.<\/p>\n<p style=\"font-weight: 400;\">\n","protected":false},"excerpt":{"rendered":"<p>La presidenta\u00a0 destaca ante\u00a0 autoridades educativas el papel de los j\u00f3venes en materia de DDHH. Naucalpan, Estado de M\u00e9xico, 18 de marzo de 2022.- Para fortalecer las relaciones con instituciones acad\u00e9micas para futuros proyectos encaminados a promover y consolidar la cultura de los derechos humanos, la presidenta de la Comisi\u00f3n de Derechos Humanos del Estado [&hellip;]<\/p>\n","protected":false},"author":3,"featured_media":0,"comment_status":"open","ping_status":"open","sticky":false,"template":"","format":"standard","meta":{"footnotes":""},"categories":[16,5],"tags":[26395,21591],"class_list":{"0":"post-57614","1":"post","2":"type-post","3":"status-publish","4":"format-standard","6":"category-foto","7":"category-nota-informativa","8":"tag-convenio-codhe","9":"tag-fes-acatlan"},"wps_subtitle":"","_links":{"self":[{"href":"https:\/\/www.porlalibreedomex.com\/index.php?rest_route=\/wp\/v2\/posts\/57614","targetHints":{"allow":["GET"]}}],"collection":[{"href":"https:\/\/www.porlalibreedomex.com\/index.php?rest_route=\/wp\/v2\/posts"}],"about":[{"href":"https:\/\/www.porlalibreedomex.com\/index.php?rest_route=\/wp\/v2\/types\/post"}],"author":[{"embeddable":true,"href":"https:\/\/www.porlalibreedomex.com\/index.php?rest_route=\/wp\/v2\/users\/3"}],"replies":[{"embeddable":true,"href":"https:\/\/www.porlalibreedomex.com\/index.php?rest_route=%2Fwp%2Fv2%2Fcomments&post=57614"}],"version-history":[{"count":1,"href":"https:\/\/www.porlalibreedomex.com\/index.php?rest_route=\/wp\/v2\/posts\/57614\/revisions"}],"predecessor-version":[{"id":57615,"href":"https:\/\/www.porlalibreedomex.com\/index.php?rest_route=\/wp\/v2\/posts\/57614\/revisions\/57615"}],"wp:attachment":[{"href":"https:\/\/www.porlalibreedomex.com\/index.php?rest_route=%2Fwp%2Fv2%2Fmedia&parent=57614"}],"wp:term":[{"taxonomy":"category","embeddable":true,"href":"https:\/\/www.porlalibreedomex.com\/index.php?rest_route=%2Fwp%2Fv2%2Fcategories&post=57614"},{"taxonomy":"post_tag","embeddable":true,"href":"https:\/\/www.porlalibreedomex.com\/index.php?rest_route=%2Fwp%2Fv2%2Ftags&post=57614"}],"curies":[{"name":"wp","href":"https:\/\/api.w.org\/{rel}","templated":true}]}}