{"id":57607,"date":"2022-03-18T14:44:41","date_gmt":"2022-03-18T20:44:41","guid":{"rendered":"https:\/\/www.porlalibreedomex.com\/?p=57607"},"modified":"2022-03-18T14:44:41","modified_gmt":"2022-03-18T20:44:41","slug":"registran-la-caida-de-una-aeronave-en-el-municipio-de-villa-guerrero-estado-de-mexico","status":"publish","type":"post","link":"https:\/\/www.porlalibreedomex.com\/?p=57607","title":{"rendered":"REGISTRAN LA CA\u00cdDA DE UNA AERONAVE EN EL MUNICIPIO DE VILLA GUERRERO, ESTADO DE M\u00c9XICO"},"content":{"rendered":"<ul>\n<li><strong>Reportan que el piloto result\u00f3 lesionado, quien fue trasladado al Centro M\u00e9dico \u201cLic. Adolfo L\u00f3pez Mateos\u201d.<\/strong><\/li>\n<\/ul>\n<p><strong>Villa Guerrero, Estado de M\u00e9xico, 18 de marzo de 2022.<\/strong> Autoridades municipales de Villa Guerrero y la Unidad de Rescate A\u00e9reo \u201cRel\u00e1mpagos\u201d, participaron en las labores de auxilio y atenci\u00f3n, luego de que se registrara la ca\u00edda de una avioneta entre r\u00edo San Gaspar y Zacango, localidades pertenecientes a este municipio del sur de la entidad; el veh\u00edculo a\u00e9reo tipo Cessna portaba la matr\u00edcula UL-CHC.<\/p>\n<p>Al momento solo se registra que el piloto de la unidad result\u00f3 lesionado, se trata de un hombre de 70 a\u00f1os, quien fue reportado como politraumatizado y trasladado por el Grupo Rel\u00e1mpagos a bordo del helic\u00f3ptero con matr\u00edcula XC-MMP, al Centro M\u00e9dico \u201cLic. Adolfo L\u00f3pez Mateos\u201d, en la ciudad de Toluca, para su atenci\u00f3n m\u00e9dica.<\/p>\n","protected":false},"excerpt":{"rendered":"<p>Reportan que el piloto result\u00f3 lesionado, quien fue trasladado al Centro M\u00e9dico \u201cLic. Adolfo L\u00f3pez Mateos\u201d. Villa Guerrero, Estado de M\u00e9xico, 18 de marzo de 2022. Autoridades municipales de Villa Guerrero y la Unidad de Rescate A\u00e9reo \u201cRel\u00e1mpagos\u201d, participaron en las labores de auxilio y atenci\u00f3n, luego de que se registrara la ca\u00edda de una [&hellip;]<\/p>\n","protected":false},"author":3,"featured_media":57608,"comment_status":"open","ping_status":"open","sticky":false,"template":"","format":"standard","meta":{"footnotes":""},"categories":[9157,16,9149],"tags":[26392,26391],"class_list":{"0":"post-57607","1":"post","2":"type-post","3":"status-publish","4":"format-standard","5":"has-post-thumbnail","7":"category-edomex","8":"category-foto","9":"category-policiaca","10":"tag-avionetazo-con-un-lesionado","11":"tag-se-desploma-avioneta-en-villa-guerrero"},"wps_subtitle":"","_links":{"self":[{"href":"https:\/\/www.porlalibreedomex.com\/index.php?rest_route=\/wp\/v2\/posts\/57607","targetHints":{"allow":["GET"]}}],"collection":[{"href":"https:\/\/www.porlalibreedomex.com\/index.php?rest_route=\/wp\/v2\/posts"}],"about":[{"href":"https:\/\/www.porlalibreedomex.com\/index.php?rest_route=\/wp\/v2\/types\/post"}],"author":[{"embeddable":true,"href":"https:\/\/www.porlalibreedomex.com\/index.php?rest_route=\/wp\/v2\/users\/3"}],"replies":[{"embeddable":true,"href":"https:\/\/www.porlalibreedomex.com\/index.php?rest_route=%2Fwp%2Fv2%2Fcomments&post=57607"}],"version-history":[{"count":1,"href":"https:\/\/www.porlalibreedomex.com\/index.php?rest_route=\/wp\/v2\/posts\/57607\/revisions"}],"predecessor-version":[{"id":57609,"href":"https:\/\/www.porlalibreedomex.com\/index.php?rest_route=\/wp\/v2\/posts\/57607\/revisions\/57609"}],"wp:featuredmedia":[{"embeddable":true,"href":"https:\/\/www.porlalibreedomex.com\/index.php?rest_route=\/wp\/v2\/media\/57608"}],"wp:attachment":[{"href":"https:\/\/www.porlalibreedomex.com\/index.php?rest_route=%2Fwp%2Fv2%2Fmedia&parent=57607"}],"wp:term":[{"taxonomy":"category","embeddable":true,"href":"https:\/\/www.porlalibreedomex.com\/index.php?rest_route=%2Fwp%2Fv2%2Fcategories&post=57607"},{"taxonomy":"post_tag","embeddable":true,"href":"https:\/\/www.porlalibreedomex.com\/index.php?rest_route=%2Fwp%2Fv2%2Ftags&post=57607"}],"curies":[{"name":"wp","href":"https:\/\/api.w.org\/{rel}","templated":true}]}}