{"id":57416,"date":"2022-03-10T00:53:08","date_gmt":"2022-03-10T06:53:08","guid":{"rendered":"https:\/\/www.porlalibreedomex.com\/?p=57416"},"modified":"2022-03-11T00:54:02","modified_gmt":"2022-03-11T06:54:02","slug":"aconseja-isem-a-familiares-de-pacientes-con-insuficienci-renal-vigilar-higiene-y-alimentacion","status":"publish","type":"post","link":"https:\/\/www.porlalibreedomex.com\/?p=57416","title":{"rendered":"ACONSEJA ISEM A FAMILIARES DE PACIENTES CON INSUFICIENCI RENAL VIGILAR HIGIENE Y ALIMENTACI\u00d3N"},"content":{"rendered":"<ul>\n<li><em><strong>Conmemora Centro M\u00e9dico \u00abLic. Adolfo L\u00f3pez Mateos\u00bb D\u00eda Mundial del Ri\u00f1\u00f3n.<\/strong><\/em><\/li>\n<li><em><strong>Requieren pacientes eliminar sales, az\u00facares y grasas en alimentos.<\/strong><\/em><\/li>\n<\/ul>\n<p>&nbsp;<\/p>\n<p>&nbsp;<\/p>\n<p><strong>Toluca, Estado de M\u00e9xico, 10 de marzo de 2022.<\/strong> Especialistas del Centro M\u00e9dico \u00abLic. Adolfo L\u00f3pez Mateos\u00bb del Instituto de Salud del Estado de M\u00e9xico (ISEM), se\u00f1alaron que los familiares de personas que padecen insuficiencia renal y reciben tratamiento, deben adoptar medidas de apoyo para los pacientes, enfocadas a una adecuada higiene y alimentaci\u00f3n.<\/p>\n<p>En el marco del D\u00eda Mundial del Ri\u00f1\u00f3n, que se conmemora cada 10 de marzo, autoridades del hospital refirieron que la deficiencia en la funci\u00f3n renal se debe principalmente a diabetes avanzada y no controlada, hipertensi\u00f3n, hipoclasia renal y preclamsia.<\/p>\n<p><a href=\"https:\/\/www.porlalibreedomex.com\/wp-content\/uploads\/2022\/03\/Los-enfermos-de-los-rinones-requieren-cuidados-especiales-en-su-alimentacion-advierte-el-ISEM.jpg\"><img loading=\"lazy\" decoding=\"async\" class=\"aligncenter size-full wp-image-57419\" src=\"https:\/\/www.porlalibreedomex.com\/wp-content\/uploads\/2022\/03\/Los-enfermos-de-los-rinones-requieren-cuidados-especiales-en-su-alimentacion-advierte-el-ISEM.jpg\" alt=\"\" width=\"1024\" height=\"682\" srcset=\"https:\/\/www.porlalibreedomex.com\/wp-content\/uploads\/2022\/03\/Los-enfermos-de-los-rinones-requieren-cuidados-especiales-en-su-alimentacion-advierte-el-ISEM.jpg 1024w, https:\/\/www.porlalibreedomex.com\/wp-content\/uploads\/2022\/03\/Los-enfermos-de-los-rinones-requieren-cuidados-especiales-en-su-alimentacion-advierte-el-ISEM-300x200.jpg 300w, https:\/\/www.porlalibreedomex.com\/wp-content\/uploads\/2022\/03\/Los-enfermos-de-los-rinones-requieren-cuidados-especiales-en-su-alimentacion-advierte-el-ISEM-768x512.jpg 768w\" sizes=\"auto, (max-width: 1024px) 100vw, 1024px\" \/><\/a><\/p>\n<p>Destacaron que la mayor\u00eda de los pacientes con esta afectaci\u00f3n son adultos mayores y reciben di\u00e1lisis y hemodi\u00e1lisis, pero adem\u00e1s requieren apoyo familiar para la preparaci\u00f3n adecuada de alimentos, limpieza de habitaciones en donde se realizan la di\u00e1lisis peritoneal, el lavado correcto de manos, as\u00ed como eliminar la ingesta de sal, bebidas azucaradas y grasas.<\/p>\n<p>Puntualizaron que muchos de ellos enfrentan crisis de depresi\u00f3n, que tambi\u00e9n afectan a sus seres queridos, por lo que tambi\u00e9n es importante acceder a terapias conjuntas de los servicios de psicolog\u00eda y considerar las ventajas de la di\u00e1lisis peritoneal nocturna, a fin de que el paciente pueda llevar una vida normal y con mejor \u00e1nimo.<\/p>\n<p>Finalmente, refirieron que el Centro M\u00e9dico \u00abLic. L\u00f3pez Mateos\u00bb emplea tratamientos multidisciplinarios para la recuperaci\u00f3n exitosa de los pacientes por lo que dispone de un equipo de 45 recursos humanos en los que intervienen psic\u00f3logos, nutri\u00f3logos, personal de enfermer\u00eda, trabajo social y medicina interna.<\/p>\n<p>Adem\u00e1s, lleva a cabo actividades de capacitaci\u00f3n a pacientes y familiares, difusi\u00f3n del consumo al menos dos litros de agua al d\u00eda y activaci\u00f3n f\u00edsica, solicita que los pacientes cumplan con sus consultas y tratamientos farmacol\u00f3gicos.<\/p>\n","protected":false},"excerpt":{"rendered":"<p>Conmemora Centro M\u00e9dico \u00abLic. Adolfo L\u00f3pez Mateos\u00bb D\u00eda Mundial del Ri\u00f1\u00f3n. Requieren pacientes eliminar sales, az\u00facares y grasas en alimentos. &nbsp; &nbsp; Toluca, Estado de M\u00e9xico, 10 de marzo de 2022. Especialistas del Centro M\u00e9dico \u00abLic. Adolfo L\u00f3pez Mateos\u00bb del Instituto de Salud del Estado de M\u00e9xico (ISEM), se\u00f1alaron que los familiares de personas que [&hellip;]<\/p>\n","protected":false},"author":3,"featured_media":0,"comment_status":"open","ping_status":"open","sticky":false,"template":"","format":"standard","meta":{"footnotes":""},"categories":[9157,16,9145,9209],"tags":[26310,12354],"class_list":{"0":"post-57416","1":"post","2":"type-post","3":"status-publish","4":"format-standard","6":"category-edomex","7":"category-foto","8":"category-general","9":"category-salud","10":"tag-cuidados-enfermos-rinon","11":"tag-secretaria-de-salud-edomex"},"wps_subtitle":"","_links":{"self":[{"href":"https:\/\/www.porlalibreedomex.com\/index.php?rest_route=\/wp\/v2\/posts\/57416","targetHints":{"allow":["GET"]}}],"collection":[{"href":"https:\/\/www.porlalibreedomex.com\/index.php?rest_route=\/wp\/v2\/posts"}],"about":[{"href":"https:\/\/www.porlalibreedomex.com\/index.php?rest_route=\/wp\/v2\/types\/post"}],"author":[{"embeddable":true,"href":"https:\/\/www.porlalibreedomex.com\/index.php?rest_route=\/wp\/v2\/users\/3"}],"replies":[{"embeddable":true,"href":"https:\/\/www.porlalibreedomex.com\/index.php?rest_route=%2Fwp%2Fv2%2Fcomments&post=57416"}],"version-history":[{"count":1,"href":"https:\/\/www.porlalibreedomex.com\/index.php?rest_route=\/wp\/v2\/posts\/57416\/revisions"}],"predecessor-version":[{"id":57420,"href":"https:\/\/www.porlalibreedomex.com\/index.php?rest_route=\/wp\/v2\/posts\/57416\/revisions\/57420"}],"wp:attachment":[{"href":"https:\/\/www.porlalibreedomex.com\/index.php?rest_route=%2Fwp%2Fv2%2Fmedia&parent=57416"}],"wp:term":[{"taxonomy":"category","embeddable":true,"href":"https:\/\/www.porlalibreedomex.com\/index.php?rest_route=%2Fwp%2Fv2%2Fcategories&post=57416"},{"taxonomy":"post_tag","embeddable":true,"href":"https:\/\/www.porlalibreedomex.com\/index.php?rest_route=%2Fwp%2Fv2%2Ftags&post=57416"}],"curies":[{"name":"wp","href":"https:\/\/api.w.org\/{rel}","templated":true}]}}