{"id":57407,"date":"2022-03-10T00:24:54","date_gmt":"2022-03-10T06:24:54","guid":{"rendered":"https:\/\/www.porlalibreedomex.com\/?p=57407"},"modified":"2022-03-11T00:30:02","modified_gmt":"2022-03-11T06:30:02","slug":"regresan-a-clases-presenciales-el-95-por-ciento-de-los-alumnos-del-edomex","status":"publish","type":"post","link":"https:\/\/www.porlalibreedomex.com\/?p=57407","title":{"rendered":"REGRESAN A CLASES PRESENCIALES EL 95 POR CIENTO DE LOS ALUMNOS DEL EDOM\u00c9X"},"content":{"rendered":"<ul>\n<li><em><strong>Informan que en el Edom\u00e9x se han aplicado m\u00e1s de 28 millones 800 mil vacunas, cubriendo al 90 por ciento de la poblaci\u00f3n en edad para vacunarse.<\/strong><\/em><\/li>\n<li><em><strong>Supervisan las instalaciones de la Escuela Secundaria Oficial No. 247 \u201cPlan de Ayala\u201d, en Almoloya de Ju\u00e1rez, plantel educativo afectado por el sismo del 19 de septiembre de 2017.<\/strong><\/em><\/li>\n<\/ul>\n<div style=\"width: 640px;\" class=\"wp-video\"><video class=\"wp-video-shortcode\" id=\"video-57407-1\" width=\"640\" height=\"640\" preload=\"metadata\" controls=\"controls\"><source type=\"video\/mp4\" src=\"https:\/\/www.porlalibreedomex.com\/wp-content\/uploads\/2022\/03\/El-Gobernador-Alfredo-del-Mazo-entrego-la-remodelacion-de-la-Secundaria-Plan-de-Ayala.mp4?_=1\" \/><a href=\"https:\/\/www.porlalibreedomex.com\/wp-content\/uploads\/2022\/03\/El-Gobernador-Alfredo-del-Mazo-entrego-la-remodelacion-de-la-Secundaria-Plan-de-Ayala.mp4\">https:\/\/www.porlalibreedomex.com\/wp-content\/uploads\/2022\/03\/El-Gobernador-Alfredo-del-Mazo-entrego-la-remodelacion-de-la-Secundaria-Plan-de-Ayala.mp4<\/a><\/video><\/div>\n<p>&nbsp;<\/p>\n<p><strong>Almoloya de Ju\u00e1rez, Estado de M\u00e9xico, 10 de marzo de 2022.<\/strong> El Estado de M\u00e9xico tiene m\u00e1s de 4.5 millones de alumnos, de los cuales, el 95 por ciento han regresado a clases presenciales, inform\u00f3 el gobernador del Estado de M\u00e9xico, Alfredo del Mazo, y explic\u00f3 que la vacunaci\u00f3n contra COVID-19 ha permitido que alumnos y maestros regresen a las aulas.<\/p>\n<p>Puntualiz\u00f3 que los maestros mexiquenses ya cuentan con su dosis de refuerzo y a\u00f1adi\u00f3 que en el Estado de M\u00e9xico se han aplicado m\u00e1s de 28 millones 800 mil vacunas.<\/p>\n<figure id=\"attachment_57411\" aria-describedby=\"caption-attachment-57411\" style=\"width: 800px\" class=\"wp-caption aligncenter\"><a href=\"https:\/\/www.porlalibreedomex.com\/wp-content\/uploads\/2022\/03\/Gracias-a-los-avances-en-vacunacion-contra-el-COVID-19-en-el-Estado-de-Mexico-han-regresado-a-clases-presenciales-95-por-ciento-de-alumnos-informo-el-Gobernador..jpg\"><img loading=\"lazy\" decoding=\"async\" class=\"size-large wp-image-57411\" src=\"https:\/\/www.porlalibreedomex.com\/wp-content\/uploads\/2022\/03\/Gracias-a-los-avances-en-vacunacion-contra-el-COVID-19-en-el-Estado-de-Mexico-han-regresado-a-clases-presenciales-95-por-ciento-de-alumnos-informo-el-Gobernador.-1024x680.jpg\" alt=\"\" width=\"800\" height=\"531\" srcset=\"https:\/\/www.porlalibreedomex.com\/wp-content\/uploads\/2022\/03\/Gracias-a-los-avances-en-vacunacion-contra-el-COVID-19-en-el-Estado-de-Mexico-han-regresado-a-clases-presenciales-95-por-ciento-de-alumnos-informo-el-Gobernador.-1024x680.jpg 1024w, https:\/\/www.porlalibreedomex.com\/wp-content\/uploads\/2022\/03\/Gracias-a-los-avances-en-vacunacion-contra-el-COVID-19-en-el-Estado-de-Mexico-han-regresado-a-clases-presenciales-95-por-ciento-de-alumnos-informo-el-Gobernador.-300x199.jpg 300w, https:\/\/www.porlalibreedomex.com\/wp-content\/uploads\/2022\/03\/Gracias-a-los-avances-en-vacunacion-contra-el-COVID-19-en-el-Estado-de-Mexico-han-regresado-a-clases-presenciales-95-por-ciento-de-alumnos-informo-el-Gobernador.-768x510.jpg 768w, https:\/\/www.porlalibreedomex.com\/wp-content\/uploads\/2022\/03\/Gracias-a-los-avances-en-vacunacion-contra-el-COVID-19-en-el-Estado-de-Mexico-han-regresado-a-clases-presenciales-95-por-ciento-de-alumnos-informo-el-Gobernador.-1536x1020.jpg 1536w, https:\/\/www.porlalibreedomex.com\/wp-content\/uploads\/2022\/03\/Gracias-a-los-avances-en-vacunacion-contra-el-COVID-19-en-el-Estado-de-Mexico-han-regresado-a-clases-presenciales-95-por-ciento-de-alumnos-informo-el-Gobernador..jpg 1600w\" sizes=\"auto, (max-width: 800px) 100vw, 800px\" \/><\/a><figcaption id=\"caption-attachment-57411\" class=\"wp-caption-text\">Gracias a los avances en vacunaci\u00f3n contra el COVID-19 en el Estado de M\u00e9xico han regresado a clases presenciales 95 por ciento de alumnos, inform\u00f3 el Gobernador.<\/figcaption><\/figure>\n<p>Precis\u00f3 que <strong>se ha logrado cubrir m\u00e1s del 90 por ciento de la poblaci\u00f3n de 18 a\u00f1os en adelante, grupo que ya cuenta con su esquema de vacunaci\u00f3n, lo que habla de la responsabilidad de las familias mexiquenses por estar prevenidos y contener la enfermedad.<\/strong><\/p>\n<p><strong>Mientras que de 15 a 18 a\u00f1os ya tienen sus dosis completas, y en 62 municipios ya se aplic\u00f3 el refuerzo para este rango de edad, y se est\u00e1 en espera de que el gobierno federal entregue las vacunas al Estado de M\u00e9xico, para iniciar la inmunizaci\u00f3n en menores de 14 a\u00f1os.<\/strong><\/p>\n<p>El Gobernador mexiquense se\u00f1al\u00f3 que el sector educativo fue uno de los sectores afectados por la pandemia de COVID-19, pues los alumnos tuvieron que dejar de asistir a clases presenciales e iniciar una educaci\u00f3n a distancia.<\/p>\n<figure id=\"attachment_57410\" aria-describedby=\"caption-attachment-57410\" style=\"width: 800px\" class=\"wp-caption aligncenter\"><a href=\"https:\/\/www.porlalibreedomex.com\/wp-content\/uploads\/2022\/03\/En-el-Ejido-de-Padron-perteneciente-al-municipio-de-Almoloya-de-Juarez-el-Gobernador-Alfredo-del-Mazo-entrego-la-remodelacion-de-la-escuela-Secundaria.jpg\"><img loading=\"lazy\" decoding=\"async\" class=\"size-large wp-image-57410\" src=\"https:\/\/www.porlalibreedomex.com\/wp-content\/uploads\/2022\/03\/En-el-Ejido-de-Padron-perteneciente-al-municipio-de-Almoloya-de-Juarez-el-Gobernador-Alfredo-del-Mazo-entrego-la-remodelacion-de-la-escuela-Secundaria-1024x680.jpg\" alt=\"\" width=\"800\" height=\"531\" srcset=\"https:\/\/www.porlalibreedomex.com\/wp-content\/uploads\/2022\/03\/En-el-Ejido-de-Padron-perteneciente-al-municipio-de-Almoloya-de-Juarez-el-Gobernador-Alfredo-del-Mazo-entrego-la-remodelacion-de-la-escuela-Secundaria-1024x680.jpg 1024w, https:\/\/www.porlalibreedomex.com\/wp-content\/uploads\/2022\/03\/En-el-Ejido-de-Padron-perteneciente-al-municipio-de-Almoloya-de-Juarez-el-Gobernador-Alfredo-del-Mazo-entrego-la-remodelacion-de-la-escuela-Secundaria-300x199.jpg 300w, https:\/\/www.porlalibreedomex.com\/wp-content\/uploads\/2022\/03\/En-el-Ejido-de-Padron-perteneciente-al-municipio-de-Almoloya-de-Juarez-el-Gobernador-Alfredo-del-Mazo-entrego-la-remodelacion-de-la-escuela-Secundaria-768x510.jpg 768w, https:\/\/www.porlalibreedomex.com\/wp-content\/uploads\/2022\/03\/En-el-Ejido-de-Padron-perteneciente-al-municipio-de-Almoloya-de-Juarez-el-Gobernador-Alfredo-del-Mazo-entrego-la-remodelacion-de-la-escuela-Secundaria-1536x1020.jpg 1536w, https:\/\/www.porlalibreedomex.com\/wp-content\/uploads\/2022\/03\/En-el-Ejido-de-Padron-perteneciente-al-municipio-de-Almoloya-de-Juarez-el-Gobernador-Alfredo-del-Mazo-entrego-la-remodelacion-de-la-escuela-Secundaria.jpg 1600w\" sizes=\"auto, (max-width: 800px) 100vw, 800px\" \/><\/a><figcaption id=\"caption-attachment-57410\" class=\"wp-caption-text\">En el Ejido de Padr\u00f3n, perteneciente al municipio de Almoloya de Ju\u00e1rez, el Gobernador Alfredo del Mazo entreg\u00f3 la remodelaci\u00f3n de la escuela Secundaria, una de las 4 mil 900 que resultaron da\u00f1as por el sismo de 2017.<\/figcaption><\/figure>\n<p>En este sentido, reconoci\u00f3 el trabajo realizado por los docentes mexiquenses que tuvieron que adaptarse a la educaci\u00f3n virtual, y a los padres de familia, que tuvieron que redoblar esfuerzos en la educaci\u00f3n de sus hijos.<\/p>\n<p>En esta ocasi\u00f3n, el Gobernador del Estado de M\u00e9xico realiz\u00f3 la supervisi\u00f3n de las instalaciones de la Escuela Secundaria Oficial No. 247 \u201cPlan de Ayala\u201d, en el municipio de Almoloya de Ju\u00e1rez, instituci\u00f3n afectada por el sismo del 19 de septiembre de 2017, y que tiene m\u00e1s de 47 a\u00f1os en funcionamiento.<\/p>\n<p>Record\u00f3 que a ra\u00edz de este sismo, a nivel nacional resultaron afectados cerca de 12 mil edificios escolares, de los cuales, m\u00e1s de 4 mil 900 se ubican en el Estado de M\u00e9xico, la entidad con m\u00e1s escuelas da\u00f1adas.<\/p>\n<p>Explic\u00f3 que a partir de esta situaci\u00f3n, algunas de las escuelas tuvieron que ser rehabilitadas y algunas otras reconstruidas, en el caso de esta escuela secundaria se mejoraron las instalaciones con un nuevo edificio y la recuperaci\u00f3n de las aulas afectadas, permitiendo que las presentes y futuras generaciones se puedan preparar en condiciones \u00f3ptimas.<\/p>\n","protected":false},"excerpt":{"rendered":"<p>Informan que en el Edom\u00e9x se han aplicado m\u00e1s de 28 millones 800 mil vacunas, cubriendo al 90 por ciento de la poblaci\u00f3n en edad para vacunarse. Supervisan las instalaciones de la Escuela Secundaria Oficial No. 247 \u201cPlan de Ayala\u201d, en Almoloya de Ju\u00e1rez, plantel educativo afectado por el sismo del 19 de septiembre de [&hellip;]<\/p>\n","protected":false},"author":3,"featured_media":57409,"comment_status":"open","ping_status":"open","sticky":false,"template":"","format":"standard","meta":{"footnotes":""},"categories":[16,9150],"tags":[26307,26308,9762,26309],"class_list":{"0":"post-57407","1":"post","2":"type-post","3":"status-publish","4":"format-standard","5":"has-post-thumbnail","7":"category-foto","8":"category-politica","9":"tag-95-en-clases-presenciales","10":"tag-avances-en-vacunacion-covid","11":"tag-gobernador-alfredo-del-mazo","12":"tag-remodelacion-secundaria-almoloya-de-j"},"wps_subtitle":"Permite la vacunaci\u00f3n contra COVID-19 el regreso a las aulas.","_links":{"self":[{"href":"https:\/\/www.porlalibreedomex.com\/index.php?rest_route=\/wp\/v2\/posts\/57407","targetHints":{"allow":["GET"]}}],"collection":[{"href":"https:\/\/www.porlalibreedomex.com\/index.php?rest_route=\/wp\/v2\/posts"}],"about":[{"href":"https:\/\/www.porlalibreedomex.com\/index.php?rest_route=\/wp\/v2\/types\/post"}],"author":[{"embeddable":true,"href":"https:\/\/www.porlalibreedomex.com\/index.php?rest_route=\/wp\/v2\/users\/3"}],"replies":[{"embeddable":true,"href":"https:\/\/www.porlalibreedomex.com\/index.php?rest_route=%2Fwp%2Fv2%2Fcomments&post=57407"}],"version-history":[{"count":3,"href":"https:\/\/www.porlalibreedomex.com\/index.php?rest_route=\/wp\/v2\/posts\/57407\/revisions"}],"predecessor-version":[{"id":57413,"href":"https:\/\/www.porlalibreedomex.com\/index.php?rest_route=\/wp\/v2\/posts\/57407\/revisions\/57413"}],"wp:featuredmedia":[{"embeddable":true,"href":"https:\/\/www.porlalibreedomex.com\/index.php?rest_route=\/wp\/v2\/media\/57409"}],"wp:attachment":[{"href":"https:\/\/www.porlalibreedomex.com\/index.php?rest_route=%2Fwp%2Fv2%2Fmedia&parent=57407"}],"wp:term":[{"taxonomy":"category","embeddable":true,"href":"https:\/\/www.porlalibreedomex.com\/index.php?rest_route=%2Fwp%2Fv2%2Fcategories&post=57407"},{"taxonomy":"post_tag","embeddable":true,"href":"https:\/\/www.porlalibreedomex.com\/index.php?rest_route=%2Fwp%2Fv2%2Ftags&post=57407"}],"curies":[{"name":"wp","href":"https:\/\/api.w.org\/{rel}","templated":true}]}}