{"id":57300,"date":"2022-03-06T03:49:41","date_gmt":"2022-03-06T09:49:41","guid":{"rendered":"https:\/\/www.porlalibreedomex.com\/?p=57300"},"modified":"2022-03-07T03:50:19","modified_gmt":"2022-03-07T09:50:19","slug":"concluye-en-edomex-primer-foro-por-la-igualdad-sustantiva","status":"publish","type":"post","link":"https:\/\/www.porlalibreedomex.com\/?p=57300","title":{"rendered":"CONCLUYE EN EDOM\u00c9X PRIMER FORO POR LA IGUALDAD SUSTANTIVA"},"content":{"rendered":"<ul>\n<li><em><strong>Recopilan informaci\u00f3n que abona a la construcci\u00f3n de la agenda de g\u00e9nero.<\/strong><\/em><\/li>\n<li><em><strong>Escuchan reflexiones y propuestas de mujeres de todos los sectores de la sociedad.<\/strong><\/em><\/li>\n<\/ul>\n<p><strong>Toluca, Estado de M\u00e9xico, 6 de marzo de 2022.<\/strong> Con la participaci\u00f3n de autoridades de los poderes Ejecutivo, Legislativo y Judicial, representantes de la Universidad Aut\u00f3noma del Estado de M\u00e9xico (UAEM) y de la ciudadan\u00eda en general, finaliz\u00f3 el Primer Foro por la Igualdad Sustantiva, ejercicios de expresi\u00f3n que permiti\u00f3 el di\u00e1logo e intercambio de experiencias de todas las voces.<\/p>\n<p>Durante tres d\u00edas se escucharon las reflexiones y propuestas de mujeres ind\u00edgenas, adolescentes, acad\u00e9micas, colectivas y organizaciones de la sociedad civil y se analizaron los pendientes que las participantes ven en los campos legislativo, de derechos humanos, acceso a la justicia, igualdad de g\u00e9nero y educaci\u00f3n con perspectiva de g\u00e9nero.<\/p>\n<p><a href=\"https:\/\/www.porlalibreedomex.com\/wp-content\/uploads\/2022\/03\/Concluyo-el-Foro-por-la-Igualdad-Sustantiva-donde-se-analizaron-los-pendientes-que-las-participantes-ven-en-diversos-campos..jpg\"><img loading=\"lazy\" decoding=\"async\" class=\"aligncenter size-full wp-image-57302\" src=\"https:\/\/www.porlalibreedomex.com\/wp-content\/uploads\/2022\/03\/Concluyo-el-Foro-por-la-Igualdad-Sustantiva-donde-se-analizaron-los-pendientes-que-las-participantes-ven-en-diversos-campos..jpg\" alt=\"\" width=\"1280\" height=\"853\" srcset=\"https:\/\/www.porlalibreedomex.com\/wp-content\/uploads\/2022\/03\/Concluyo-el-Foro-por-la-Igualdad-Sustantiva-donde-se-analizaron-los-pendientes-que-las-participantes-ven-en-diversos-campos..jpg 1280w, https:\/\/www.porlalibreedomex.com\/wp-content\/uploads\/2022\/03\/Concluyo-el-Foro-por-la-Igualdad-Sustantiva-donde-se-analizaron-los-pendientes-que-las-participantes-ven-en-diversos-campos.-300x200.jpg 300w, https:\/\/www.porlalibreedomex.com\/wp-content\/uploads\/2022\/03\/Concluyo-el-Foro-por-la-Igualdad-Sustantiva-donde-se-analizaron-los-pendientes-que-las-participantes-ven-en-diversos-campos.-1024x682.jpg 1024w, https:\/\/www.porlalibreedomex.com\/wp-content\/uploads\/2022\/03\/Concluyo-el-Foro-por-la-Igualdad-Sustantiva-donde-se-analizaron-los-pendientes-que-las-participantes-ven-en-diversos-campos.-768x512.jpg 768w\" sizes=\"auto, (max-width: 1280px) 100vw, 1280px\" \/><\/a><\/p>\n<p>Las mesas se realizaron en el Centro de Convivencia Familiar de Ecatepec, la LXI Legislatura mexiquense y el Parque Urbano Matlazincas \u201cEl Calvario\u201d, en Toluca, con una duraci\u00f3n aproximada de tres horas y una vez concluidas las intervenciones, las moderadoras expusieron las conclusiones.<\/p>\n<p>De manera general, el foro sirvi\u00f3 para identificar \u00e1reas de oportunidad que ayuden a mejorar diversos temas, por ejemplo, romper con estereotipos de g\u00e9nero, implementar talleres de emprendimiento para incentivar la autonom\u00eda econ\u00f3mica de las mujeres, reeducar y deconstruir desde la infancia para tener nuevas masculinidades, as\u00ed como crear redes sororas.<\/p>\n<p>Mejorar la procuraci\u00f3n y administraci\u00f3n de justicia, como aplicar la perspectiva de g\u00e9nero en sectores educativos a trav\u00e9s de mecanismos y herramientas, la implementaci\u00f3n de cursos y talleres para madres y padres a fin de trabajar la formaci\u00f3n con perspectiva de g\u00e9nero desde las infancias, as\u00ed integrar a las mujeres en temas de agenda legislativa.<\/p>\n<p><a href=\"https:\/\/www.porlalibreedomex.com\/wp-content\/uploads\/2022\/03\/Durante-tres-dias-se-escucho-la-voz-de-las-mujeres-en-el-Foro-por-la-Igualdad-Sustantiva..jpg\"><img loading=\"lazy\" decoding=\"async\" class=\"aligncenter size-large wp-image-57303\" src=\"https:\/\/www.porlalibreedomex.com\/wp-content\/uploads\/2022\/03\/Durante-tres-dias-se-escucho-la-voz-de-las-mujeres-en-el-Foro-por-la-Igualdad-Sustantiva.-1024x826.jpg\" alt=\"\" width=\"800\" height=\"645\" srcset=\"https:\/\/www.porlalibreedomex.com\/wp-content\/uploads\/2022\/03\/Durante-tres-dias-se-escucho-la-voz-de-las-mujeres-en-el-Foro-por-la-Igualdad-Sustantiva.-1024x826.jpg 1024w, https:\/\/www.porlalibreedomex.com\/wp-content\/uploads\/2022\/03\/Durante-tres-dias-se-escucho-la-voz-de-las-mujeres-en-el-Foro-por-la-Igualdad-Sustantiva.-300x242.jpg 300w, https:\/\/www.porlalibreedomex.com\/wp-content\/uploads\/2022\/03\/Durante-tres-dias-se-escucho-la-voz-de-las-mujeres-en-el-Foro-por-la-Igualdad-Sustantiva.-768x619.jpg 768w, https:\/\/www.porlalibreedomex.com\/wp-content\/uploads\/2022\/03\/Durante-tres-dias-se-escucho-la-voz-de-las-mujeres-en-el-Foro-por-la-Igualdad-Sustantiva..jpg 1280w\" sizes=\"auto, (max-width: 800px) 100vw, 800px\" \/><\/a><\/p>\n<p>En el cierre, la titular de la Secretar\u00eda de la Mujer se\u00f1al\u00f3 que las mesas dieron como resultado un trabajo enriquecedor que servir\u00e1 para la construcci\u00f3n de la agenda de g\u00e9nero, garantizar el pleno goce de los derechos de las mexiquenses, abatir la desigualdad y los rezagos institucionales.<\/p>\n<p>En este sentido, la Diputada local por el Distrito XXXVI, se\u00f1al\u00f3 que las mujeres en el poder deben tomar la agenda para defender los derechos y el acceso a la justicia integrando a todas las voces, a todos los sectores ya que ello permitir\u00e1 tener resultados efectivos que incidan en el acceso pleno a sus derechos.<\/p>\n<p>En este \u00faltimo d\u00eda de actividades realizaron la Mesa 3. Feministas universitarias y Acci\u00f3n Colectiva, con los temas Experiencias de colectivas universitarias, Capacidad de Agencia y empoderamiento pol\u00edtico, Estudios de g\u00e9nero en la Universidad e Igualdad de g\u00e9nero en instituciones de Educaci\u00f3n Superior.<\/p>\n<p>As\u00ed como la Mesa 4. \u201cNo dejar a nadie atr\u00e1s, No dejar a nadie afuera: juntas por la igualdad\u201d, donde se habl\u00f3 de Educaci\u00f3n con perspectiva de g\u00e9nero, Ciencia y G\u00e9nero, Derechos sexuales y reproductivos, Autonom\u00eda econ\u00f3mica, Mujeres ind\u00edgenas y Agenda ciudadana.<\/p>\n","protected":false},"excerpt":{"rendered":"<p>Recopilan informaci\u00f3n que abona a la construcci\u00f3n de la agenda de g\u00e9nero. Escuchan reflexiones y propuestas de mujeres de todos los sectores de la sociedad. Toluca, Estado de M\u00e9xico, 6 de marzo de 2022. Con la participaci\u00f3n de autoridades de los poderes Ejecutivo, Legislativo y Judicial, representantes de la Universidad Aut\u00f3noma del Estado de M\u00e9xico [&hellip;]<\/p>\n","protected":false},"author":3,"featured_media":57301,"comment_status":"open","ping_status":"open","sticky":false,"template":"","format":"standard","meta":{"footnotes":""},"categories":[16,9150],"tags":[26270,32],"class_list":{"0":"post-57300","1":"post","2":"type-post","3":"status-publish","4":"format-standard","5":"has-post-thumbnail","7":"category-foto","8":"category-politica","9":"tag-concluye-foro-por-la-equidad-sustantiva","10":"tag-uaemex"},"wps_subtitle":"","_links":{"self":[{"href":"https:\/\/www.porlalibreedomex.com\/index.php?rest_route=\/wp\/v2\/posts\/57300","targetHints":{"allow":["GET"]}}],"collection":[{"href":"https:\/\/www.porlalibreedomex.com\/index.php?rest_route=\/wp\/v2\/posts"}],"about":[{"href":"https:\/\/www.porlalibreedomex.com\/index.php?rest_route=\/wp\/v2\/types\/post"}],"author":[{"embeddable":true,"href":"https:\/\/www.porlalibreedomex.com\/index.php?rest_route=\/wp\/v2\/users\/3"}],"replies":[{"embeddable":true,"href":"https:\/\/www.porlalibreedomex.com\/index.php?rest_route=%2Fwp%2Fv2%2Fcomments&post=57300"}],"version-history":[{"count":1,"href":"https:\/\/www.porlalibreedomex.com\/index.php?rest_route=\/wp\/v2\/posts\/57300\/revisions"}],"predecessor-version":[{"id":57304,"href":"https:\/\/www.porlalibreedomex.com\/index.php?rest_route=\/wp\/v2\/posts\/57300\/revisions\/57304"}],"wp:featuredmedia":[{"embeddable":true,"href":"https:\/\/www.porlalibreedomex.com\/index.php?rest_route=\/wp\/v2\/media\/57301"}],"wp:attachment":[{"href":"https:\/\/www.porlalibreedomex.com\/index.php?rest_route=%2Fwp%2Fv2%2Fmedia&parent=57300"}],"wp:term":[{"taxonomy":"category","embeddable":true,"href":"https:\/\/www.porlalibreedomex.com\/index.php?rest_route=%2Fwp%2Fv2%2Fcategories&post=57300"},{"taxonomy":"post_tag","embeddable":true,"href":"https:\/\/www.porlalibreedomex.com\/index.php?rest_route=%2Fwp%2Fv2%2Ftags&post=57300"}],"curies":[{"name":"wp","href":"https:\/\/api.w.org\/{rel}","templated":true}]}}