{"id":57195,"date":"2022-03-01T01:06:57","date_gmt":"2022-03-01T07:06:57","guid":{"rendered":"https:\/\/www.porlalibreedomex.com\/?p=57195"},"modified":"2022-03-02T01:07:36","modified_gmt":"2022-03-02T07:07:36","slug":"suteym-y-huehuetoca-firman-convenio-de-sueldo-y-colaterales","status":"publish","type":"post","link":"https:\/\/www.porlalibreedomex.com\/?p=57195","title":{"rendered":"SUTEYM Y HUEHUETOCA FIRMAN CONVENIO DE SUELDO Y COLATERALES"},"content":{"rendered":"<p><strong>Huehuetoca, Estado de M\u00e9xico, 1 de marzo de 2022.<\/strong> Herminio Cahue Calder\u00f3n, secretario general del Sindicato \u00danico de Trabajadores de los Poderes, Municipios e Instituciones Descentralizadas del Estado de M\u00e9xico (SUTEYM), Herminio Cahue Calder\u00f3n,\u00a0 y Milton Casta\u00f1eda D\u00edaz, presidente municipal constitucional de Huehuetoca, firmaron el convenio de sueldo y colaterales, que concret\u00f3 un incremento global del 7 por ciento para los sindicalizados.<\/p>\n<p>El secretario general de la organizaci\u00f3n dijo que se debe valorar el acercamiento de las autoridades pol\u00edtico administrativas a la membres\u00eda. \u201cHoy son los tiempos de estar juntos, de la mano con nuestras autoridades municipales. Entender la gran responsabilidad que tiene el presidente conjuntamente con el cuerpo edilicio\u201d, expuso el l\u00edder sindical.<\/p>\n<p><a href=\"https:\/\/www.porlalibreedomex.com\/wp-content\/uploads\/2022\/03\/Firman-el-Convenio-anual-2022-de-aumento-salarial-y-prestaciones-el-SUTEYM-y-el-ayuntamiento-de-Huehuetoca..jpg\"><img loading=\"lazy\" decoding=\"async\" class=\"aligncenter size-large wp-image-57196\" src=\"https:\/\/www.porlalibreedomex.com\/wp-content\/uploads\/2022\/03\/Firman-el-Convenio-anual-2022-de-aumento-salarial-y-prestaciones-el-SUTEYM-y-el-ayuntamiento-de-Huehuetoca.-1024x787.jpg\" alt=\"\" width=\"800\" height=\"615\" srcset=\"https:\/\/www.porlalibreedomex.com\/wp-content\/uploads\/2022\/03\/Firman-el-Convenio-anual-2022-de-aumento-salarial-y-prestaciones-el-SUTEYM-y-el-ayuntamiento-de-Huehuetoca.-1024x787.jpg 1024w, https:\/\/www.porlalibreedomex.com\/wp-content\/uploads\/2022\/03\/Firman-el-Convenio-anual-2022-de-aumento-salarial-y-prestaciones-el-SUTEYM-y-el-ayuntamiento-de-Huehuetoca.-300x231.jpg 300w, https:\/\/www.porlalibreedomex.com\/wp-content\/uploads\/2022\/03\/Firman-el-Convenio-anual-2022-de-aumento-salarial-y-prestaciones-el-SUTEYM-y-el-ayuntamiento-de-Huehuetoca.-768x590.jpg 768w, https:\/\/www.porlalibreedomex.com\/wp-content\/uploads\/2022\/03\/Firman-el-Convenio-anual-2022-de-aumento-salarial-y-prestaciones-el-SUTEYM-y-el-ayuntamiento-de-Huehuetoca.-1536x1181.jpg 1536w, https:\/\/www.porlalibreedomex.com\/wp-content\/uploads\/2022\/03\/Firman-el-Convenio-anual-2022-de-aumento-salarial-y-prestaciones-el-SUTEYM-y-el-ayuntamiento-de-Huehuetoca..jpg 1600w\" sizes=\"auto, (max-width: 800px) 100vw, 800px\" \/><\/a><\/p>\n<p>Asimismo, reconoci\u00f3 el desempe\u00f1o de Leonel Garc\u00eda Chore\u00f1o, secretario general del SUTEYM Huehuetoca, y del Comit\u00e9 Ejecutivo Seccional; destac\u00f3 que el resultado de este convenio es de un trabajo en equipo, que ha sabido generar sinergia con las autoridades y dar resultados positivos.<\/p>\n<p>\u201cLes pido, insisto, que sigamos juntos, unidos. Nosotros, los suteymistas, los que le damos vida y vigor a las instituciones, queremos seguirlas fortaleciendo y respetando a nuestras autoridades pol\u00edtico administrativas. Porque somos parte de ello, ya que nos permiten vivir en sociedad y tener un marco de tranquilidad y seguridad para nuestras familias\u201d, manifest\u00f3 Herminio Cahue.<\/p>\n<p><a href=\"https:\/\/www.porlalibreedomex.com\/wp-content\/uploads\/2022\/03\/El-dirigente-estatal-del-SUTEYM-Herminio-Cahue-Calderon-pidio-a-los-empleados-del-ayuntamiento-mantener-el-esfuerzo-sumados-a-las-autoridades-municipales..jpg\"><img loading=\"lazy\" decoding=\"async\" class=\"aligncenter size-full wp-image-57198\" src=\"https:\/\/www.porlalibreedomex.com\/wp-content\/uploads\/2022\/03\/El-dirigente-estatal-del-SUTEYM-Herminio-Cahue-Calderon-pidio-a-los-empleados-del-ayuntamiento-mantener-el-esfuerzo-sumados-a-las-autoridades-municipales..jpg\" alt=\"\" width=\"1170\" height=\"839\" srcset=\"https:\/\/www.porlalibreedomex.com\/wp-content\/uploads\/2022\/03\/El-dirigente-estatal-del-SUTEYM-Herminio-Cahue-Calderon-pidio-a-los-empleados-del-ayuntamiento-mantener-el-esfuerzo-sumados-a-las-autoridades-municipales..jpg 1170w, https:\/\/www.porlalibreedomex.com\/wp-content\/uploads\/2022\/03\/El-dirigente-estatal-del-SUTEYM-Herminio-Cahue-Calderon-pidio-a-los-empleados-del-ayuntamiento-mantener-el-esfuerzo-sumados-a-las-autoridades-municipales.-300x215.jpg 300w, https:\/\/www.porlalibreedomex.com\/wp-content\/uploads\/2022\/03\/El-dirigente-estatal-del-SUTEYM-Herminio-Cahue-Calderon-pidio-a-los-empleados-del-ayuntamiento-mantener-el-esfuerzo-sumados-a-las-autoridades-municipales.-1024x734.jpg 1024w, https:\/\/www.porlalibreedomex.com\/wp-content\/uploads\/2022\/03\/El-dirigente-estatal-del-SUTEYM-Herminio-Cahue-Calderon-pidio-a-los-empleados-del-ayuntamiento-mantener-el-esfuerzo-sumados-a-las-autoridades-municipales.-768x551.jpg 768w\" sizes=\"auto, (max-width: 1170px) 100vw, 1170px\" \/><\/a><\/p>\n<p>El alcalde dijo que todos los servidores p\u00fablicos trabajan con la firme intenci\u00f3n de poder llevar el sustento a casa y generar mejores condiciones de vida a la familia. Refiri\u00f3 que las autoridades municipales presentes fueron testigos de la firma de un convenio de colaboraci\u00f3n, donde se reconoce el gran trabajo y disposici\u00f3n que generan diariamente los suteymistas.<\/p>\n<p>\u201cDesear\u00eda de todo coraz\u00f3n poder generar mayores beneficios al SUTEYM; sin embargo, saben que venimos de una terrible pandemia de casi dos a\u00f1os\u2026 que ha afectado en el fallecimiento de personas y ha repercutido tambi\u00e9n en la parte econ\u00f3mica. Los esfuerzos que se hacen son grandes\u201d, expres\u00f3 Milton Casta\u00f1eda. Asimismo, reconoci\u00f3 el tes\u00f3n y liderazgo sindical estatal y local.<\/p>\n<p>Por su parte, Leonel Garc\u00eda agradeci\u00f3 el respaldo y apoyo del l\u00edder sindical estatal y del alcalde para la signa del documento que estableci\u00f3 importantes incrementos en las colaterales, as\u00ed como aumento al sueldo base.<\/p>\n<p>Estuvieron presentes en este acto integrantes de los Comit\u00e9s Ejecutivo Estatal y Seccional, as\u00ed como autoridades municipales.<\/p>\n<p>&nbsp;<\/p>\n","protected":false},"excerpt":{"rendered":"<p>Huehuetoca, Estado de M\u00e9xico, 1 de marzo de 2022. Herminio Cahue Calder\u00f3n, secretario general del Sindicato \u00danico de Trabajadores de los Poderes, Municipios e Instituciones Descentralizadas del Estado de M\u00e9xico (SUTEYM), Herminio Cahue Calder\u00f3n,\u00a0 y Milton Casta\u00f1eda D\u00edaz, presidente municipal constitucional de Huehuetoca, firmaron el convenio de sueldo y colaterales, que concret\u00f3 un incremento global [&hellip;]<\/p>\n","protected":false},"author":3,"featured_media":57197,"comment_status":"open","ping_status":"open","sticky":false,"template":"","format":"standard","meta":{"footnotes":""},"categories":[9157,16],"tags":[26233,20135,26231,26232],"class_list":{"0":"post-57195","1":"post","2":"type-post","3":"status-publish","4":"format-standard","5":"has-post-thumbnail","7":"category-edomex","8":"category-foto","9":"tag-convenio-2022-suteym-huehuetoca","10":"tag-herminio-cahue-calderon-suteym","11":"tag-leonel-garcia-choreno","12":"tag-secretario-general-del-suteym-huehuetoca"},"wps_subtitle":"","_links":{"self":[{"href":"https:\/\/www.porlalibreedomex.com\/index.php?rest_route=\/wp\/v2\/posts\/57195","targetHints":{"allow":["GET"]}}],"collection":[{"href":"https:\/\/www.porlalibreedomex.com\/index.php?rest_route=\/wp\/v2\/posts"}],"about":[{"href":"https:\/\/www.porlalibreedomex.com\/index.php?rest_route=\/wp\/v2\/types\/post"}],"author":[{"embeddable":true,"href":"https:\/\/www.porlalibreedomex.com\/index.php?rest_route=\/wp\/v2\/users\/3"}],"replies":[{"embeddable":true,"href":"https:\/\/www.porlalibreedomex.com\/index.php?rest_route=%2Fwp%2Fv2%2Fcomments&post=57195"}],"version-history":[{"count":1,"href":"https:\/\/www.porlalibreedomex.com\/index.php?rest_route=\/wp\/v2\/posts\/57195\/revisions"}],"predecessor-version":[{"id":57199,"href":"https:\/\/www.porlalibreedomex.com\/index.php?rest_route=\/wp\/v2\/posts\/57195\/revisions\/57199"}],"wp:featuredmedia":[{"embeddable":true,"href":"https:\/\/www.porlalibreedomex.com\/index.php?rest_route=\/wp\/v2\/media\/57197"}],"wp:attachment":[{"href":"https:\/\/www.porlalibreedomex.com\/index.php?rest_route=%2Fwp%2Fv2%2Fmedia&parent=57195"}],"wp:term":[{"taxonomy":"category","embeddable":true,"href":"https:\/\/www.porlalibreedomex.com\/index.php?rest_route=%2Fwp%2Fv2%2Fcategories&post=57195"},{"taxonomy":"post_tag","embeddable":true,"href":"https:\/\/www.porlalibreedomex.com\/index.php?rest_route=%2Fwp%2Fv2%2Ftags&post=57195"}],"curies":[{"name":"wp","href":"https:\/\/api.w.org\/{rel}","templated":true}]}}