{"id":5702,"date":"2014-12-16T19:48:05","date_gmt":"2014-12-17T04:48:05","guid":{"rendered":"http:\/\/porlalibre.info\/?p=5702"},"modified":"2014-12-16T19:48:05","modified_gmt":"2014-12-17T04:48:05","slug":"reportan-intenso-trabajo-de-inocente-nava-presidente-de-compromiso-social-a-c-en-huixquilucan","status":"publish","type":"post","link":"https:\/\/www.porlalibreedomex.com\/?p=5702","title":{"rendered":"REPORTAN INTENSO TRABAJO DE INOCENTE NAVA, PRESIDENTE DE COMPROMISO SOCIAL A.C., EN HUIXQUILUCAN"},"content":{"rendered":"<figure id=\"attachment_5703\" aria-describedby=\"caption-attachment-5703\" style=\"width: 1936px\" class=\"wp-caption aligncenter\"><img loading=\"lazy\" decoding=\"async\" class=\"size-full wp-image-5703\" src=\"http:\/\/porlalibre.info\/wp-content\/uploads\/2014\/12\/IMG_2470-e1418791540363.jpg\" alt=\"Mucho trabajo con la comunidad, y apoyo a las tradicionales fiestas religiosas, es el que hace Inocente Nava, al frente de su Asociaci\u00f3n Civil.\" width=\"1936\" height=\"2592\" \/><figcaption id=\"caption-attachment-5703\" class=\"wp-caption-text\">Mucho trabajo con la comunidad, y apoyo a las tradicionales fiestas religiosas, es el que hace Inocente Nava, al frente de su Asociaci\u00f3n Civil.<\/figcaption><\/figure>\n<p style=\"text-align: justify;\">Quien esta trabajando adentro de las comunidades del municipio de Huixquilucan, es Inocente Nava Garc\u00eda, presidente de Compromiso Social A.C, a quien se la ha visto muy activo entregando apoyos a los sectores m\u00e1s desprotegidos, pero tambi\u00e9n fomentado diversas acciones para recuperar las tradiciones, como fue la celebraci\u00f3n del 12 de diciembre en la comunidad de Dos r\u00edos.<\/p>\n<div id=\"yui_3_16_0_1_1418790943982_5049\" style=\"text-align: justify;\">Nos comentan que Don Inocente se puso esplendido, pues don\u00f3 el arreglo de la iglesia, adem\u00e1s de que organizo diversas acciones para festejar a la \u00abMorena del Tepeyac\u00bb, de la mano de los mayordomos y autoridades auxiliares, as\u00ed como los comisariados ejidales de esa comunidad.<\/div>\n<div id=\"yui_3_16_0_1_1418790943982_5048\" style=\"text-align: justify;\"><\/div>\n<div id=\"yui_3_16_0_1_1418790943982_4885\" style=\"text-align: justify;\">Aunado a esto, se espera que en los pr\u00f3ximos d\u00edas Inocente Nava de inicio a la entrega de cobijas y l\u00e1minas a las comunidades ubicadas en las partes altas del municipio de Huixquilucan, en donde se presentan temperaturas por debajo de los cero grados cent\u00edgrados. Bien por Don Inocente.<\/div>\n","protected":false},"excerpt":{"rendered":"<p>Quien esta trabajando adentro de las comunidades del municipio de Huixquilucan, es Inocente Nava Garc\u00eda, presidente de Compromiso Social A.C, a quien se la ha visto muy activo entregando apoyos a los sectores m\u00e1s desprotegidos, pero tambi\u00e9n fomentado diversas acciones para recuperar las tradiciones, como fue la celebraci\u00f3n del 12 de diciembre en la comunidad [&hellip;]<\/p>\n","protected":false},"author":2,"featured_media":0,"comment_status":"open","ping_status":"open","sticky":false,"template":"","format":"standard","meta":{"footnotes":""},"categories":[1107,1],"tags":[3634,2843,3635],"class_list":{"0":"post-5702","1":"post","2":"type-post","3":"status-publish","4":"format-standard","6":"category-articulo","7":"category-uncategorized","8":"tag-fiesta-a-la-virgen","9":"tag-huixquilucan","10":"tag-inocente-nava"},"wps_subtitle":"","_links":{"self":[{"href":"https:\/\/www.porlalibreedomex.com\/index.php?rest_route=\/wp\/v2\/posts\/5702","targetHints":{"allow":["GET"]}}],"collection":[{"href":"https:\/\/www.porlalibreedomex.com\/index.php?rest_route=\/wp\/v2\/posts"}],"about":[{"href":"https:\/\/www.porlalibreedomex.com\/index.php?rest_route=\/wp\/v2\/types\/post"}],"author":[{"embeddable":true,"href":"https:\/\/www.porlalibreedomex.com\/index.php?rest_route=\/wp\/v2\/users\/2"}],"replies":[{"embeddable":true,"href":"https:\/\/www.porlalibreedomex.com\/index.php?rest_route=%2Fwp%2Fv2%2Fcomments&post=5702"}],"version-history":[{"count":0,"href":"https:\/\/www.porlalibreedomex.com\/index.php?rest_route=\/wp\/v2\/posts\/5702\/revisions"}],"wp:attachment":[{"href":"https:\/\/www.porlalibreedomex.com\/index.php?rest_route=%2Fwp%2Fv2%2Fmedia&parent=5702"}],"wp:term":[{"taxonomy":"category","embeddable":true,"href":"https:\/\/www.porlalibreedomex.com\/index.php?rest_route=%2Fwp%2Fv2%2Fcategories&post=5702"},{"taxonomy":"post_tag","embeddable":true,"href":"https:\/\/www.porlalibreedomex.com\/index.php?rest_route=%2Fwp%2Fv2%2Ftags&post=5702"}],"curies":[{"name":"wp","href":"https:\/\/api.w.org\/{rel}","templated":true}]}}