{"id":56879,"date":"2022-02-15T01:31:01","date_gmt":"2022-02-15T07:31:01","guid":{"rendered":"https:\/\/www.porlalibreedomex.com\/?p=56879"},"modified":"2022-02-16T01:33:05","modified_gmt":"2022-02-16T07:33:05","slug":"caries-primer-lugar-de-enfermedad-en-la-cavidad-bucal-fundamental-revisar-alimentacion-de-pacientes","status":"publish","type":"post","link":"https:\/\/www.porlalibreedomex.com\/?p=56879","title":{"rendered":"Caries, primer lugar de enfermedad en la cavidad bucal; fundamental revisar alimentaci\u00f3n de pacientes\u00a0"},"content":{"rendered":"<ul>\n<li><i><span lang=\"ES-MX\">La cirujano dentista Adriana Bobadilla Fern\u00e1ndez imparti\u00f3 la conferencia virtual \u201cDetecci\u00f3n de caries en la actualidad\u201d como parte del Programa Integral de Formaci\u00f3n Acad\u00e9mica de la Facultad de Odontolog\u00eda de la UAEM\u00e9x.\u00a0\u00a0 <\/span><u><\/u>\u00a0<u><\/u><\/i><\/li>\n<\/ul>\n<p><b><span lang=\"ES-MX\">Toluca, M\u00e9x; 15 de febrero de 2022.<\/span><\/b><span lang=\"ES-MX\">\u00a0La caries debe ser tratada como una enfermedad cuya aparici\u00f3n es multifactorial y debe ser diagnosticada adecuadamente para otorgar el tratamiento id\u00f3neo para el paciente, afirm\u00f3 la cirujano dentista, Adriana Bobadilla Fern\u00e1ndez.<\/span><span lang=\"ES-MX\"><u><\/u>\u00a0<u><\/u><\/span><\/p>\n<p><span lang=\"ES-MX\">Como parte de las actividades del Programa Integral de Formaci\u00f3n Acad\u00e9mica de la Facultad de Odontolog\u00eda de la Universidad Aut\u00f3noma del Estado de M\u00e9xico (UAEM\u00e9x), Bobadilla Fern\u00e1ndez imparti\u00f3 la conferencia virtual \u201cDetecci\u00f3n de caries en la actualidad\u201d.<\/span><span lang=\"ES-MX\"><u><\/u>\u00a0<u><\/u><\/span><\/p>\n<p><span lang=\"ES-MX\">La ponente record\u00f3 que la caries ocupa el primer lugar de enfermedades que se presenta en la cavidad bucal y su detecci\u00f3n debe ser adecuada, permitiendo que sea diagnosticada en su primera fase.<\/span><span lang=\"ES-MX\"><u><\/u>\u00a0<\/span><\/p>\n<p><u><\/u><a href=\"https:\/\/www.porlalibreedomex.com\/wp-content\/uploads\/2022\/02\/Combatir-la-caries-dental-indica-la-UAEM-scaled.jpg\"><img loading=\"lazy\" decoding=\"async\" class=\"aligncenter size-large wp-image-56881\" src=\"https:\/\/www.porlalibreedomex.com\/wp-content\/uploads\/2022\/02\/Combatir-la-caries-dental-indica-la-UAEM-1024x541.jpg\" alt=\"\" width=\"800\" height=\"423\" srcset=\"https:\/\/www.porlalibreedomex.com\/wp-content\/uploads\/2022\/02\/Combatir-la-caries-dental-indica-la-UAEM-1024x541.jpg 1024w, https:\/\/www.porlalibreedomex.com\/wp-content\/uploads\/2022\/02\/Combatir-la-caries-dental-indica-la-UAEM-300x159.jpg 300w, https:\/\/www.porlalibreedomex.com\/wp-content\/uploads\/2022\/02\/Combatir-la-caries-dental-indica-la-UAEM-768x406.jpg 768w, https:\/\/www.porlalibreedomex.com\/wp-content\/uploads\/2022\/02\/Combatir-la-caries-dental-indica-la-UAEM-1536x812.jpg 1536w, https:\/\/www.porlalibreedomex.com\/wp-content\/uploads\/2022\/02\/Combatir-la-caries-dental-indica-la-UAEM-2048x1083.jpg 2048w, https:\/\/www.porlalibreedomex.com\/wp-content\/uploads\/2022\/02\/Combatir-la-caries-dental-indica-la-UAEM-390x205.jpg 390w\" sizes=\"auto, (max-width: 800px) 100vw, 800px\" \/><\/a><\/p>\n<p><span lang=\"ES-MX\">Bobadilla Fern\u00e1ndez exhort\u00f3 a los estudiantes a detectar la caries bajo distintos m\u00e9todos que permitir\u00e1n estandarizar entre los profesionales de la odontolog\u00eda el diagn\u00f3stico con lo que el tratamiento ser\u00e1 m\u00e1s efectivo.<\/span><span lang=\"ES-MX\"><u><\/u>\u00a0<u><\/u><\/span><\/p>\n<p><span lang=\"ES-MX\">\u201cEs necesario que se empiece a visualizar y a acostumbrar a tus ojos para que en un futuro no lejano estemos estandarizados, que lo que vea el alumno, lo vea el colega, el compa\u00f1ero, que se empiece a estandarizar y dar un buen tratamiento\u201d, reiter\u00f3.<\/span><span lang=\"ES-MX\"><u><\/u>\u00a0<u><\/u><\/span><\/p>\n<p><span lang=\"ES-MX\">La cirujano dentista indic\u00f3 que la caries puede ser detectada antes de que se presente como cavidad en el diente por lo que se deben observar todos los factores que est\u00e1n alrededor del paciente que va desde su proceso de mineralizaci\u00f3n y desmineralizaci\u00f3n bucal, as\u00ed como su alimentaci\u00f3n, su actividades, entre otras variables.<\/span><span lang=\"ES-MX\"><u><\/u>\u00a0<u><\/u><\/span><\/p>\n<p><span lang=\"ES-MX\">La Facultad de Odontolog\u00eda de la UAEM\u00e9x realiza peri\u00f3dicamente conferencias virtuales con especialistas, abiertas a la comunidad universitaria, con el objetivo de complementar la formaci\u00f3n de sus estudiantes.<\/span><span lang=\"ES-MX\"><u><\/u>\u00a0<\/span><\/p>\n","protected":false},"excerpt":{"rendered":"<p>La cirujano dentista Adriana Bobadilla Fern\u00e1ndez imparti\u00f3 la conferencia virtual \u201cDetecci\u00f3n de caries en la actualidad\u201d como parte del Programa Integral de Formaci\u00f3n Acad\u00e9mica de la Facultad de Odontolog\u00eda de la UAEM\u00e9x.\u00a0\u00a0 \u00a0 Toluca, M\u00e9x; 15 de febrero de 2022.\u00a0La caries debe ser tratada como una enfermedad cuya aparici\u00f3n es multifactorial y debe ser diagnosticada [&hellip;]<\/p>\n","protected":false},"author":3,"featured_media":56880,"comment_status":"open","ping_status":"open","sticky":false,"template":"","format":"standard","meta":{"footnotes":""},"categories":[9157,16],"tags":[26074,26073],"class_list":{"0":"post-56879","1":"post","2":"type-post","3":"status-publish","4":"format-standard","5":"has-post-thumbnail","7":"category-edomex","8":"category-foto","9":"tag-caries-primera-enfermedad-bucal","10":"tag-cuidado-con-la-caries-dental"},"wps_subtitle":"","_links":{"self":[{"href":"https:\/\/www.porlalibreedomex.com\/index.php?rest_route=\/wp\/v2\/posts\/56879","targetHints":{"allow":["GET"]}}],"collection":[{"href":"https:\/\/www.porlalibreedomex.com\/index.php?rest_route=\/wp\/v2\/posts"}],"about":[{"href":"https:\/\/www.porlalibreedomex.com\/index.php?rest_route=\/wp\/v2\/types\/post"}],"author":[{"embeddable":true,"href":"https:\/\/www.porlalibreedomex.com\/index.php?rest_route=\/wp\/v2\/users\/3"}],"replies":[{"embeddable":true,"href":"https:\/\/www.porlalibreedomex.com\/index.php?rest_route=%2Fwp%2Fv2%2Fcomments&post=56879"}],"version-history":[{"count":3,"href":"https:\/\/www.porlalibreedomex.com\/index.php?rest_route=\/wp\/v2\/posts\/56879\/revisions"}],"predecessor-version":[{"id":56884,"href":"https:\/\/www.porlalibreedomex.com\/index.php?rest_route=\/wp\/v2\/posts\/56879\/revisions\/56884"}],"wp:featuredmedia":[{"embeddable":true,"href":"https:\/\/www.porlalibreedomex.com\/index.php?rest_route=\/wp\/v2\/media\/56880"}],"wp:attachment":[{"href":"https:\/\/www.porlalibreedomex.com\/index.php?rest_route=%2Fwp%2Fv2%2Fmedia&parent=56879"}],"wp:term":[{"taxonomy":"category","embeddable":true,"href":"https:\/\/www.porlalibreedomex.com\/index.php?rest_route=%2Fwp%2Fv2%2Fcategories&post=56879"},{"taxonomy":"post_tag","embeddable":true,"href":"https:\/\/www.porlalibreedomex.com\/index.php?rest_route=%2Fwp%2Fv2%2Ftags&post=56879"}],"curies":[{"name":"wp","href":"https:\/\/api.w.org\/{rel}","templated":true}]}}