{"id":56851,"date":"2022-02-15T23:54:54","date_gmt":"2022-02-16T05:54:54","guid":{"rendered":"https:\/\/www.porlalibreedomex.com\/?p=56851"},"modified":"2022-02-15T23:54:54","modified_gmt":"2022-02-16T05:54:54","slug":"buscan-diputados-del-pri-garantizar-atencion-medica-a-menores-de-edad-hasta-la-conclusion-de-su-tratamiento","status":"publish","type":"post","link":"https:\/\/www.porlalibreedomex.com\/?p=56851","title":{"rendered":"BUSCAN DIPUTADOS DEL PRI GARANTIZAR ATENCI\u00d3N M\u00c9DICA A MENORES DE EDAD HASTA LA CONCLUSI\u00d3N DE SU TRATAMIENTO"},"content":{"rendered":"<ul>\n<li><em><strong>Tambi\u00e9n present\u00f3 iniciativas para fortalecer la vigilancia ciudadana en contrataciones p\u00fablicas y para ampliar horario de circulaci\u00f3n de transporte con materia prima forestal.<\/strong><\/em><\/li>\n<\/ul>\n<p>&nbsp;<\/p>\n<p><strong>Toluca, Estado de M\u00e9xico, 15 de febrero de 2022.-<\/strong> El Grupo Parlamentario del PRI en la LXI Legislatura Local present\u00f3 un Punto de Acuerdo para garantizar la atenci\u00f3n de derechohabientes del ISSEMyM menores de edad diagnosticados con c\u00e1ncer hasta la conclusi\u00f3n de su tratamiento.<\/p>\n<p>Adem\u00e1s, dos Iniciativas para fortalecer la participaci\u00f3n ciudadana en la vigilancia de la contrataci\u00f3n p\u00fablica, as\u00ed como para impulsar la reactivaci\u00f3n econ\u00f3mica forestal a trav\u00e9s de la ampliaci\u00f3n del horario de circulaci\u00f3n de transportes con productos maderables.<\/p>\n<p>Al presentar un punto de Acuerdo para exhortar al titular del Instituto de Seguridad Social para los Servidores P\u00fablicos del Estado de M\u00e9xico y Municipios (ISSEMyM), para garantizar la atenci\u00f3n a los derechohabientes menores de edad diagnosticados con c\u00e1ncer hasta la conclusi\u00f3n de su tratamiento, el diputado Jes\u00fas Izquierdo afirm\u00f3 que esto permitir\u00e1 que las familias no tengan que preocuparse una vez que estos cumplan la mayor\u00eda de edad.<\/p>\n<p>En el marco de la conmemoraci\u00f3n del D\u00eda Internacional de la Lucha contra el C\u00e1ncer Infantil, el diputado refrend\u00f3 el compromiso de las y los diputados del PRI para impulsar acciones y programas para la prevenci\u00f3n y atenci\u00f3n de menores que padecen esta enfermedad.<\/p>\n<p>A trav\u00e9s de este exhorto, se permitir\u00e1 que pacientes diagnosticados con cualquier tipo de c\u00e1ncer durante la minor\u00eda de edad, permanezcan atendidos en las \u00e1reas oncol\u00f3gicas pedi\u00e1tricas de las instituciones p\u00fablicas de salud donde fueron diagnosticados.<\/p>\n<p><a href=\"https:\/\/www.porlalibreedomex.com\/wp-content\/uploads\/2022\/02\/Fraccion-Parlamentaria-del-PRI-diputada-Evelyn-Osornio-2022-02-15-at-4.24.05-PM.jpeg\"><img loading=\"lazy\" decoding=\"async\" class=\"aligncenter size-large wp-image-56852\" src=\"https:\/\/www.porlalibreedomex.com\/wp-content\/uploads\/2022\/02\/Fraccion-Parlamentaria-del-PRI-diputada-Evelyn-Osornio-2022-02-15-at-4.24.05-PM-1024x683.jpeg\" alt=\"\" width=\"800\" height=\"534\" srcset=\"https:\/\/www.porlalibreedomex.com\/wp-content\/uploads\/2022\/02\/Fraccion-Parlamentaria-del-PRI-diputada-Evelyn-Osornio-2022-02-15-at-4.24.05-PM-1024x683.jpeg 1024w, https:\/\/www.porlalibreedomex.com\/wp-content\/uploads\/2022\/02\/Fraccion-Parlamentaria-del-PRI-diputada-Evelyn-Osornio-2022-02-15-at-4.24.05-PM-300x200.jpeg 300w, https:\/\/www.porlalibreedomex.com\/wp-content\/uploads\/2022\/02\/Fraccion-Parlamentaria-del-PRI-diputada-Evelyn-Osornio-2022-02-15-at-4.24.05-PM-768x512.jpeg 768w, https:\/\/www.porlalibreedomex.com\/wp-content\/uploads\/2022\/02\/Fraccion-Parlamentaria-del-PRI-diputada-Evelyn-Osornio-2022-02-15-at-4.24.05-PM-1536x1024.jpeg 1536w, https:\/\/www.porlalibreedomex.com\/wp-content\/uploads\/2022\/02\/Fraccion-Parlamentaria-del-PRI-diputada-Evelyn-Osornio-2022-02-15-at-4.24.05-PM.jpeg 1560w\" sizes=\"auto, (max-width: 800px) 100vw, 800px\" \/><\/a><\/p>\n<p>En su oportunidad, y a nombre de la Fracci\u00f3n Parlamentaria del PRI, la diputada Evelyn Osornio, present\u00f3 una Iniciativa para reformar y adicionar diversas disposiciones de la Ley Org\u00e1nica de la Administraci\u00f3n P\u00fablica del Estado de M\u00e9xico, as\u00ed como dotar de las atribuciones necesarias a la Secretar\u00eda de la Contralor\u00eda para que est\u00e9 facultada a contribuir, definir y conducir la pol\u00edtica general de las contrataciones p\u00fablicas.<\/p>\n<p>En dicha iniciativa, adem\u00e1s, se faculta a la Secretar\u00eda de la Contralor\u00eda para implementar un procedimiento alternativo de soluci\u00f3n de controversias en contrataciones p\u00fablicas, as\u00ed como para promover la vigilancia social mediante la participaci\u00f3n ciudadana.<\/p>\n<p><a href=\"https:\/\/www.porlalibreedomex.com\/wp-content\/uploads\/2022\/02\/Propuso-el-Diputado-Ivan-Esquer-ampliaer-horarios-de-transporte-de-materias-primas-forestales..jpeg\"><img loading=\"lazy\" decoding=\"async\" class=\"aligncenter size-large wp-image-56854\" src=\"https:\/\/www.porlalibreedomex.com\/wp-content\/uploads\/2022\/02\/Propuso-el-Diputado-Ivan-Esquer-ampliaer-horarios-de-transporte-de-materias-primas-forestales.-1024x683.jpeg\" alt=\"\" width=\"800\" height=\"534\" srcset=\"https:\/\/www.porlalibreedomex.com\/wp-content\/uploads\/2022\/02\/Propuso-el-Diputado-Ivan-Esquer-ampliaer-horarios-de-transporte-de-materias-primas-forestales.-1024x683.jpeg 1024w, https:\/\/www.porlalibreedomex.com\/wp-content\/uploads\/2022\/02\/Propuso-el-Diputado-Ivan-Esquer-ampliaer-horarios-de-transporte-de-materias-primas-forestales.-300x200.jpeg 300w, https:\/\/www.porlalibreedomex.com\/wp-content\/uploads\/2022\/02\/Propuso-el-Diputado-Ivan-Esquer-ampliaer-horarios-de-transporte-de-materias-primas-forestales.-768x512.jpeg 768w, https:\/\/www.porlalibreedomex.com\/wp-content\/uploads\/2022\/02\/Propuso-el-Diputado-Ivan-Esquer-ampliaer-horarios-de-transporte-de-materias-primas-forestales.-1536x1024.jpeg 1536w, https:\/\/www.porlalibreedomex.com\/wp-content\/uploads\/2022\/02\/Propuso-el-Diputado-Ivan-Esquer-ampliaer-horarios-de-transporte-de-materias-primas-forestales..jpeg 1560w\" sizes=\"auto, (max-width: 800px) 100vw, 800px\" \/><\/a><\/p>\n<p>Por su parte, el diputado Iv\u00e1n Esquer, present\u00f3 una iniciativa con Proyecto de Decreto por el que se reforma el primer p\u00e1rrafo del art\u00edculo 8.14 Ter del C\u00f3digo Administrativo del Estado de M\u00e9xico, para ampliar los horarios para el transporte de materias primas forestales de las 20:59 horas a las 7:01 horas de todos los d\u00edas de la semana.<\/p>\n<p>Esta iniciativa, explic\u00f3, busca impulsar el desarrollo econ\u00f3mico en equilibrio con el mandato de prevenci\u00f3n de hechos il\u00edcitos y la conservaci\u00f3n del medio ambiente de manera sostenible.<\/p>\n<p>El legislador priista se\u00f1al\u00f3 que la entidad, cuenta con \u00e1reas boscosas en m\u00e1s del 45 por ciento de su territorio, lo que conlleva a la implementaci\u00f3n permanente de programas y capacitaciones que garanticen el adecuado manejo de predios forestales y su producci\u00f3n amigable con el medio ambiente, de la mano con el desarrollo econ\u00f3mico de la entidad.<\/p>\n","protected":false},"excerpt":{"rendered":"<p>Tambi\u00e9n present\u00f3 iniciativas para fortalecer la vigilancia ciudadana en contrataciones p\u00fablicas y para ampliar horario de circulaci\u00f3n de transporte con materia prima forestal. &nbsp; Toluca, Estado de M\u00e9xico, 15 de febrero de 2022.- El Grupo Parlamentario del PRI en la LXI Legislatura Local present\u00f3 un Punto de Acuerdo para garantizar la atenci\u00f3n de derechohabientes del [&hellip;]<\/p>\n","protected":false},"author":3,"featured_media":56853,"comment_status":"open","ping_status":"open","sticky":false,"template":"","format":"standard","meta":{"footnotes":""},"categories":[16,9150,9209],"tags":[26061,26059,26060,26012,26062],"class_list":{"0":"post-56851","1":"post","2":"type-post","3":"status-publish","4":"format-standard","5":"has-post-thumbnail","7":"category-foto","8":"category-politica","9":"category-salud","10":"tag-diputado-ivan-esquer","11":"tag-aatencion-medica-a-menores","12":"tag-diputada-evelyn-osornio","13":"tag-diputado-jesus-izquierdo-rojas","14":"tag-transporte-de-materias-forestales"},"wps_subtitle":"PROPONE GRUPO PARLAMENTARIO PUNTO DE ACUERDO EN ESTE SENTIDO, DIRIGIDO AL ISSEMYM","_links":{"self":[{"href":"https:\/\/www.porlalibreedomex.com\/index.php?rest_route=\/wp\/v2\/posts\/56851","targetHints":{"allow":["GET"]}}],"collection":[{"href":"https:\/\/www.porlalibreedomex.com\/index.php?rest_route=\/wp\/v2\/posts"}],"about":[{"href":"https:\/\/www.porlalibreedomex.com\/index.php?rest_route=\/wp\/v2\/types\/post"}],"author":[{"embeddable":true,"href":"https:\/\/www.porlalibreedomex.com\/index.php?rest_route=\/wp\/v2\/users\/3"}],"replies":[{"embeddable":true,"href":"https:\/\/www.porlalibreedomex.com\/index.php?rest_route=%2Fwp%2Fv2%2Fcomments&post=56851"}],"version-history":[{"count":1,"href":"https:\/\/www.porlalibreedomex.com\/index.php?rest_route=\/wp\/v2\/posts\/56851\/revisions"}],"predecessor-version":[{"id":56855,"href":"https:\/\/www.porlalibreedomex.com\/index.php?rest_route=\/wp\/v2\/posts\/56851\/revisions\/56855"}],"wp:featuredmedia":[{"embeddable":true,"href":"https:\/\/www.porlalibreedomex.com\/index.php?rest_route=\/wp\/v2\/media\/56853"}],"wp:attachment":[{"href":"https:\/\/www.porlalibreedomex.com\/index.php?rest_route=%2Fwp%2Fv2%2Fmedia&parent=56851"}],"wp:term":[{"taxonomy":"category","embeddable":true,"href":"https:\/\/www.porlalibreedomex.com\/index.php?rest_route=%2Fwp%2Fv2%2Fcategories&post=56851"},{"taxonomy":"post_tag","embeddable":true,"href":"https:\/\/www.porlalibreedomex.com\/index.php?rest_route=%2Fwp%2Fv2%2Ftags&post=56851"}],"curies":[{"name":"wp","href":"https:\/\/api.w.org\/{rel}","templated":true}]}}