{"id":56840,"date":"2022-02-15T22:53:13","date_gmt":"2022-02-16T04:53:13","guid":{"rendered":"https:\/\/www.porlalibreedomex.com\/?p=56840"},"modified":"2022-02-15T22:53:13","modified_gmt":"2022-02-16T04:53:13","slug":"emiten-especialistas-del-instituto-materno-infantil-recomendaciones-para-detectar-cardiopatias-en-pacientes-pediatricos","status":"publish","type":"post","link":"https:\/\/www.porlalibreedomex.com\/?p=56840","title":{"rendered":"EMITEN ESPECIALISTAS DEL INSTITUTO MATERNO INFANTIL RECOMENDACIONES PARA DETECTAR CARDIOPAT\u00cdAS EN PACIENTES PEDI\u00c1TRICOS"},"content":{"rendered":"<p>&nbsp;<\/p>\n<p>\u2022 <strong>Son soplos y arritmias, dolor tor\u00e1cico, dificultad de alimentaci\u00f3n y sensaci\u00f3n de falta de aire datos cl\u00ednicos que deben ser valorados por especialistas en Cardiolog\u00eda.<\/strong><\/p>\n<p><strong>Toluca, Estado de M\u00e9xico, 14 de febrero de 2022.<\/strong> Debido a que los padecimientos en coraz\u00f3n y sistema vascular pueden provocar graves afectaciones en ni\u00f1as y ni\u00f1os, especialistas del Instituto Materno Infantil del Estado de M\u00e9xico (IMIEM), emiten recomendaciones para diagnosticar oportunamente este tipo de enfermedades.<\/p>\n<p>En el marco del D\u00eda Mundial de las Cardiopat\u00edas, que se conmemora el 14 de febrero, cardi\u00f3logos del Hospital para el Ni\u00f1o del IMIEM, mencionan que estas enfermedades provocan malformaciones, defectos o lesiones en coraz\u00f3n y algunas pueden ser adquiridas en nacimiento o por procesos infecciosos.<\/p>\n<p>Refirieron que se manifiestan con peso o talla baja, coloraci\u00f3n azul en boca o extremidades, desmayos, fatiga o sudoraci\u00f3n al momento de la actividad f\u00edsica, menor rendimiento f\u00edsico que los ni\u00f1os de su edad o la presencia de palpitaciones y ocurren alrededor de dos de cada mil reci\u00e9n nacidos.<\/p>\n<p><a href=\"https:\/\/www.porlalibreedomex.com\/wp-content\/uploads\/2022\/02\/Dia-Mundial-de-las-Cardiopatias-congenitas.-2022-02-14-at-3.08.57-PM-1.jpeg\"><img loading=\"lazy\" decoding=\"async\" class=\"aligncenter size-full wp-image-56843\" src=\"https:\/\/www.porlalibreedomex.com\/wp-content\/uploads\/2022\/02\/Dia-Mundial-de-las-Cardiopatias-congenitas.-2022-02-14-at-3.08.57-PM-1.jpeg\" alt=\"\" width=\"1280\" height=\"718\" srcset=\"https:\/\/www.porlalibreedomex.com\/wp-content\/uploads\/2022\/02\/Dia-Mundial-de-las-Cardiopatias-congenitas.-2022-02-14-at-3.08.57-PM-1.jpeg 1280w, https:\/\/www.porlalibreedomex.com\/wp-content\/uploads\/2022\/02\/Dia-Mundial-de-las-Cardiopatias-congenitas.-2022-02-14-at-3.08.57-PM-1-300x168.jpeg 300w, https:\/\/www.porlalibreedomex.com\/wp-content\/uploads\/2022\/02\/Dia-Mundial-de-las-Cardiopatias-congenitas.-2022-02-14-at-3.08.57-PM-1-1024x574.jpeg 1024w, https:\/\/www.porlalibreedomex.com\/wp-content\/uploads\/2022\/02\/Dia-Mundial-de-las-Cardiopatias-congenitas.-2022-02-14-at-3.08.57-PM-1-768x431.jpeg 768w\" sizes=\"auto, (max-width: 1280px) 100vw, 1280px\" \/><\/a><\/p>\n<p>Las malformaciones cong\u00e9nitas son las m\u00e1s frecuentes y se les atribuye hasta el 10 por ciento de la mortalidad infantil.<\/p>\n<p>Entre las recomendaciones a las madres, padres de familia o tutores, se encuentran la de estar atentos a estos s\u00edntomas, llevar a los menores a consulta en unidades m\u00e9dicas del primer nivel de atenci\u00f3n y en caso de que el m\u00e9dico pediatra sospeche de sonidos anormales se debe emitir referencia inmediata a alg\u00fan hospital pedi\u00e1trico para proseguir con los estudios correspondientes.<\/p>\n<p>Los sonidos, conocidos como soplos y arritmias, adem\u00e1s del dolor tor\u00e1cico, dificultad para consumir alimentos y sensaci\u00f3n de falta de aire son datos cl\u00ednicos que deben ser valorados por especialistas en cardiolog\u00eda, se\u00f1alan los m\u00e9dicos del Hospital para el Ni\u00f1o del IMIEM.<\/p>\n<p><a href=\"https:\/\/www.porlalibreedomex.com\/wp-content\/uploads\/2022\/02\/Utilizacion-para-detectar-Cardiopatias-Pediatricas-en-el-IMIEM.-2022-02-14.jpeg\"><img loading=\"lazy\" decoding=\"async\" class=\"aligncenter size-full wp-image-56842\" src=\"https:\/\/www.porlalibreedomex.com\/wp-content\/uploads\/2022\/02\/Utilizacion-para-detectar-Cardiopatias-Pediatricas-en-el-IMIEM.-2022-02-14.jpeg\" alt=\"\" width=\"1280\" height=\"718\" srcset=\"https:\/\/www.porlalibreedomex.com\/wp-content\/uploads\/2022\/02\/Utilizacion-para-detectar-Cardiopatias-Pediatricas-en-el-IMIEM.-2022-02-14.jpeg 1280w, https:\/\/www.porlalibreedomex.com\/wp-content\/uploads\/2022\/02\/Utilizacion-para-detectar-Cardiopatias-Pediatricas-en-el-IMIEM.-2022-02-14-300x168.jpeg 300w, https:\/\/www.porlalibreedomex.com\/wp-content\/uploads\/2022\/02\/Utilizacion-para-detectar-Cardiopatias-Pediatricas-en-el-IMIEM.-2022-02-14-1024x574.jpeg 1024w, https:\/\/www.porlalibreedomex.com\/wp-content\/uploads\/2022\/02\/Utilizacion-para-detectar-Cardiopatias-Pediatricas-en-el-IMIEM.-2022-02-14-768x431.jpeg 768w\" sizes=\"auto, (max-width: 1280px) 100vw, 1280px\" \/><\/a><\/p>\n<p>Agregaron que para determinar los procedimientos que ser\u00e1n necesarios, el menor debe acceder a diversos estudios para detectar posibles defectos estructurales que requieran intervenciones quir\u00fargicas.<\/p>\n<p>Para un diagn\u00f3stico preciso, es necesario el electrocardiograma, radiograf\u00eda de t\u00f3rax y exploraci\u00f3n f\u00edsica y los estudios de alta especialidad de evaluaci\u00f3n ecocardiogr\u00e1fica, tomograf\u00eda, resonancia magn\u00e9tica, cateterismo cardiaco.<\/p>\n<p>Una vez que se determina la afectaci\u00f3n del menor puede ser necesaria la intervenci\u00f3n de cierre de conductos de arteria, tratamiento por estrechamiento del vaso sangu\u00edneo principal que nace del coraz\u00f3n, cirug\u00edas de colecci\u00f3n de conductos sist\u00e9micos pulmonares.<\/p>\n<p>El Hospital para el Ni\u00f1o del IMIEM realiza la detecci\u00f3n de estas enfermedades, una vez que los menores son referidos de las unidades m\u00e9dicas del primer nivel de atenci\u00f3n.<\/p>\n","protected":false},"excerpt":{"rendered":"<p>&nbsp; \u2022 Son soplos y arritmias, dolor tor\u00e1cico, dificultad de alimentaci\u00f3n y sensaci\u00f3n de falta de aire datos cl\u00ednicos que deben ser valorados por especialistas en Cardiolog\u00eda. Toluca, Estado de M\u00e9xico, 14 de febrero de 2022. Debido a que los padecimientos en coraz\u00f3n y sistema vascular pueden provocar graves afectaciones en ni\u00f1as y ni\u00f1os, especialistas [&hellip;]<\/p>\n","protected":false},"author":3,"featured_media":56841,"comment_status":"open","ping_status":"open","sticky":false,"template":"","format":"standard","meta":{"footnotes":""},"categories":[9157,16,9209],"tags":[26054,26055,12772],"class_list":{"0":"post-56840","1":"post","2":"type-post","3":"status-publish","4":"format-standard","5":"has-post-thumbnail","7":"category-edomex","8":"category-foto","9":"category-salud","10":"tag-cardiopatias-pediatricas","11":"tag-hospital-para-el-nino-imiem","12":"tag-instituto-materno-infantil"},"wps_subtitle":"se manifiestan con peso o talla baja, coloraci\u00f3n azul en boca o extremidades, desmayos, fatiga o sudoraci\u00f3n al momento de la actividad f\u00edsica.","_links":{"self":[{"href":"https:\/\/www.porlalibreedomex.com\/index.php?rest_route=\/wp\/v2\/posts\/56840","targetHints":{"allow":["GET"]}}],"collection":[{"href":"https:\/\/www.porlalibreedomex.com\/index.php?rest_route=\/wp\/v2\/posts"}],"about":[{"href":"https:\/\/www.porlalibreedomex.com\/index.php?rest_route=\/wp\/v2\/types\/post"}],"author":[{"embeddable":true,"href":"https:\/\/www.porlalibreedomex.com\/index.php?rest_route=\/wp\/v2\/users\/3"}],"replies":[{"embeddable":true,"href":"https:\/\/www.porlalibreedomex.com\/index.php?rest_route=%2Fwp%2Fv2%2Fcomments&post=56840"}],"version-history":[{"count":1,"href":"https:\/\/www.porlalibreedomex.com\/index.php?rest_route=\/wp\/v2\/posts\/56840\/revisions"}],"predecessor-version":[{"id":56844,"href":"https:\/\/www.porlalibreedomex.com\/index.php?rest_route=\/wp\/v2\/posts\/56840\/revisions\/56844"}],"wp:featuredmedia":[{"embeddable":true,"href":"https:\/\/www.porlalibreedomex.com\/index.php?rest_route=\/wp\/v2\/media\/56841"}],"wp:attachment":[{"href":"https:\/\/www.porlalibreedomex.com\/index.php?rest_route=%2Fwp%2Fv2%2Fmedia&parent=56840"}],"wp:term":[{"taxonomy":"category","embeddable":true,"href":"https:\/\/www.porlalibreedomex.com\/index.php?rest_route=%2Fwp%2Fv2%2Fcategories&post=56840"},{"taxonomy":"post_tag","embeddable":true,"href":"https:\/\/www.porlalibreedomex.com\/index.php?rest_route=%2Fwp%2Fv2%2Ftags&post=56840"}],"curies":[{"name":"wp","href":"https:\/\/api.w.org\/{rel}","templated":true}]}}