{"id":55781,"date":"2022-01-01T01:10:47","date_gmt":"2022-01-01T07:10:47","guid":{"rendered":"https:\/\/www.porlalibreedomex.com\/?p=55781"},"modified":"2022-01-02T01:11:19","modified_gmt":"2022-01-02T07:11:19","slug":"queda-instalado-el-ayuntamiento-de-metepec-2022-2024","status":"publish","type":"post","link":"https:\/\/www.porlalibreedomex.com\/?p=55781","title":{"rendered":"QUEDA INSTALADO EL AYUNTAMIENTO DE METEPEC 2022-2024"},"content":{"rendered":"<ul>\n<li><strong>\u00a0Rinden protesta titulares de \u00e1rea ante el alcalde.<\/strong><\/li>\n<\/ul>\n<p><strong>Pueblo M\u00e1gico de Metepec, M\u00e9xico, 1 de enero de 2022.<\/strong> Durante la primera sesi\u00f3n ordinaria de cabildo de Metepec, presidida por el alcalde Fernando Flores Fern\u00e1ndez, qued\u00f3 instalado el ayuntamiento 2022-2024 y con ello, el \u00f3rgano colegiado aprob\u00f3 por unanimidad la propuesta del edil para el nombramiento de los nuevos titulares de \u00e1rea de la administraci\u00f3n p\u00fablica municipal.<\/p>\n<p>El \u00f3rgano colegiado, aval\u00f3 la propuesta del presidente municipal, quien exalt\u00f3 el profesionalismo de quienes asumen desde ahora el honroso cargo en favor de la ciudadan\u00eda.<\/p>\n<p>En su oportunidad, Fernando Flores, recalc\u00f3 que es tiempo de los ciudadanos, por tanto, quienes le acompa\u00f1an en la tarea de servir, lo hacen con el \u00fanico objetivo de atender a las y los metepequenses de forma oportuna, con eficacia y eficiencia.<\/p>\n<figure id=\"attachment_55783\" aria-describedby=\"caption-attachment-55783\" style=\"width: 1280px\" class=\"wp-caption aligncenter\"><a href=\"https:\/\/www.porlalibreedomex.com\/wp-content\/uploads\/2022\/01\/Metepex-Mex.-en-historica-Sesionm-quedo-instalado-el-Cabildo-2022-2024-de-Metepec-que-preside-Fernando-Flores-Fernandez..jpeg\"><img loading=\"lazy\" decoding=\"async\" class=\"size-full wp-image-55783\" src=\"https:\/\/www.porlalibreedomex.com\/wp-content\/uploads\/2022\/01\/Metepex-Mex.-en-historica-Sesionm-quedo-instalado-el-Cabildo-2022-2024-de-Metepec-que-preside-Fernando-Flores-Fernandez..jpeg\" alt=\"\" width=\"1280\" height=\"853\" srcset=\"https:\/\/www.porlalibreedomex.com\/wp-content\/uploads\/2022\/01\/Metepex-Mex.-en-historica-Sesionm-quedo-instalado-el-Cabildo-2022-2024-de-Metepec-que-preside-Fernando-Flores-Fernandez..jpeg 1280w, https:\/\/www.porlalibreedomex.com\/wp-content\/uploads\/2022\/01\/Metepex-Mex.-en-historica-Sesionm-quedo-instalado-el-Cabildo-2022-2024-de-Metepec-que-preside-Fernando-Flores-Fernandez.-300x200.jpeg 300w, https:\/\/www.porlalibreedomex.com\/wp-content\/uploads\/2022\/01\/Metepex-Mex.-en-historica-Sesionm-quedo-instalado-el-Cabildo-2022-2024-de-Metepec-que-preside-Fernando-Flores-Fernandez.-1024x682.jpeg 1024w, https:\/\/www.porlalibreedomex.com\/wp-content\/uploads\/2022\/01\/Metepex-Mex.-en-historica-Sesionm-quedo-instalado-el-Cabildo-2022-2024-de-Metepec-que-preside-Fernando-Flores-Fernandez.-768x512.jpeg 768w\" sizes=\"auto, (max-width: 1280px) 100vw, 1280px\" \/><\/a><figcaption id=\"caption-attachment-55783\" class=\"wp-caption-text\">Metepex-Mex.-en-historica-Sesi\u00f3n-quedo-instalado-el-Cabildo-2022-2024-de-Metepec-que-preside-Fernando-Flores-Fern\u00e1ndez.<\/figcaption><\/figure>\n<p>El m\u00e1ximo \u00f3rgano de gobierno, integrado por el alcalde Fernando Flores Fern\u00e1ndez; la S\u00edndico municipal, Gabriela de Los \u00c1ngeles Jord\u00e1n Corona y los 9 regidores y regidoras, Everardo Padilla Camacho, Alejandra Garc\u00eda Bonfil, Rodrigo Flores Enr\u00edquez, Jaquelina Mar\u00edn Mar\u00edn, Rosendo Galeana Soberanis, Jesika Su\u00e1rez G\u00f3mez, \u00d3scar Alejandro Gonz\u00e1lez M\u00e1rquez, Ma. Virginia Pedraza Moreno y Luis Felipe Nemer Fern\u00e1ndez, corroboraron el cargo de las dependencias.<\/p>\n<p>Las \u00e1reas estar\u00e1n a cargo de: Secretar\u00eda del Ayuntamiento, Ernesto Nemer Monroy; Tesorer\u00eda, Enrique Alonso Pineda; Subdireccion de Catastro, Jes\u00fas Gonz\u00e1lez; Consejer\u00eda Jur\u00eddica, Francisco Jos\u00e9 Medina Ortega; Gobernaci\u00f3n, Luis Jorge L\u00f3pez Arenas; Desarrollo Econ\u00f3mico, Tur\u00edstico y Artesanal, Mar\u00eda Luisa Garc\u00eda Col\u00edn; Desarrollo Social, Elio Campiran Espinosa; Desarrollo Urbano y Metropolitano, Salma Gabriela Arce Carri\u00f3n;<br \/>\nSeguridad P\u00fablica y Tr\u00e1nsito Municipal, Jes\u00fas Alberto Ram\u00edrez Manzur; Cultura, Maritza Adriana Flores Monroy; Servicios P\u00fablicos, \u00c1ngel Rivera Casta\u00f1eda; Medio Ambiente, Elisa Mart\u00ednez Maldonado;<br \/>\nGobierno por Resultados, Jes\u00fas D\u00edaz Monteyano; Igualdad de G\u00e9nero, Esmeralda Isabel de Luna S\u00e1nchez; Educaci\u00f3n, Wblester Santiago Pineda; IMCUFIDEM, Eduardo Jaramillo Rodr\u00edguez; INJUVEM, Erick Becerril Tapia; OPDAPAS, Jos\u00e9 Agust\u00edn Alc\u00e1ntara Osorno y en la Direcci\u00f3n del DIF, Elisa Quijada Badillo. #CiudadanosGobernando.<\/p>\n","protected":false},"excerpt":{"rendered":"<p>\u00a0Rinden protesta titulares de \u00e1rea ante el alcalde. Pueblo M\u00e1gico de Metepec, M\u00e9xico, 1 de enero de 2022. Durante la primera sesi\u00f3n ordinaria de cabildo de Metepec, presidida por el alcalde Fernando Flores Fern\u00e1ndez, qued\u00f3 instalado el ayuntamiento 2022-2024 y con ello, el \u00f3rgano colegiado aprob\u00f3 por unanimidad la propuesta del edil para el nombramiento [&hellip;]<\/p>\n","protected":false},"author":3,"featured_media":55782,"comment_status":"open","ping_status":"open","sticky":false,"template":"","format":"standard","meta":{"footnotes":""},"categories":[16,9145],"tags":[25590,25589,25588],"class_list":{"0":"post-55781","1":"post","2":"type-post","3":"status-publish","4":"format-standard","5":"has-post-thumbnail","7":"category-foto","8":"category-general","9":"tag-es-tiempo-de-los-ciudadanos","10":"tag-fernando-flores-fernandez","11":"tag-instalado-el-ayuntamiento-de-metepec"},"wps_subtitle":"El Presidente Municipal Fernando Flores recalc\u00f3 que \"es tiempo de los ciudadanos\".","_links":{"self":[{"href":"https:\/\/www.porlalibreedomex.com\/index.php?rest_route=\/wp\/v2\/posts\/55781","targetHints":{"allow":["GET"]}}],"collection":[{"href":"https:\/\/www.porlalibreedomex.com\/index.php?rest_route=\/wp\/v2\/posts"}],"about":[{"href":"https:\/\/www.porlalibreedomex.com\/index.php?rest_route=\/wp\/v2\/types\/post"}],"author":[{"embeddable":true,"href":"https:\/\/www.porlalibreedomex.com\/index.php?rest_route=\/wp\/v2\/users\/3"}],"replies":[{"embeddable":true,"href":"https:\/\/www.porlalibreedomex.com\/index.php?rest_route=%2Fwp%2Fv2%2Fcomments&post=55781"}],"version-history":[{"count":1,"href":"https:\/\/www.porlalibreedomex.com\/index.php?rest_route=\/wp\/v2\/posts\/55781\/revisions"}],"predecessor-version":[{"id":55784,"href":"https:\/\/www.porlalibreedomex.com\/index.php?rest_route=\/wp\/v2\/posts\/55781\/revisions\/55784"}],"wp:featuredmedia":[{"embeddable":true,"href":"https:\/\/www.porlalibreedomex.com\/index.php?rest_route=\/wp\/v2\/media\/55782"}],"wp:attachment":[{"href":"https:\/\/www.porlalibreedomex.com\/index.php?rest_route=%2Fwp%2Fv2%2Fmedia&parent=55781"}],"wp:term":[{"taxonomy":"category","embeddable":true,"href":"https:\/\/www.porlalibreedomex.com\/index.php?rest_route=%2Fwp%2Fv2%2Fcategories&post=55781"},{"taxonomy":"post_tag","embeddable":true,"href":"https:\/\/www.porlalibreedomex.com\/index.php?rest_route=%2Fwp%2Fv2%2Ftags&post=55781"}],"curies":[{"name":"wp","href":"https:\/\/api.w.org\/{rel}","templated":true}]}}