{"id":55775,"date":"2022-01-01T00:55:45","date_gmt":"2022-01-01T06:55:45","guid":{"rendered":"https:\/\/www.porlalibreedomex.com\/?p=55775"},"modified":"2022-01-02T00:57:25","modified_gmt":"2022-01-02T06:57:25","slug":"metepec-inicia-gobierno-de-fernando-flores-con-cambio-de-mando-en-la-direccion-de-seguridad-publica-municipal","status":"publish","type":"post","link":"https:\/\/www.porlalibreedomex.com\/?p=55775","title":{"rendered":"METEPEC: INICIA GOBIERNO DE FERNANDO FLORES CON CAMBIO DE MANDO EN LA DIRECCI\u00d3N DE SEGURIDAD P\u00daBLICA MUNICIPAL"},"content":{"rendered":"<ul>\n<li><strong>\u00abNo habr\u00e1 m\u00e1s corrupci\u00f3n al interior de nuestro cuerpo de polic\u00eda; no m\u00e1s opacidad y abuso de autoridad.\u00bb<\/strong><\/li>\n<\/ul>\n<p><strong>Pueblo M\u00e1gico de Metepec, M\u00e9xico, 01 de enero de 2022.<\/strong> En punto de las ocho de la ma\u00f1ana de este s\u00e1bado, arranc\u00f3 actividades la nueva administraci\u00f3n municipal de Metepec a cargo Fernando Flores Fern\u00e1ndez; su primera acci\u00f3n fue \u00abEl Cambio de Mando de la Polic\u00eda de la Direcci\u00f3n de Seguridad P\u00fablica de Metepec\u00bb.<\/p>\n<p>Con la presencia del <strong>Secretario del Ayuntamiento, Ernesto Nemer Monroy y el Director de la Corporaci\u00f3n de la Polic\u00eda Municipal, Jes\u00fas Alberto Ram\u00edrez Manzur,<\/strong> Fernando Flores Fern\u00e1ndez, realiz\u00f3 el pase de lista de los elementos de la corporaci\u00f3n.<\/p>\n<figure id=\"attachment_55779\" aria-describedby=\"caption-attachment-55779\" style=\"width: 1280px\" class=\"wp-caption aligncenter\"><a href=\"https:\/\/www.porlalibreedomex.com\/wp-content\/uploads\/2022\/01\/Con-su-Golden-Retriever-al-Presidente-Municipal-encabezo-la-Revista-a-la-Policia-Municipal-de-Metepec.-2022-01-01.jpeg\"><img loading=\"lazy\" decoding=\"async\" class=\"size-full wp-image-55779\" src=\"https:\/\/www.porlalibreedomex.com\/wp-content\/uploads\/2022\/01\/Con-su-Golden-Retriever-al-Presidente-Municipal-encabezo-la-Revista-a-la-Policia-Municipal-de-Metepec.-2022-01-01.jpeg\" alt=\"\" width=\"1280\" height=\"853\" srcset=\"https:\/\/www.porlalibreedomex.com\/wp-content\/uploads\/2022\/01\/Con-su-Golden-Retriever-al-Presidente-Municipal-encabezo-la-Revista-a-la-Policia-Municipal-de-Metepec.-2022-01-01.jpeg 1280w, https:\/\/www.porlalibreedomex.com\/wp-content\/uploads\/2022\/01\/Con-su-Golden-Retriever-al-Presidente-Municipal-encabezo-la-Revista-a-la-Policia-Municipal-de-Metepec.-2022-01-01-300x200.jpeg 300w, https:\/\/www.porlalibreedomex.com\/wp-content\/uploads\/2022\/01\/Con-su-Golden-Retriever-al-Presidente-Municipal-encabezo-la-Revista-a-la-Policia-Municipal-de-Metepec.-2022-01-01-1024x682.jpeg 1024w, https:\/\/www.porlalibreedomex.com\/wp-content\/uploads\/2022\/01\/Con-su-Golden-Retriever-al-Presidente-Municipal-encabezo-la-Revista-a-la-Policia-Municipal-de-Metepec.-2022-01-01-768x512.jpeg 768w\" sizes=\"auto, (max-width: 1280px) 100vw, 1280px\" \/><\/a><figcaption id=\"caption-attachment-55779\" class=\"wp-caption-text\">Con-su-Golden-Retriever-el-Presidente-Municipal-encabezo-la-Revista-a-la-Policia-Municipal-de-Metepec.-2022-01-01<\/figcaption><\/figure>\n<p>En el mensaje oficial, el primer mandatario de esta demarcaci\u00f3n, reitero su compromiso con la ciudadan\u00eda, destacando que, ahora, existe una nueva historia de seguridad, lealtad, compromiso y responsabilidad para con nuestros vecinos de Metepec.<\/p>\n<p>\u00abTendremos herramientas necesarias para cumplir la labor policial, superaremos todos los obst\u00e1culos y su presidente municipal, caminar\u00e1 del lado de la corporaci\u00f3n para protegerlos con el mismo valor que ustedes lo har\u00e1n con la ciudadan\u00eda\u00bb .<\/p>\n<p>A\u00f1adi\u00f3 que \u00abvamos a hacer la mejor polic\u00eda del pa\u00eds, porque vamos a tener a los mejores elementos, no habr\u00e1 m\u00e1s corrupci\u00f3n al interior de nuestro cuerpo; no m\u00e1s opacidad y abuso de autoridad. La dignificaci\u00f3n de la polic\u00eda es a destacar y lo primero es hacer que su salario corresponda a su trabajo, esfuerzo y valor\u00bb.<\/p>\n<p>Asimismo, Fernando Flores, reiter\u00f3 que, \u00abtenemos un compromiso irrenunciable que yo asumo con ustedes: cuidar y proteger a Metepec. Ya comenzamos a escribir esta nueva historia de la que todos somos responsables para bien de nuestra tierra, su gente y los nuestros\u00bb.<\/p>\n<figure id=\"attachment_55777\" aria-describedby=\"caption-attachment-55777\" style=\"width: 1280px\" class=\"wp-caption aligncenter\"><a href=\"https:\/\/www.porlalibreedomex.com\/wp-content\/uploads\/2022\/01\/El-primer-acto-del-nuevo-alcalde-de-Metepec-el-cambio-del-Director-de-la-Policia-Municipal.-Asume-el-cargo-Jesus-Ramirez-Manzur.-2022-01-01.jpeg\"><img loading=\"lazy\" decoding=\"async\" class=\"size-full wp-image-55777\" src=\"https:\/\/www.porlalibreedomex.com\/wp-content\/uploads\/2022\/01\/El-primer-acto-del-nuevo-alcalde-de-Metepec-el-cambio-del-Director-de-la-Policia-Municipal.-Asume-el-cargo-Jesus-Ramirez-Manzur.-2022-01-01.jpeg\" alt=\"\" width=\"1280\" height=\"853\" srcset=\"https:\/\/www.porlalibreedomex.com\/wp-content\/uploads\/2022\/01\/El-primer-acto-del-nuevo-alcalde-de-Metepec-el-cambio-del-Director-de-la-Policia-Municipal.-Asume-el-cargo-Jesus-Ramirez-Manzur.-2022-01-01.jpeg 1280w, https:\/\/www.porlalibreedomex.com\/wp-content\/uploads\/2022\/01\/El-primer-acto-del-nuevo-alcalde-de-Metepec-el-cambio-del-Director-de-la-Policia-Municipal.-Asume-el-cargo-Jesus-Ramirez-Manzur.-2022-01-01-300x200.jpeg 300w, https:\/\/www.porlalibreedomex.com\/wp-content\/uploads\/2022\/01\/El-primer-acto-del-nuevo-alcalde-de-Metepec-el-cambio-del-Director-de-la-Policia-Municipal.-Asume-el-cargo-Jesus-Ramirez-Manzur.-2022-01-01-1024x682.jpeg 1024w, https:\/\/www.porlalibreedomex.com\/wp-content\/uploads\/2022\/01\/El-primer-acto-del-nuevo-alcalde-de-Metepec-el-cambio-del-Director-de-la-Policia-Municipal.-Asume-el-cargo-Jesus-Ramirez-Manzur.-2022-01-01-768x512.jpeg 768w\" sizes=\"auto, (max-width: 1280px) 100vw, 1280px\" \/><\/a><figcaption id=\"caption-attachment-55777\" class=\"wp-caption-text\">El-primer-acto-del-nuevo-alcalde-de-Metepec-fue el-cambio-del-Director-de-la-Policia-Municipal.-Asume-el-cargo-Jesus-Ramirez-Manzur<\/figcaption><\/figure>\n<p>Por su parte, Jes\u00fas Ram\u00edrez Manzur, resalt\u00f3 que el Presidente Municipal tiene una visi\u00f3n ciudadana, donde cree fervientemente que la Polic\u00eda Municipal debe caminar con todos y cada uno de los ciudadanos; esa ser\u00e1 nuestra encomienda, subray\u00f3.<\/p>\n<p>\u00abSi no transformamos la estrategia de seguridad y caminamos de la mano con los metepequenses, obtendremos distintos resultados\u00bb.<\/p>\n<p>El nuevo Comisionado acept\u00f3 el mando con fuerza y determinaci\u00f3n como se debe llevar a cabo la Seguridad P\u00fablica, agradeci\u00f3 la confianza del Presidente Municipal, del cabildo y de los ciudadanos, pero sobre todo de los compa\u00f1eros de Seguridad P\u00fablica.<\/p>\n<p><a href=\"https:\/\/www.porlalibreedomex.com\/wp-content\/uploads\/2022\/01\/El-Presidente-Municipal-Fernando-Flores-paso-revista-a-la-Policia-de-Metepec-que-incluye-el-agrupamiento-femenil.-2022-01-01.jpeg\"><img loading=\"lazy\" decoding=\"async\" class=\"aligncenter size-full wp-image-55778\" src=\"https:\/\/www.porlalibreedomex.com\/wp-content\/uploads\/2022\/01\/El-Presidente-Municipal-Fernando-Flores-paso-revista-a-la-Policia-de-Metepec-que-incluye-el-agrupamiento-femenil.-2022-01-01.jpeg\" alt=\"\" width=\"1280\" height=\"853\" srcset=\"https:\/\/www.porlalibreedomex.com\/wp-content\/uploads\/2022\/01\/El-Presidente-Municipal-Fernando-Flores-paso-revista-a-la-Policia-de-Metepec-que-incluye-el-agrupamiento-femenil.-2022-01-01.jpeg 1280w, https:\/\/www.porlalibreedomex.com\/wp-content\/uploads\/2022\/01\/El-Presidente-Municipal-Fernando-Flores-paso-revista-a-la-Policia-de-Metepec-que-incluye-el-agrupamiento-femenil.-2022-01-01-300x200.jpeg 300w, https:\/\/www.porlalibreedomex.com\/wp-content\/uploads\/2022\/01\/El-Presidente-Municipal-Fernando-Flores-paso-revista-a-la-Policia-de-Metepec-que-incluye-el-agrupamiento-femenil.-2022-01-01-1024x682.jpeg 1024w, https:\/\/www.porlalibreedomex.com\/wp-content\/uploads\/2022\/01\/El-Presidente-Municipal-Fernando-Flores-paso-revista-a-la-Policia-de-Metepec-que-incluye-el-agrupamiento-femenil.-2022-01-01-768x512.jpeg 768w\" sizes=\"auto, (max-width: 1280px) 100vw, 1280px\" \/><\/a><\/p>\n<p>En el acto fue presentado todo el cuerpo de seguridad con los protocolos correspondientes; Seguridad P\u00fablica, Banda de Guerra, Tr\u00e1nsito femenil, Agrupamiento de Motos, Vialidad, Unidad de apoyo al primer respondiente (UOPR), Grupo T\u00e1ctico, Inteligencia y Personal Administrativo.<br \/>\n#CiudadanosGobernando.<\/p>\n","protected":false},"excerpt":{"rendered":"<p>\u00abNo habr\u00e1 m\u00e1s corrupci\u00f3n al interior de nuestro cuerpo de polic\u00eda; no m\u00e1s opacidad y abuso de autoridad.\u00bb Pueblo M\u00e1gico de Metepec, M\u00e9xico, 01 de enero de 2022. En punto de las ocho de la ma\u00f1ana de este s\u00e1bado, arranc\u00f3 actividades la nueva administraci\u00f3n municipal de Metepec a cargo Fernando Flores Fern\u00e1ndez; su primera acci\u00f3n [&hellip;]<\/p>\n","protected":false},"author":3,"featured_media":55776,"comment_status":"open","ping_status":"open","sticky":false,"template":"","format":"standard","meta":{"footnotes":""},"categories":[9157,16,9149],"tags":[25587,25584,25585,25586],"class_list":{"0":"post-55775","1":"post","2":"type-post","3":"status-publish","4":"format-standard","5":"has-post-thumbnail","7":"category-edomex","8":"category-foto","9":"category-policiaca","10":"tag-alto-a-la-corrupcion-en-la-policia","11":"tag-cambian-jefe-de-policia-en-metepec","12":"tag-fernando-flores-nuevo-alcalde","13":"tag-nuevo-ayuntamiento-en-metepec"},"wps_subtitle":"A las ocho de la ma\u00f1ana de este s\u00e1bado, arranc\u00f3 actividades la nueva administraci\u00f3n municipal del Pueblo M\u00e1gico","_links":{"self":[{"href":"https:\/\/www.porlalibreedomex.com\/index.php?rest_route=\/wp\/v2\/posts\/55775","targetHints":{"allow":["GET"]}}],"collection":[{"href":"https:\/\/www.porlalibreedomex.com\/index.php?rest_route=\/wp\/v2\/posts"}],"about":[{"href":"https:\/\/www.porlalibreedomex.com\/index.php?rest_route=\/wp\/v2\/types\/post"}],"author":[{"embeddable":true,"href":"https:\/\/www.porlalibreedomex.com\/index.php?rest_route=\/wp\/v2\/users\/3"}],"replies":[{"embeddable":true,"href":"https:\/\/www.porlalibreedomex.com\/index.php?rest_route=%2Fwp%2Fv2%2Fcomments&post=55775"}],"version-history":[{"count":1,"href":"https:\/\/www.porlalibreedomex.com\/index.php?rest_route=\/wp\/v2\/posts\/55775\/revisions"}],"predecessor-version":[{"id":55780,"href":"https:\/\/www.porlalibreedomex.com\/index.php?rest_route=\/wp\/v2\/posts\/55775\/revisions\/55780"}],"wp:featuredmedia":[{"embeddable":true,"href":"https:\/\/www.porlalibreedomex.com\/index.php?rest_route=\/wp\/v2\/media\/55776"}],"wp:attachment":[{"href":"https:\/\/www.porlalibreedomex.com\/index.php?rest_route=%2Fwp%2Fv2%2Fmedia&parent=55775"}],"wp:term":[{"taxonomy":"category","embeddable":true,"href":"https:\/\/www.porlalibreedomex.com\/index.php?rest_route=%2Fwp%2Fv2%2Fcategories&post=55775"},{"taxonomy":"post_tag","embeddable":true,"href":"https:\/\/www.porlalibreedomex.com\/index.php?rest_route=%2Fwp%2Fv2%2Ftags&post=55775"}],"curies":[{"name":"wp","href":"https:\/\/api.w.org\/{rel}","templated":true}]}}