{"id":55634,"date":"2021-12-20T03:01:46","date_gmt":"2021-12-20T09:01:46","guid":{"rendered":"https:\/\/www.porlalibreedomex.com\/?p=55634"},"modified":"2021-12-21T03:02:28","modified_gmt":"2021-12-21T09:02:28","slug":"vinculacion-entre-empresas-gobierno-y-universidades-clave-para-el-desarrollo-cientifico-del-pais","status":"publish","type":"post","link":"https:\/\/www.porlalibreedomex.com\/?p=55634","title":{"rendered":"Vinculaci\u00f3n entre empresas, gobierno y universidades, clave para el desarrollo cient\u00edfico del pa\u00eds\u00a0"},"content":{"rendered":"<ul style=\"font-weight: 400;\">\n<li><strong><em>El rector de la UAEM, Carlos Eduardo Barrera D\u00edaz, particip\u00f3 en la ceremonia de entrega de convenios de asignaci\u00f3n de recursos del Programa para la Vinculaci\u00f3n de Empresas con Instituciones de Educaci\u00f3n Superior y Centros de Investigaci\u00f3n, promovido por el Comecyt.\u00a0\u00a0<\/em><\/strong><\/li>\n<\/ul>\n<p style=\"font-weight: 400;\"><strong>Toluca, M\u00e9xico,\u00a0 20 de diciembre de 2021.- <\/strong>La ciencia y la aplicaci\u00f3n tecnol\u00f3gica del conocimiento cient\u00edfico constituyen la piedra angular para satisfacer las necesidades de las sociedades de una manera sostenible, incluyente y justa, sostuvo el rector de la Universidad Aut\u00f3noma del Estado de M\u00e9xico (UAEM), Carlos Eduardo Barrera D\u00edaz.<\/p>\n<p style=\"font-weight: 400;\">\u00a0\u00a0\u00a0\u00a0\u00a0\u00a0\u00a0\u00a0\u00a0\u00a0\u00a0\u00a0Al participar en la ceremonia de entrega de convenios de asignaci\u00f3n de recursos del Programa para la Vinculaci\u00f3n de Empresas con Instituciones de Educaci\u00f3n Superior y Centros de Investigaci\u00f3n, promovido por el Consejo Mexiquense de Ciencia y Tecnolog\u00eda (Comecyt), precis\u00f3 que es fundamental asumir un compromiso interinstitucional con la innovaci\u00f3n, la sostenibilidad, la inclusi\u00f3n social de las empresas y la comunidad cient\u00edfica de la entidad.<\/p>\n<p><a href=\"https:\/\/www.porlalibreedomex.com\/wp-content\/uploads\/2021\/12\/Se-seleccionaron-los-12-proyectos-mejor-evaluados-y-con-mayor-viabilidad-para-concretar-sus-propuestas-de-innovacion-y-desarrollo-cientifico-explico-el-Rector.-scaled.jpg\"><img loading=\"lazy\" decoding=\"async\" class=\"aligncenter size-full wp-image-55636\" src=\"https:\/\/www.porlalibreedomex.com\/wp-content\/uploads\/2021\/12\/Se-seleccionaron-los-12-proyectos-mejor-evaluados-y-con-mayor-viabilidad-para-concretar-sus-propuestas-de-innovacion-y-desarrollo-cientifico-explico-el-Rector.-scaled.jpg\" alt=\"\" width=\"2560\" height=\"1536\" srcset=\"https:\/\/www.porlalibreedomex.com\/wp-content\/uploads\/2021\/12\/Se-seleccionaron-los-12-proyectos-mejor-evaluados-y-con-mayor-viabilidad-para-concretar-sus-propuestas-de-innovacion-y-desarrollo-cientifico-explico-el-Rector.-scaled.jpg 2560w, https:\/\/www.porlalibreedomex.com\/wp-content\/uploads\/2021\/12\/Se-seleccionaron-los-12-proyectos-mejor-evaluados-y-con-mayor-viabilidad-para-concretar-sus-propuestas-de-innovacion-y-desarrollo-cientifico-explico-el-Rector.-300x180.jpg 300w, https:\/\/www.porlalibreedomex.com\/wp-content\/uploads\/2021\/12\/Se-seleccionaron-los-12-proyectos-mejor-evaluados-y-con-mayor-viabilidad-para-concretar-sus-propuestas-de-innovacion-y-desarrollo-cientifico-explico-el-Rector.-1024x614.jpg 1024w, https:\/\/www.porlalibreedomex.com\/wp-content\/uploads\/2021\/12\/Se-seleccionaron-los-12-proyectos-mejor-evaluados-y-con-mayor-viabilidad-para-concretar-sus-propuestas-de-innovacion-y-desarrollo-cientifico-explico-el-Rector.-768x461.jpg 768w, https:\/\/www.porlalibreedomex.com\/wp-content\/uploads\/2021\/12\/Se-seleccionaron-los-12-proyectos-mejor-evaluados-y-con-mayor-viabilidad-para-concretar-sus-propuestas-de-innovacion-y-desarrollo-cientifico-explico-el-Rector.-1536x922.jpg 1536w, https:\/\/www.porlalibreedomex.com\/wp-content\/uploads\/2021\/12\/Se-seleccionaron-los-12-proyectos-mejor-evaluados-y-con-mayor-viabilidad-para-concretar-sus-propuestas-de-innovacion-y-desarrollo-cientifico-explico-el-Rector.-2048x1229.jpg 2048w\" sizes=\"auto, (max-width: 2560px) 100vw, 2560px\" \/><\/a><\/p>\n<p style=\"font-weight: 400;\">Las empresas con las que tendr\u00e1 v\u00ednculo la UAEM son Elite Reflex S.A. de C.V., donde se desarrollar\u00e1 una estructura pl\u00e1stica para absorber impactos vehiculares y reducir su fatalidad; Kanaje Exports, con la cual se trabajar\u00e1 en una plataforma digital para productores agr\u00edcolas y establecer informaci\u00f3n oportuna durante el proceso de producci\u00f3n.<\/p>\n<p style=\"font-weight: 400;\">La colaboraci\u00f3n con Traficiudad permitir\u00e1 desarrollar un paso peatonal y reductor de velocidad para la prevenci\u00f3n y disminuci\u00f3n de accidentes peatonales, as\u00ed como con Nutmen Environmental Services, donde se trabajar\u00e1 en el dise\u00f1o de un modelo para el tratamiento de agua contaminada.<\/p>\n<p style=\"font-weight: 400;\">En el Museo Galer\u00eda de Arte Mexiquense Torres Bicentenario y ante el secretario de Desarrollo Econ\u00f3mico del Gobierno del Estado de M\u00e9xico, Pablo Peralta Garc\u00eda, mencion\u00f3 que en este programa la UAEM generar\u00e1 v\u00ednculos con diversas empresas para implementar proyectos en beneficio de la poblaci\u00f3n mexiquense.<\/p>\n<p style=\"font-weight: 400;\">El programa \u201ctiene beneficios inmediatos en la formaci\u00f3n de recursos humanos altamente capacitados, el desarrollo tecnol\u00f3gico y la innovaci\u00f3n en las empresas, las cuales podr\u00e1n competir de mejor manera en los mercados\u201d.<\/p>\n<p style=\"font-weight: 400;\">En su oportunidad, el director del Comecyt, Bernardo Almaraz Calder\u00f3n, detall\u00f3 que en esta convocatoria se presentaron proyectos de innovaci\u00f3n y desarrollo tecnol\u00f3gico orientados a las tecnolog\u00edas de la informaci\u00f3n, manufactura, pl\u00e1sticos, desarrollo sustentable, qu\u00edmica, agroindustria, industria automotriz y farmac\u00e9utica.<\/p>\n<p style=\"font-weight: 400;\">Refiri\u00f3 que se seleccionaron los 12 proyectos mejor evaluados y con mayor viabilidad para concretar sus propuestas de innovaci\u00f3n y desarrollo cient\u00edfico. Enfatiz\u00f3 que son empresas establecidas en la entidad que crean empleos y que en su conjunto recibir\u00e1n un financiamiento por 18 millones de pesos.<\/p>\n<p style=\"font-weight: 400;\">Por su parte, la subsecretaria de Educaci\u00f3n Superior y Normal de la entidad, Maribel G\u00f3ngora Espinosa, afirm\u00f3 que la educaci\u00f3n superior contempor\u00e1nea no se puede concebir sin una permanente vinculaci\u00f3n con empresarios y con el servicio a la sociedad.<\/p>\n<p style=\"font-weight: 400;\">En M\u00e9xico, dijo, el desarrollo de la ciencia y la tecnolog\u00eda son un invaluable componente de la educaci\u00f3n superior, comprometida con el cumplimiento de las necesidades que tienen las empresas y de contar con profesionistas que den respuesta a las exigencias del mercado nacional e internacional.<\/p>\n<p style=\"font-weight: 400;\">En el marco de este evento se presentaron las convocatorias para la Beca Ciencia Edomex y al Premio Talento Edomex J\u00f3venes Cient\u00edficos, Cient\u00edficas e Investigadores 2022.<\/p>\n","protected":false},"excerpt":{"rendered":"<p>El rector de la UAEM, Carlos Eduardo Barrera D\u00edaz, particip\u00f3 en la ceremonia de entrega de convenios de asignaci\u00f3n de recursos del Programa para la Vinculaci\u00f3n de Empresas con Instituciones de Educaci\u00f3n Superior y Centros de Investigaci\u00f3n, promovido por el Comecyt.\u00a0\u00a0 Toluca, M\u00e9xico,\u00a0 20 de diciembre de 2021.- La ciencia y la aplicaci\u00f3n tecnol\u00f3gica del [&hellip;]<\/p>\n","protected":false},"author":3,"featured_media":55635,"comment_status":"open","ping_status":"open","sticky":false,"template":"","format":"standard","meta":{"footnotes":""},"categories":[9148,9874,16],"tags":[5392,23021,25525],"class_list":{"0":"post-55634","1":"post","2":"type-post","3":"status-publish","4":"format-standard","5":"has-post-thumbnail","7":"category-educacion","8":"category-festival-quimera-2017","9":"category-foto","10":"tag-comecyt","11":"tag-rector-carlos-barrera-diaz","12":"tag-uaem-vinculacion-empresas"},"wps_subtitle":"","_links":{"self":[{"href":"https:\/\/www.porlalibreedomex.com\/index.php?rest_route=\/wp\/v2\/posts\/55634","targetHints":{"allow":["GET"]}}],"collection":[{"href":"https:\/\/www.porlalibreedomex.com\/index.php?rest_route=\/wp\/v2\/posts"}],"about":[{"href":"https:\/\/www.porlalibreedomex.com\/index.php?rest_route=\/wp\/v2\/types\/post"}],"author":[{"embeddable":true,"href":"https:\/\/www.porlalibreedomex.com\/index.php?rest_route=\/wp\/v2\/users\/3"}],"replies":[{"embeddable":true,"href":"https:\/\/www.porlalibreedomex.com\/index.php?rest_route=%2Fwp%2Fv2%2Fcomments&post=55634"}],"version-history":[{"count":2,"href":"https:\/\/www.porlalibreedomex.com\/index.php?rest_route=\/wp\/v2\/posts\/55634\/revisions"}],"predecessor-version":[{"id":55638,"href":"https:\/\/www.porlalibreedomex.com\/index.php?rest_route=\/wp\/v2\/posts\/55634\/revisions\/55638"}],"wp:featuredmedia":[{"embeddable":true,"href":"https:\/\/www.porlalibreedomex.com\/index.php?rest_route=\/wp\/v2\/media\/55635"}],"wp:attachment":[{"href":"https:\/\/www.porlalibreedomex.com\/index.php?rest_route=%2Fwp%2Fv2%2Fmedia&parent=55634"}],"wp:term":[{"taxonomy":"category","embeddable":true,"href":"https:\/\/www.porlalibreedomex.com\/index.php?rest_route=%2Fwp%2Fv2%2Fcategories&post=55634"},{"taxonomy":"post_tag","embeddable":true,"href":"https:\/\/www.porlalibreedomex.com\/index.php?rest_route=%2Fwp%2Fv2%2Ftags&post=55634"}],"curies":[{"name":"wp","href":"https:\/\/api.w.org\/{rel}","templated":true}]}}