{"id":5532,"date":"2014-12-02T04:54:45","date_gmt":"2014-12-02T13:54:45","guid":{"rendered":"http:\/\/porlalibre.info\/?p=5532"},"modified":"2014-12-02T04:54:45","modified_gmt":"2014-12-02T13:54:45","slug":"invitacion-a-medios-mesa-de-trabajo-sobre-el-contexto-actual-del-sida-en-toluca","status":"publish","type":"post","link":"https:\/\/www.porlalibreedomex.com\/?p=5532","title":{"rendered":"INVITACI\u00d3N A MEDIOS: MESA DE TRABAJO SOBRE EL CONTEXTO ACTUAL DEL SIDA, EN TOLUCA"},"content":{"rendered":"<p>ATENTA INVITACI\u00d3N A MEDIOS<\/p>\n<p>&nbsp;<\/p>\n<p>Dentro del marco del D\u00eda mundial de la lucha contra el VIH<\/p>\n<p>Enmarcada en el Pilar de Gobierno Solidario<\/p>\n<p>A trav\u00e9s de la atenci\u00f3n a grupos en situaci\u00f3n de vulnerabilidad,<\/p>\n<p>&nbsp;<\/p>\n<p>La SECRETAR\u00cdA DEL TRABAJO DEL GEM realizar\u00e1 la<\/p>\n<p><strong>Mesa de trabajo sobre el contexto actual del VIH\/SIDA y<\/strong><\/p>\n<h2><strong>otras ITS en el Estado de M\u00e9xico<\/strong><\/h2>\n<h2><strong>A partir de las 9:00 Hs.<\/strong><\/h2>\n<p><strong>Lugar: <\/strong>\u00a0Sal\u00f3n de Plenos del SUTEYM,\u00a0calle Urawa 127<\/p>\n<p>Col. Salvador S\u00e1nchez Col\u00edn, Toluca Edo Mex.<\/p>\n<p><strong>CLAUSURA A LAS 13:00 HORAS EL SECRETARIO DEL TRABAJO<\/strong><\/p>\n<h2 style=\"text-align: center;\"><strong>LIC. JAVIER GARC\u00cdA BEJOS<\/strong><\/h2>\n<p>&nbsp;<\/p>\n<p>&nbsp;<\/p>\n<p>Las conclusiones alcanzadas en dichas Mesas de Trabajo se unificar\u00e1n en una publicaci\u00f3n, la cual ser\u00e1 entregada al Sr. Gobernador del\u00a0 Estado\u00a0 de M\u00e9xico, a todos los Titulares de las Instituciones de Gobierno del Estado y, ser\u00e1 de circulaci\u00f3n estatal y nacional.<\/p>\n<p>&nbsp;<\/p>\n","protected":false},"excerpt":{"rendered":"<p>ATENTA INVITACI\u00d3N A MEDIOS &nbsp; Dentro del marco del D\u00eda mundial de la lucha contra el VIH Enmarcada en el Pilar de Gobierno Solidario A trav\u00e9s de la atenci\u00f3n a grupos en situaci\u00f3n de vulnerabilidad, &nbsp; La SECRETAR\u00cdA DEL TRABAJO DEL GEM realizar\u00e1 la Mesa de trabajo sobre el contexto actual del VIH\/SIDA y otras [&hellip;]<\/p>\n","protected":false},"author":2,"featured_media":0,"comment_status":"open","ping_status":"open","sticky":false,"template":"","format":"standard","meta":{"footnotes":""},"categories":[53,1],"tags":[706,3563,3480,3564],"class_list":{"0":"post-5532","1":"post","2":"type-post","3":"status-publish","4":"format-standard","6":"category-agenda","7":"category-uncategorized","8":"tag-gem","9":"tag-mesa-de-trabajo","10":"tag-secretaria-del-trabajo","11":"tag-sidavhi"},"wps_subtitle":"","_links":{"self":[{"href":"https:\/\/www.porlalibreedomex.com\/index.php?rest_route=\/wp\/v2\/posts\/5532","targetHints":{"allow":["GET"]}}],"collection":[{"href":"https:\/\/www.porlalibreedomex.com\/index.php?rest_route=\/wp\/v2\/posts"}],"about":[{"href":"https:\/\/www.porlalibreedomex.com\/index.php?rest_route=\/wp\/v2\/types\/post"}],"author":[{"embeddable":true,"href":"https:\/\/www.porlalibreedomex.com\/index.php?rest_route=\/wp\/v2\/users\/2"}],"replies":[{"embeddable":true,"href":"https:\/\/www.porlalibreedomex.com\/index.php?rest_route=%2Fwp%2Fv2%2Fcomments&post=5532"}],"version-history":[{"count":0,"href":"https:\/\/www.porlalibreedomex.com\/index.php?rest_route=\/wp\/v2\/posts\/5532\/revisions"}],"wp:attachment":[{"href":"https:\/\/www.porlalibreedomex.com\/index.php?rest_route=%2Fwp%2Fv2%2Fmedia&parent=5532"}],"wp:term":[{"taxonomy":"category","embeddable":true,"href":"https:\/\/www.porlalibreedomex.com\/index.php?rest_route=%2Fwp%2Fv2%2Fcategories&post=5532"},{"taxonomy":"post_tag","embeddable":true,"href":"https:\/\/www.porlalibreedomex.com\/index.php?rest_route=%2Fwp%2Fv2%2Ftags&post=5532"}],"curies":[{"name":"wp","href":"https:\/\/api.w.org\/{rel}","templated":true}]}}