{"id":55119,"date":"2021-11-21T02:41:19","date_gmt":"2021-11-21T08:41:19","guid":{"rendered":"https:\/\/www.porlalibreedomex.com\/?p=55119"},"modified":"2021-11-22T02:43:56","modified_gmt":"2021-11-22T08:43:56","slug":"55119","status":"publish","type":"post","link":"https:\/\/www.porlalibreedomex.com\/?p=55119","title":{"rendered":"PRESENTA EL GOBIERNO DEL ESTADO DE M\u00c9XICO EL PRESUPUESTO PARA EL A\u00d1O 2022"},"content":{"rendered":"<div class=\"aju\">\n<div class=\"aCi\"><\/div>\n<\/div>\n<div class=\"gs\">\n<div class=\"\">\n<div id=\":qc\" tabindex=\"-1\"><\/div>\n<div id=\":py\" class=\"ii gt\">\n<div id=\":px\" class=\"a3s aiL \">\n<p><strong>Bettina Falc\u00f3n Valerdi \/<\/strong><\/p>\n<p><strong>Toluca,Estado de M\u00e9xico, 21 de noviembre de 2021.- La presidenta de la Legislatura local, diputada Ingrid Krasopani Schemelemnsky Castro (PAN) recibi\u00f3 el Paquete Fiscal 2022, que entreg\u00f3 este domingo el secretario de Finanzas del Gobierno del Estado, Rodrigo Jarque Lira, quien inform\u00f3 que el presupuesto de 326 mil 497 millones de pesos (mdp), representa un crecimiento en t\u00e9rminos reales de 3.9%, respecto al ejercicio fiscal 2021.<\/strong><\/p>\n<\/div>\n<div class=\"a3s aiL \">Como todos los a\u00f1os, el Paquete Fiscal 2022, se integra por los proyectos de iniciativa de la Ley de Ingresos de los Municipios, Ley de Ingresos y Presupuesto de Egresos del Gobierno estatal, as\u00ed como de las propuestas de reforma al C\u00f3digo Financiero del Estado de M\u00e9xico y Municipios.<br \/>\nAl inicio de su intervenci\u00f3n, Jarque Lira refiri\u00f3 el inter\u00e9s del gobernador, Alfredo del Mazo Maza en incrementar el presupuesto del sector Salud en cinco mil mdp, con el objetivo de garantizar atenci\u00f3n a la poblaci\u00f3n y proteger a m\u00e9dicos, enfermeras y al personal hospitalario ante la pandemia de Covid-19, que sigue afectando a la poblaci\u00f3n.<\/div>\n<div><a href=\"https:\/\/www.porlalibreedomex.com\/wp-content\/uploads\/2021\/11\/La-Presidenta-de-la-LXI-Legislatura-Ingrid-Shemelensky-fue-quien-recibio-el-presupuesto-presentado-por-el-GEM.-PHOTO-2021-11-21-15-44-35.jpg\"><img loading=\"lazy\" decoding=\"async\" class=\"aligncenter size-full wp-image-55121\" src=\"https:\/\/www.porlalibreedomex.com\/wp-content\/uploads\/2021\/11\/La-Presidenta-de-la-LXI-Legislatura-Ingrid-Shemelensky-fue-quien-recibio-el-presupuesto-presentado-por-el-GEM.-PHOTO-2021-11-21-15-44-35.jpg\" alt=\"\" width=\"1280\" height=\"853\" srcset=\"https:\/\/www.porlalibreedomex.com\/wp-content\/uploads\/2021\/11\/La-Presidenta-de-la-LXI-Legislatura-Ingrid-Shemelensky-fue-quien-recibio-el-presupuesto-presentado-por-el-GEM.-PHOTO-2021-11-21-15-44-35.jpg 1280w, https:\/\/www.porlalibreedomex.com\/wp-content\/uploads\/2021\/11\/La-Presidenta-de-la-LXI-Legislatura-Ingrid-Shemelensky-fue-quien-recibio-el-presupuesto-presentado-por-el-GEM.-PHOTO-2021-11-21-15-44-35-300x200.jpg 300w, https:\/\/www.porlalibreedomex.com\/wp-content\/uploads\/2021\/11\/La-Presidenta-de-la-LXI-Legislatura-Ingrid-Shemelensky-fue-quien-recibio-el-presupuesto-presentado-por-el-GEM.-PHOTO-2021-11-21-15-44-35-1024x682.jpg 1024w, https:\/\/www.porlalibreedomex.com\/wp-content\/uploads\/2021\/11\/La-Presidenta-de-la-LXI-Legislatura-Ingrid-Shemelensky-fue-quien-recibio-el-presupuesto-presentado-por-el-GEM.-PHOTO-2021-11-21-15-44-35-768x512.jpg 768w\" sizes=\"auto, (max-width: 1280px) 100vw, 1280px\" \/><\/a><\/div>\n<div class=\"a3s aiL \"><strong>Mencion\u00f3 el Secretario de Finanzas\u00a0 que con la finalidad de mantener un crecimiento econ\u00f3mico y aumentar el empleo, la propuesta es invertir m\u00e1s de seis mil 300 mdp en conjunto con el Gobierno federal, para fortalecer el Sistema Aeroportuario, la red de conectividad estatal y el transporte masivo.<\/strong><br \/>\n<strong>Adem\u00e1s se invertir\u00e1n mil 100 millones de pesos en obras estatales en los municipios para mejorar el sistema hidr\u00e1ulico y la obra p\u00fablica y se mantendr\u00e1n los beneficios fiscales en el Impuesto Sobre N\u00f3mina a empresas que contraten a trabajadores que perdieron su empleo durante la pandemia o a personas de los grupos \u00e9tnicos, y <\/strong>\u00a0para atender a la matr\u00edcula m\u00e1s grande del pa\u00eds, habr\u00e1 un incremento de 10% real al sector educativo.<br \/>\nAgreg\u00f3 que desde el inicio de la administraci\u00f3n el presupuesto para atender la seguidas p\u00fablica ha crecido casi ocho mil millones de pesos y que adem\u00e1s aumentar\u00e1 10% el eje transversal para la igualdad entre hombres y mujeres.<br \/>\nRespecto al eje transversal de las acciones anticorrupci\u00f3n se fortalecer\u00e1 con incremento presupuestal de mil 131 mdp y tambi\u00e9n coment\u00f3 que el Gobierno del Estado refrenda su vocaci\u00f3n municipalista a trav\u00e9s del Fondo Estatal de Fortalecimiento Municipal (FEFOM), \u00fanico en el pa\u00eds que apoya a los municipios con recursos estatales adicionales.<br \/>\nRespecto a la Ley de Ingresos mencion\u00f3 que en 2022 se recaudar\u00e1n 326 mil 497 mdp, que en t\u00e9rminos reales representa un crecimiento de 3.9% respecto al a\u00f1o anterior.<br \/>\nCon esta recaudaci\u00f3n se podr\u00e1 mantener una inversi\u00f3n de siete de cada 10 pesos para el gasto programable que se aplica en educaci\u00f3n, salud y combate a la pobreza, para mejorar el bienestar de los mexiquenses.<br \/>\nAl finalizar la exposici\u00f3n del titular de Finanzas, la diputada Schemelemnsky Castro asegur\u00f3 que en cuanto la Junta de Coordinaci\u00f3n Pol\u00edtica programe el proceso legislativo para analizar dicho Paquete Fiscal, la Legislatura cumplir\u00e1 con su an\u00e1lisis, discusi\u00f3n y aprobaci\u00f3n en tiempo y forma.<\/div>\n<\/div>\n<\/div>\n<\/div>\n","protected":false},"excerpt":{"rendered":"<p>Bettina Falc\u00f3n Valerdi \/ Toluca,Estado de M\u00e9xico, 21 de noviembre de 2021.- La presidenta de la Legislatura local, diputada Ingrid Krasopani Schemelemnsky Castro (PAN) recibi\u00f3 el Paquete Fiscal 2022, que entreg\u00f3 este domingo el secretario de Finanzas del Gobierno del Estado, Rodrigo Jarque Lira, quien inform\u00f3 que el presupuesto de 326 mil 497 millones de [&hellip;]<\/p>\n","protected":false},"author":3,"featured_media":55120,"comment_status":"open","ping_status":"open","sticky":false,"template":"","format":"standard","meta":{"footnotes":""},"categories":[9146,9157,16],"tags":[25316,25314,25317,25315,19924],"class_list":{"0":"post-55119","1":"post","2":"type-post","3":"status-publish","4":"format-standard","5":"has-post-thumbnail","7":"category-economia","8":"category-edomex","9":"category-foto","10":"tag-diputada-ingrid-crasopani-shemelensky","11":"tag-presentan-presupuesto-edomex-2022","12":"tag-presupuesto-de-326-mil-497-millones","13":"tag-secretario-de-finanzas-del-gem","14":"tag-srio-rodrigo-jarque-lira"},"wps_subtitle":"Crece en 3.94 por ciento en t\u00e9rminos reales, expres\u00f3 el Secretario de Finanzas, Rodrigo Jarque Lira.","_links":{"self":[{"href":"https:\/\/www.porlalibreedomex.com\/index.php?rest_route=\/wp\/v2\/posts\/55119","targetHints":{"allow":["GET"]}}],"collection":[{"href":"https:\/\/www.porlalibreedomex.com\/index.php?rest_route=\/wp\/v2\/posts"}],"about":[{"href":"https:\/\/www.porlalibreedomex.com\/index.php?rest_route=\/wp\/v2\/types\/post"}],"author":[{"embeddable":true,"href":"https:\/\/www.porlalibreedomex.com\/index.php?rest_route=\/wp\/v2\/users\/3"}],"replies":[{"embeddable":true,"href":"https:\/\/www.porlalibreedomex.com\/index.php?rest_route=%2Fwp%2Fv2%2Fcomments&post=55119"}],"version-history":[{"count":3,"href":"https:\/\/www.porlalibreedomex.com\/index.php?rest_route=\/wp\/v2\/posts\/55119\/revisions"}],"predecessor-version":[{"id":55124,"href":"https:\/\/www.porlalibreedomex.com\/index.php?rest_route=\/wp\/v2\/posts\/55119\/revisions\/55124"}],"wp:featuredmedia":[{"embeddable":true,"href":"https:\/\/www.porlalibreedomex.com\/index.php?rest_route=\/wp\/v2\/media\/55120"}],"wp:attachment":[{"href":"https:\/\/www.porlalibreedomex.com\/index.php?rest_route=%2Fwp%2Fv2%2Fmedia&parent=55119"}],"wp:term":[{"taxonomy":"category","embeddable":true,"href":"https:\/\/www.porlalibreedomex.com\/index.php?rest_route=%2Fwp%2Fv2%2Fcategories&post=55119"},{"taxonomy":"post_tag","embeddable":true,"href":"https:\/\/www.porlalibreedomex.com\/index.php?rest_route=%2Fwp%2Fv2%2Ftags&post=55119"}],"curies":[{"name":"wp","href":"https:\/\/api.w.org\/{rel}","templated":true}]}}