{"id":54716,"date":"2021-11-03T01:36:50","date_gmt":"2021-11-03T07:36:50","guid":{"rendered":"https:\/\/www.porlalibreedomex.com\/?p=54716"},"modified":"2021-11-05T04:14:18","modified_gmt":"2021-11-05T10:14:18","slug":"la-diputada-myriam-cardenas-rojas-pone-en-nmarcha-oficina-movil-de-atencion-ciudadana-en-el-distrito-45","status":"publish","type":"post","link":"https:\/\/www.porlalibreedomex.com\/?p=54716","title":{"rendered":"LA DIPUTADA MYRIAM C\u00c1RDENAS ROJAS, PONE EN NMARCHA OFICINA M\u00d3VIL DE ATENCI\u00d3N CIUDADANA EN EL DISTRITO 45"},"content":{"rendered":"<p>&nbsp;<\/p>\n<ul>\n<li><em><strong>El objetivo es atender a los ciudadanos de Almoloya de Ju\u00e1rez, Temoaya y Otzolotepec<\/strong><\/em><\/li>\n<\/ul>\n<p>&nbsp;<\/p>\n<p><strong>Bettina Falc\u00f3n Valerdi \/<\/strong><\/p>\n<p><strong>Almoloya de Ju\u00e1rez, Estado de M\u00e9xico, 3 de noviembre de 2021.-<\/strong> Con la finalidad de atender a sus electores de los tres municipios que integran el Distrito 45, la diputada local, Myriam C\u00e1rdenas Rojas, inaugur\u00f3 su oficina m\u00f3vil de atenci\u00f3n ciudadana, arropada por m\u00faltiples l\u00edderes sociales; ex presidentes municipales; s\u00edndicos y regidores en activo y de administraciones pasadas, as\u00ed como de integrantes del grupo parlamentario del PRI, encabezados por su coordinador, El\u00edas Rescala Jim\u00e9nez.<br \/>\nEn su intervenci\u00f3n, la diputada C\u00e1rdenas Rojas destac\u00f3 que los diputados del PRI, est\u00e1n demostrando c\u00f3mo se debe gobernar, \u201ccon capacidad y experiencia y, sobre todo, con cercan\u00eda hacia la gente\u201d y agreg\u00f3 que los priistas llegaron para trabajar con la sociedad porque \u201cla \u00fanica Bandera priista es luchar por las causas sociales\u201d<br \/>\nPosteriormente en el uso de la voz, el diputado Rescala Jim\u00e9nez, asegur\u00f3 que la presencia de varios diputados del PRI en esta inauguraci\u00f3n es una muestra de la uni\u00f3n qu\u00e9 hay entre los integrantes de esta bancada que tambi\u00e9n representa la que hay en torno al gobernador, Alfredo del Mazo Maza, \u201cporque somos la bancada del se\u00f1or gobernador y vamos a estar ah\u00ed para apoyar y respaldar cada una de las pol\u00edticas p\u00fablicas que emita el Poder Ejecutivo\u201d.<\/p>\n<p>Asimismo destac\u00f3 que tanto el presidente municipal electo de Almoloya de Ju\u00e1rez, Oscar S\u00e1nchez Garc\u00eda, como la diputada C\u00e1rdenas Rojas ganaron la elecci\u00f3n del pasado 6 de junio, \u201csolitos\u201d toda vez que este municipio y distrito no formaron parte de la coalici\u00f3n convenida con el PAN y el PRD, por eso le dijo al presidente electo que las promesas y compromisos que hizo durante su campa\u00f1a, lo son a su vez del Grupo Parlamentario del PRI con lo cual la ciudadan\u00eda de este municipio ser\u00e1 ampliamente respaldada.<br \/>\nEn breve entrevista posterior con la diputada C\u00e1rdenas Rojas anunci\u00f3 que la agenda de los recorridos que har\u00e1 por los municipios de Almoloya de Ju\u00e1rez, Otzolotepec y Temoaya para atender las necesidades de la poblaci\u00f3n los dar\u00e1 a conocer a trav\u00e9s de sus redes sociales en Facebook Miriam C\u00e1rdenas Rojas; Twitter @muriamcardenas e Instagram @myriamcardenasrijas.<br \/>\nAl finalizar el acto inaugural que estuvo amenizado con pirotecnia fabricada en Almoloya de Ju\u00e1rez, la clase pol\u00edtica e invitados especiales que asistieron al evento, se trasladaron al Sal\u00f3n de Fiestas Finca Don Goyo donde compartieron los alimentos del medio d\u00eda.<\/p>\n","protected":false},"excerpt":{"rendered":"<p>&nbsp; El objetivo es atender a los ciudadanos de Almoloya de Ju\u00e1rez, Temoaya y Otzolotepec &nbsp; Bettina Falc\u00f3n Valerdi \/ Almoloya de Ju\u00e1rez, Estado de M\u00e9xico, 3 de noviembre de 2021.- Con la finalidad de atender a sus electores de los tres municipios que integran el Distrito 45, la diputada local, Myriam C\u00e1rdenas Rojas, inaugur\u00f3 [&hellip;]<\/p>\n","protected":false},"author":3,"featured_media":54717,"comment_status":"open","ping_status":"open","sticky":false,"template":"","format":"standard","meta":{"footnotes":""},"categories":[53,9157,16],"tags":[1100,25121,25120,25122],"class_list":{"0":"post-54716","1":"post","2":"type-post","3":"status-publish","4":"format-standard","5":"has-post-thumbnail","7":"category-agenda","8":"category-edomex","9":"category-foto","10":"tag-almoloya-de-juarez","11":"tag-atencion-ciudadana-movil","12":"tag-dip-myriam-cardenas-rojas","13":"tag-distrito-local-45"},"wps_subtitle":"","_links":{"self":[{"href":"https:\/\/www.porlalibreedomex.com\/index.php?rest_route=\/wp\/v2\/posts\/54716","targetHints":{"allow":["GET"]}}],"collection":[{"href":"https:\/\/www.porlalibreedomex.com\/index.php?rest_route=\/wp\/v2\/posts"}],"about":[{"href":"https:\/\/www.porlalibreedomex.com\/index.php?rest_route=\/wp\/v2\/types\/post"}],"author":[{"embeddable":true,"href":"https:\/\/www.porlalibreedomex.com\/index.php?rest_route=\/wp\/v2\/users\/3"}],"replies":[{"embeddable":true,"href":"https:\/\/www.porlalibreedomex.com\/index.php?rest_route=%2Fwp%2Fv2%2Fcomments&post=54716"}],"version-history":[{"count":3,"href":"https:\/\/www.porlalibreedomex.com\/index.php?rest_route=\/wp\/v2\/posts\/54716\/revisions"}],"predecessor-version":[{"id":54737,"href":"https:\/\/www.porlalibreedomex.com\/index.php?rest_route=\/wp\/v2\/posts\/54716\/revisions\/54737"}],"wp:featuredmedia":[{"embeddable":true,"href":"https:\/\/www.porlalibreedomex.com\/index.php?rest_route=\/wp\/v2\/media\/54717"}],"wp:attachment":[{"href":"https:\/\/www.porlalibreedomex.com\/index.php?rest_route=%2Fwp%2Fv2%2Fmedia&parent=54716"}],"wp:term":[{"taxonomy":"category","embeddable":true,"href":"https:\/\/www.porlalibreedomex.com\/index.php?rest_route=%2Fwp%2Fv2%2Fcategories&post=54716"},{"taxonomy":"post_tag","embeddable":true,"href":"https:\/\/www.porlalibreedomex.com\/index.php?rest_route=%2Fwp%2Fv2%2Ftags&post=54716"}],"curies":[{"name":"wp","href":"https:\/\/api.w.org\/{rel}","templated":true}]}}