{"id":54713,"date":"2021-11-03T01:22:02","date_gmt":"2021-11-03T07:22:02","guid":{"rendered":"https:\/\/www.porlalibreedomex.com\/?p=54713"},"modified":"2021-11-04T01:22:32","modified_gmt":"2021-11-04T07:22:32","slug":"pri-prepara-propuesta-para-impulsar-una-cultura-que-erradique-la-violencia-de-genero","status":"publish","type":"post","link":"https:\/\/www.porlalibreedomex.com\/?p=54713","title":{"rendered":"PRI PREPARA PROPUESTA PARA IMPULSAR UNA CULTURA QUE ERRADIQUE LA VIOLENCIA DE G\u00c9NERO"},"content":{"rendered":"<p><strong>Bettina Falc\u00f3n Valerdi \/<\/strong><\/p>\n<p><strong>Almoloya de Ju\u00e1rez, Estado de M\u00e9xico, 3 de noviembre de 2021.-<\/strong> El l\u00edder del grupo parlamentario del PRI en la LXI Legislatura local, El\u00edas Rescala Jim\u00e9nez adelant\u00f3 que su bancada prepara una propuesta para combatir la violencia de g\u00e9nero desde su ra\u00edz, porque es necesario crear una cultura a partir de la educaci\u00f3n y la formaci\u00f3n, principalmente de los hombres.<br \/>\nEl legislador consider\u00f3 importante explicar que con el hecho de crear una ley, no forzosamente se termina el problema, esto porque hasta el momento existen 18 leyes -en su mayor\u00eda aprobadas a lo largo de la LX Legislatura-, que buscan inhibir la violencia principalmente en contra de la mujer, y como si no existieran la violencia dom\u00e9stica donde las v\u00edctimas son mujeres y los feminicidios, aumentan d\u00eda a d\u00eda.<br \/>\nAsegur\u00f3 que este tema para atacar este problema desde la ra\u00edz, le interesa mucho a los diputados priistas, de ah\u00ed que est\u00e9n trabajando pasa a trav\u00e9s de la educaci\u00f3n \u201chacer un cambio de chip, por as\u00ed decirlo\u201d, para que a trav\u00e9s de la educaci\u00f3n la cultura cambie en torno a la no violencia.<br \/>\nEste esfuerzo, dijo, incluir\u00e1 la revisi\u00f3n de todas las leyes que en la materia est\u00e9n vigentes, para perfeccionarlas y as\u00ed bajar la incidencia de violencia que por el momento no se ha podido abatir, finaliz\u00f3.<\/p>\n","protected":false},"excerpt":{"rendered":"<p>Bettina Falc\u00f3n Valerdi \/ Almoloya de Ju\u00e1rez, Estado de M\u00e9xico, 3 de noviembre de 2021.- El l\u00edder del grupo parlamentario del PRI en la LXI Legislatura local, El\u00edas Rescala Jim\u00e9nez adelant\u00f3 que su bancada prepara una propuesta para combatir la violencia de g\u00e9nero desde su ra\u00edz, porque es necesario crear una cultura a partir de [&hellip;]<\/p>\n","protected":false},"author":3,"featured_media":54714,"comment_status":"open","ping_status":"open","sticky":false,"template":"","format":"standard","meta":{"footnotes":""},"categories":[16,9145],"tags":[22592,25119,8044],"class_list":{"0":"post-54713","1":"post","2":"type-post","3":"status-publish","4":"format-standard","5":"has-post-thumbnail","7":"category-foto","8":"category-general","9":"tag-elias-rescala-jimenez","10":"tag-erradicar-violencia-de-genero","11":"tag-grupo-parlamentario-del-pri"},"wps_subtitle":"","_links":{"self":[{"href":"https:\/\/www.porlalibreedomex.com\/index.php?rest_route=\/wp\/v2\/posts\/54713","targetHints":{"allow":["GET"]}}],"collection":[{"href":"https:\/\/www.porlalibreedomex.com\/index.php?rest_route=\/wp\/v2\/posts"}],"about":[{"href":"https:\/\/www.porlalibreedomex.com\/index.php?rest_route=\/wp\/v2\/types\/post"}],"author":[{"embeddable":true,"href":"https:\/\/www.porlalibreedomex.com\/index.php?rest_route=\/wp\/v2\/users\/3"}],"replies":[{"embeddable":true,"href":"https:\/\/www.porlalibreedomex.com\/index.php?rest_route=%2Fwp%2Fv2%2Fcomments&post=54713"}],"version-history":[{"count":1,"href":"https:\/\/www.porlalibreedomex.com\/index.php?rest_route=\/wp\/v2\/posts\/54713\/revisions"}],"predecessor-version":[{"id":54715,"href":"https:\/\/www.porlalibreedomex.com\/index.php?rest_route=\/wp\/v2\/posts\/54713\/revisions\/54715"}],"wp:featuredmedia":[{"embeddable":true,"href":"https:\/\/www.porlalibreedomex.com\/index.php?rest_route=\/wp\/v2\/media\/54714"}],"wp:attachment":[{"href":"https:\/\/www.porlalibreedomex.com\/index.php?rest_route=%2Fwp%2Fv2%2Fmedia&parent=54713"}],"wp:term":[{"taxonomy":"category","embeddable":true,"href":"https:\/\/www.porlalibreedomex.com\/index.php?rest_route=%2Fwp%2Fv2%2Fcategories&post=54713"},{"taxonomy":"post_tag","embeddable":true,"href":"https:\/\/www.porlalibreedomex.com\/index.php?rest_route=%2Fwp%2Fv2%2Ftags&post=54713"}],"curies":[{"name":"wp","href":"https:\/\/api.w.org\/{rel}","templated":true}]}}