{"id":54709,"date":"2021-11-03T01:05:17","date_gmt":"2021-11-03T07:05:17","guid":{"rendered":"https:\/\/www.porlalibreedomex.com\/?p=54709"},"modified":"2021-11-04T01:06:30","modified_gmt":"2021-11-04T07:06:30","slug":"por-buen-camino-la-reactivacion-economica-del-estado-de-mexico","status":"publish","type":"post","link":"https:\/\/www.porlalibreedomex.com\/?p=54709","title":{"rendered":"POR BUEN CAMINO, LA REACTIVACI\u00d3N ECON\u00d3MICA DEL ESTADO DE M\u00c9XICO"},"content":{"rendered":"<ul>\n<li><em><strong>\u00a0Permite apertura gradual de empresas, la generaci\u00f3n de m\u00e1s de 65 mil empleos de agosto de 2020 a septiembre de 2021. <\/strong><\/em><\/li>\n<li><em><strong>La reapertura gradual de empresas ha permitido la generaci\u00f3n de m\u00e1s de 65 mil empleos de agosto de 2020 a septiembre de 2021; es decir, casi 7 mil empleos m\u00e1s de los que se perdieron de abril a junio del a\u00f1o pasado por la pandemia.<\/strong><\/em><\/li>\n<\/ul>\n<p><strong>Toluca, Estado de M\u00e9xico, 3 de noviembre de 2021.<\/strong> La reactivaci\u00f3n econ\u00f3mica del Estado de M\u00e9xico va por buen camino como resultado de las distintas acciones emprendidas por el Gobierno mexiquense, las cuales han permitido tener 47 anuncios de inversi\u00f3n por m\u00e1s de 131 mil millones de pesos, afirm\u00f3 el titular de la Secretar\u00eda de Desarrollo Econ\u00f3mico, Pablo Peralta.<\/p>\n<p>Al participar como invitado en la reuni\u00f3n que sostuvieron integrantes del Consejo Coordinador Empresarial Estado de M\u00e9xico (CCEM) y Diputados de la LXI Legislatura, indic\u00f3 que la llegada de inversiones a la entidad crear\u00e1 m\u00e1s de 207 mil empleos.<\/p>\n<p>Mencion\u00f3 que el proceso de reapertura gradual de empresas ha permitido la generaci\u00f3n de m\u00e1s de 65 mil empleos de agosto de 2020 a septiembre de 2021; es decir, casi 7 mil empleos m\u00e1s de los que se perdieron de abril a junio del a\u00f1o pasado por motivos de la pandemia.<\/p>\n<p><a href=\"https:\/\/www.porlalibreedomex.com\/wp-content\/uploads\/2021\/11\/Va-por-buen-camino-la-reactivacion-economica-del-Estado-de-Mexico-manifesto-el-Secretario-de-Desarrollo-Economico-Pablo-Peralta.-2021-11-03.jpeg\"><img loading=\"lazy\" decoding=\"async\" class=\"aligncenter size-full wp-image-54710\" src=\"https:\/\/www.porlalibreedomex.com\/wp-content\/uploads\/2021\/11\/Va-por-buen-camino-la-reactivacion-economica-del-Estado-de-Mexico-manifesto-el-Secretario-de-Desarrollo-Economico-Pablo-Peralta.-2021-11-03.jpeg\" alt=\"\" width=\"1280\" height=\"960\" srcset=\"https:\/\/www.porlalibreedomex.com\/wp-content\/uploads\/2021\/11\/Va-por-buen-camino-la-reactivacion-economica-del-Estado-de-Mexico-manifesto-el-Secretario-de-Desarrollo-Economico-Pablo-Peralta.-2021-11-03.jpeg 1280w, https:\/\/www.porlalibreedomex.com\/wp-content\/uploads\/2021\/11\/Va-por-buen-camino-la-reactivacion-economica-del-Estado-de-Mexico-manifesto-el-Secretario-de-Desarrollo-Economico-Pablo-Peralta.-2021-11-03-300x225.jpeg 300w, https:\/\/www.porlalibreedomex.com\/wp-content\/uploads\/2021\/11\/Va-por-buen-camino-la-reactivacion-economica-del-Estado-de-Mexico-manifesto-el-Secretario-de-Desarrollo-Economico-Pablo-Peralta.-2021-11-03-1024x768.jpeg 1024w, https:\/\/www.porlalibreedomex.com\/wp-content\/uploads\/2021\/11\/Va-por-buen-camino-la-reactivacion-economica-del-Estado-de-Mexico-manifesto-el-Secretario-de-Desarrollo-Economico-Pablo-Peralta.-2021-11-03-768x576.jpeg 768w\" sizes=\"auto, (max-width: 1280px) 100vw, 1280px\" \/><\/a><\/p>\n<p>Reconoci\u00f3 el apoyo del CCEM y de las organizaciones empresariales adheridas, para mantener una relaci\u00f3n abierta con el sector p\u00fablico, lo cual permite conocer las inquietudes de los diferentes sectores y contribuir juntos, en el fortalecimiento econ\u00f3mico.<\/p>\n<p>En este sentido, precis\u00f3 que las acciones coordinadas con los distintos sectores gubernamentales han permitido que el 81 por ciento de mexiquenses cuenten con ambas dosis de la vacuna, adem\u00e1s de mantener a la entidad en sem\u00e1foro verde desde el 18 de octubre.<\/p>\n<p>Frente a miembros de c\u00e1maras y asociaciones empresariales afiliadas al Consejo, precis\u00f3 que el Gobierno mexiquense redujo en un 70 por ciento los tr\u00e1mites y 30 por ciento de los requisitos vinculados con la Evaluaci\u00f3n del Impacto Estatal para agilizarlos y entregarlos como m\u00e1ximo en 42 d\u00edas h\u00e1biles.<\/p>\n<p>En la sesi\u00f3n del Consejo asegur\u00f3 que desde el Ejecutivo estatal se llevan a cabo acciones concretas que permitan fortalecer la reactivaci\u00f3n, captar mayores inversiones e incidir en la creaci\u00f3n de empleos en beneficio de todos los mexiquenses.<\/p>\n<p>Durante el encuentro organizado por el CCEM, los legisladores locales manifestaron su inter\u00e9s por trabajar de manera estrecha con los empresarios y contribuir en la reactivaci\u00f3n econ\u00f3mica.<\/p>\n","protected":false},"excerpt":{"rendered":"<p>\u00a0Permite apertura gradual de empresas, la generaci\u00f3n de m\u00e1s de 65 mil empleos de agosto de 2020 a septiembre de 2021. La reapertura gradual de empresas ha permitido la generaci\u00f3n de m\u00e1s de 65 mil empleos de agosto de 2020 a septiembre de 2021; es decir, casi 7 mil empleos m\u00e1s de los que se [&hellip;]<\/p>\n","protected":false},"author":3,"featured_media":54711,"comment_status":"open","ping_status":"open","sticky":false,"template":"","format":"standard","meta":{"footnotes":""},"categories":[9146,16,9145],"tags":[25118,22928,19823,15035],"class_list":{"0":"post-54709","1":"post","2":"type-post","3":"status-publish","4":"format-standard","5":"has-post-thumbnail","7":"category-economia","8":"category-foto","9":"category-general","10":"tag-47-anuncios-de-inversion","11":"tag-pablo-peralta-garcia","12":"tag-recuperacion-economica-edomex","13":"tag-secretario-de-desarrollo-economico"},"wps_subtitle":"Se han realizado  47 anuncios de inversi\u00f3n por m\u00e1s de 131 mil millones de pesos en la entidad.","_links":{"self":[{"href":"https:\/\/www.porlalibreedomex.com\/index.php?rest_route=\/wp\/v2\/posts\/54709","targetHints":{"allow":["GET"]}}],"collection":[{"href":"https:\/\/www.porlalibreedomex.com\/index.php?rest_route=\/wp\/v2\/posts"}],"about":[{"href":"https:\/\/www.porlalibreedomex.com\/index.php?rest_route=\/wp\/v2\/types\/post"}],"author":[{"embeddable":true,"href":"https:\/\/www.porlalibreedomex.com\/index.php?rest_route=\/wp\/v2\/users\/3"}],"replies":[{"embeddable":true,"href":"https:\/\/www.porlalibreedomex.com\/index.php?rest_route=%2Fwp%2Fv2%2Fcomments&post=54709"}],"version-history":[{"count":1,"href":"https:\/\/www.porlalibreedomex.com\/index.php?rest_route=\/wp\/v2\/posts\/54709\/revisions"}],"predecessor-version":[{"id":54712,"href":"https:\/\/www.porlalibreedomex.com\/index.php?rest_route=\/wp\/v2\/posts\/54709\/revisions\/54712"}],"wp:featuredmedia":[{"embeddable":true,"href":"https:\/\/www.porlalibreedomex.com\/index.php?rest_route=\/wp\/v2\/media\/54711"}],"wp:attachment":[{"href":"https:\/\/www.porlalibreedomex.com\/index.php?rest_route=%2Fwp%2Fv2%2Fmedia&parent=54709"}],"wp:term":[{"taxonomy":"category","embeddable":true,"href":"https:\/\/www.porlalibreedomex.com\/index.php?rest_route=%2Fwp%2Fv2%2Fcategories&post=54709"},{"taxonomy":"post_tag","embeddable":true,"href":"https:\/\/www.porlalibreedomex.com\/index.php?rest_route=%2Fwp%2Fv2%2Ftags&post=54709"}],"curies":[{"name":"wp","href":"https:\/\/api.w.org\/{rel}","templated":true}]}}