{"id":54704,"date":"2021-11-03T00:47:22","date_gmt":"2021-11-03T06:47:22","guid":{"rendered":"https:\/\/www.porlalibreedomex.com\/?p=54704"},"modified":"2021-11-04T00:48:19","modified_gmt":"2021-11-04T06:48:19","slug":"impulsaran-diputados-del-pri-agenda-legislativa-para-reactivacion-economica-de-edomex-dip-elias-rescala","status":"publish","type":"post","link":"https:\/\/www.porlalibreedomex.com\/?p=54704","title":{"rendered":"IMPULSAR\u00c1N DIPUTADOS DEL PRI AGENDA LEGISLATIVA PARA REACTIVACI\u00d3N ECON\u00d3MICA DE EDOM\u00c9X: DIP. EL\u00cdAS RESCALA"},"content":{"rendered":"<ul>\n<li><em><strong> Sostienen reuni\u00f3n con Consejo Coordinador Empresarial del Estado de M\u00e9xico.<\/strong><\/em><br \/>\n<em><strong>\u00a0<\/strong><\/em><\/li>\n<\/ul>\n<p><strong>Toluca, Estado de M\u00e9xico, 3 de noviembre de 2021.-<\/strong> Los diputados del PRI trabajaremos de la mano con los empresarios y seremos facilitadores del impulso y la reactivaci\u00f3n econ\u00f3mica del Estado de M\u00e9xico afirm\u00f3, El\u00edas Rescala, coordinador de la fracci\u00f3n parlamentaria del Revolucionario Institucional en la LXI legislatura local.<\/p>\n<p>Al sostener un encuentro con el Consejo Coordinador Empresarial del Estado de M\u00e9xico, El\u00edas Rescala sostuvo que a trav\u00e9s de un trabajo legislativo responsable e inclusivo, en el que se escuche y se trabaje con los empresarios, se impulsar\u00e1n iniciativas para fortalecer la econom\u00eda y la competitividad, y se podr\u00e1n crear empleos en beneficio de los mexiquenses.<\/p>\n<p>Acompa\u00f1ado por Laura Gonz\u00e1lez, presidenta del Consejo Coordinador Empresarial del Estado de M\u00e9xico, as\u00ed como del secretario de Desarrollo Econ\u00f3mico de la entidad, Pablo Peralta y del vicecoordinador de los diputados del PRI, Enrique Jacob Rocha, El\u00edas Rescala subray\u00f3 la importancia de mantener una comunicaci\u00f3n permanentemente con quienes son generadores de empleo.<\/p>\n<figure id=\"attachment_54707\" aria-describedby=\"caption-attachment-54707\" style=\"width: 1276px\" class=\"wp-caption aligncenter\"><a href=\"https:\/\/www.porlalibreedomex.com\/wp-content\/uploads\/2021\/11\/Cercania-y-objetivos-comunes-entre-los-diputados-priistas-mexiquenses-y-el-Consejo-Coordinador-Empresarial.-2021-11-03-e1636008191620.jpeg\"><img loading=\"lazy\" decoding=\"async\" class=\"size-full wp-image-54707\" src=\"https:\/\/www.porlalibreedomex.com\/wp-content\/uploads\/2021\/11\/Cercania-y-objetivos-comunes-entre-los-diputados-priistas-mexiquenses-y-el-Consejo-Coordinador-Empresarial.-2021-11-03-e1636008191620.jpeg\" alt=\"\" width=\"1276\" height=\"544\" srcset=\"https:\/\/www.porlalibreedomex.com\/wp-content\/uploads\/2021\/11\/Cercania-y-objetivos-comunes-entre-los-diputados-priistas-mexiquenses-y-el-Consejo-Coordinador-Empresarial.-2021-11-03-e1636008191620.jpeg 1276w, https:\/\/www.porlalibreedomex.com\/wp-content\/uploads\/2021\/11\/Cercania-y-objetivos-comunes-entre-los-diputados-priistas-mexiquenses-y-el-Consejo-Coordinador-Empresarial.-2021-11-03-e1636008191620-300x128.jpeg 300w, https:\/\/www.porlalibreedomex.com\/wp-content\/uploads\/2021\/11\/Cercania-y-objetivos-comunes-entre-los-diputados-priistas-mexiquenses-y-el-Consejo-Coordinador-Empresarial.-2021-11-03-e1636008191620-1024x437.jpeg 1024w, https:\/\/www.porlalibreedomex.com\/wp-content\/uploads\/2021\/11\/Cercania-y-objetivos-comunes-entre-los-diputados-priistas-mexiquenses-y-el-Consejo-Coordinador-Empresarial.-2021-11-03-e1636008191620-768x327.jpeg 768w\" sizes=\"auto, (max-width: 1276px) 100vw, 1276px\" \/><\/a><figcaption id=\"caption-attachment-54707\" class=\"wp-caption-text\">Cercan\u00eda y objetivos comunes entre los diputados priistas mexiquenses y el Consejo Coordinador Empresarial. 2021-11-03<\/figcaption><\/figure>\n<p>&nbsp;<\/p>\n<p>El coordinador de los diputados del PRI en el congreso mexiquense, reconoci\u00f3 el papel que los empresarios tuvieron durante la pandemia para mantener abiertas sus empresas, lo que permiti\u00f3 que muchas plazas mexiquenses mantuvieran sus empleos.<\/p>\n<p>Por ello, resalt\u00f3 que desde la C\u00e1mara de diputados, los legisladores del PRI trabajar\u00e1n para fortalecer la certeza jur\u00eddica de los empresarios, impulsando un desarrollo urbano responsable e impulsando un marco jur\u00eddico m\u00e1s fuerte, en temas de movilidad,\u00a0 impulso al turismo, seguridad y simplificaci\u00f3n administrativa.<\/p>\n<figure id=\"attachment_54706\" aria-describedby=\"caption-attachment-54706\" style=\"width: 1280px\" class=\"wp-caption aligncenter\"><a href=\"https:\/\/www.porlalibreedomex.com\/wp-content\/uploads\/2021\/11\/El-Diputado-Elias-Rescala-coordinador-de-la-bancada-priista-en-el-Congreso-Local-expreso-que-la-agenda-legislativa-impulsara-la-reactivacion-economica-del-Edomex.-2021-11-03.jpeg\"><img loading=\"lazy\" decoding=\"async\" class=\"size-full wp-image-54706\" src=\"https:\/\/www.porlalibreedomex.com\/wp-content\/uploads\/2021\/11\/El-Diputado-Elias-Rescala-coordinador-de-la-bancada-priista-en-el-Congreso-Local-expreso-que-la-agenda-legislativa-impulsara-la-reactivacion-economica-del-Edomex.-2021-11-03.jpeg\" alt=\"\" width=\"1280\" height=\"847\" srcset=\"https:\/\/www.porlalibreedomex.com\/wp-content\/uploads\/2021\/11\/El-Diputado-Elias-Rescala-coordinador-de-la-bancada-priista-en-el-Congreso-Local-expreso-que-la-agenda-legislativa-impulsara-la-reactivacion-economica-del-Edomex.-2021-11-03.jpeg 1280w, https:\/\/www.porlalibreedomex.com\/wp-content\/uploads\/2021\/11\/El-Diputado-Elias-Rescala-coordinador-de-la-bancada-priista-en-el-Congreso-Local-expreso-que-la-agenda-legislativa-impulsara-la-reactivacion-economica-del-Edomex.-2021-11-03-300x199.jpeg 300w, https:\/\/www.porlalibreedomex.com\/wp-content\/uploads\/2021\/11\/El-Diputado-Elias-Rescala-coordinador-de-la-bancada-priista-en-el-Congreso-Local-expreso-que-la-agenda-legislativa-impulsara-la-reactivacion-economica-del-Edomex.-2021-11-03-1024x678.jpeg 1024w, https:\/\/www.porlalibreedomex.com\/wp-content\/uploads\/2021\/11\/El-Diputado-Elias-Rescala-coordinador-de-la-bancada-priista-en-el-Congreso-Local-expreso-que-la-agenda-legislativa-impulsara-la-reactivacion-economica-del-Edomex.-2021-11-03-768x508.jpeg 768w\" sizes=\"auto, (max-width: 1280px) 100vw, 1280px\" \/><\/a><figcaption id=\"caption-attachment-54706\" class=\"wp-caption-text\">El Diputado El\u00edas Rescala, coordinador de la bancada priista en el Congreso Local, expres\u00f3 que la agenda legislativa impulsar\u00e1 la reactivaci\u00f3n econ\u00f3mica del Edom\u00e9x.<\/figcaption><\/figure>\n<p>&nbsp;<\/p>\n<p>\u00abHoy los diputados del PRI estamos saliendo a la calle, porque aunque sabemos que nuestra labor es fundamentalmente legislativa, no podemos olvidarnos que el diputado es un representante social, que debe estar cerca de la gente para conocer sus necesidades y ser los primeros gestores, \u00abpuntualiz\u00f3.<\/p>\n<p>Por su parte, el secretario de Desarrollo Econ\u00f3mico de la entidad, Pablo Peralta, se\u00f1al\u00f3 que la reactivaci\u00f3n econ\u00f3mica va por buen camino, gracias a las pol\u00edticas impulsadas por el gobernador Alfredo Del Mazo.<\/p>\n<p>Agreg\u00f3 que el Estado de M\u00e9xico ha impulsado acciones para reactivar la econom\u00eda y la llegada de m\u00e1s inversiones, prueba de ello, sostuvo es que 70 por ciento de los tr\u00e1mites se han agilizado y se han generado casi 7 mil empleos m\u00e1s de los que se perdieron durante la continencia.<\/p>\n<p>En su oportunidad la dirigente del CCEM, Laura Gonz\u00e1lez, reconoci\u00f3 la importancia de mantener estas reuniones que permiten que el sector empresarial se vincule en el \u00e1mbito p\u00fablico para la integraci\u00f3n de pol\u00edticas y acciones que generen e incentiven el desarrollo econ\u00f3mico.<\/p>\n<p>Adelant\u00f3 que la recuperaci\u00f3n econ\u00f3mica de la entidad tendr\u00e1 que basarse en una agenda de cooperaci\u00f3n, por lo que pidi\u00f3 que el sector empresarial pueda participar a trav\u00e9s del parlamento abierto en las mesas de an\u00e1lisis del paquete econ\u00f3mico y del presupuesto.<\/p>\n<p>Finalmente, Enrique Jacob Rocha, Vicecoordinador del grupo parlamentario del PRI destac\u00f3 la importancia de construir un puente de trabajo alrededor de temas que ayuden a fortalecer el tema de desarrollo econ\u00f3mico, estableciendo procesos que ayuden a que el marco jur\u00eddico garantice ese desarrollo.<\/p>\n","protected":false},"excerpt":{"rendered":"<p>Sostienen reuni\u00f3n con Consejo Coordinador Empresarial del Estado de M\u00e9xico. \u00a0 Toluca, Estado de M\u00e9xico, 3 de noviembre de 2021.- Los diputados del PRI trabajaremos de la mano con los empresarios y seremos facilitadores del impulso y la reactivaci\u00f3n econ\u00f3mica del Estado de M\u00e9xico afirm\u00f3, El\u00edas Rescala, coordinador de la fracci\u00f3n parlamentaria del Revolucionario Institucional [&hellip;]<\/p>\n","protected":false},"author":3,"featured_media":54705,"comment_status":"open","ping_status":"open","sticky":false,"template":"","format":"standard","meta":{"footnotes":""},"categories":[16,9150],"tags":[25115,25117,25116],"class_list":{"0":"post-54704","1":"post","2":"type-post","3":"status-publish","4":"format-standard","5":"has-post-thumbnail","7":"category-foto","8":"category-politica","9":"tag-agenda-legislativa-del-pri","10":"tag-dip-eliaz-rescala","11":"tag-impulsar-reactivacion-economica"},"wps_subtitle":"","_links":{"self":[{"href":"https:\/\/www.porlalibreedomex.com\/index.php?rest_route=\/wp\/v2\/posts\/54704","targetHints":{"allow":["GET"]}}],"collection":[{"href":"https:\/\/www.porlalibreedomex.com\/index.php?rest_route=\/wp\/v2\/posts"}],"about":[{"href":"https:\/\/www.porlalibreedomex.com\/index.php?rest_route=\/wp\/v2\/types\/post"}],"author":[{"embeddable":true,"href":"https:\/\/www.porlalibreedomex.com\/index.php?rest_route=\/wp\/v2\/users\/3"}],"replies":[{"embeddable":true,"href":"https:\/\/www.porlalibreedomex.com\/index.php?rest_route=%2Fwp%2Fv2%2Fcomments&post=54704"}],"version-history":[{"count":1,"href":"https:\/\/www.porlalibreedomex.com\/index.php?rest_route=\/wp\/v2\/posts\/54704\/revisions"}],"predecessor-version":[{"id":54708,"href":"https:\/\/www.porlalibreedomex.com\/index.php?rest_route=\/wp\/v2\/posts\/54704\/revisions\/54708"}],"wp:featuredmedia":[{"embeddable":true,"href":"https:\/\/www.porlalibreedomex.com\/index.php?rest_route=\/wp\/v2\/media\/54705"}],"wp:attachment":[{"href":"https:\/\/www.porlalibreedomex.com\/index.php?rest_route=%2Fwp%2Fv2%2Fmedia&parent=54704"}],"wp:term":[{"taxonomy":"category","embeddable":true,"href":"https:\/\/www.porlalibreedomex.com\/index.php?rest_route=%2Fwp%2Fv2%2Fcategories&post=54704"},{"taxonomy":"post_tag","embeddable":true,"href":"https:\/\/www.porlalibreedomex.com\/index.php?rest_route=%2Fwp%2Fv2%2Ftags&post=54704"}],"curies":[{"name":"wp","href":"https:\/\/api.w.org\/{rel}","templated":true}]}}